{"id":181821,"date":"2026-01-16T16:21:23","date_gmt":"2026-01-16T16:21:23","guid":{"rendered":"https:\/\/cordobabeat.com\/?p=13674"},"modified":"2026-01-16T16:21:23","modified_gmt":"2026-01-16T16:21:23","slug":"dj-dero-protagoniza-un-sunset-electronico-en-mina-clavero","status":"publish","type":"post","link":"http:\/\/cordobainforma.info\/index.php\/2026\/01\/16\/dj-dero-protagoniza-un-sunset-electronico-en-mina-clavero\/","title":{"rendered":"DJ Dero protagoniza un sunset electr\u00f3nico en Mina Clavero"},"content":{"rendered":"<div><img src=\"http:\/\/cordobainforma.info\/wp-content\/uploads\/2026\/01\/dj-dero-protagoniza-un-sunset-electronico-en-mina-clavero.jpg\" class=\"ff-og-image-inserted\"><\/div>\n<h3 data-start=\"1620\" data-end=\"1642\">Artistas en escena<\/h3>\n<p data-start=\"1644\" data-end=\"1976\"><strong data-start=\"1644\" data-end=\"1662\">Mar\u00eda Falivene<\/strong>, DJ y productora de eventos nacida en Mina Clavero, ser\u00e1 la encargada de abrir la jornada. Con una fuerte presencia territorial en Traslasierra, es impulsora de los sunsets electr\u00f3nicos en distintos puntos de la ciudad, y presentar\u00e1 un set pensado para acompa\u00f1ar el atardecer y marcar el pulso inicial del evento.<\/p>\n<p data-start=\"1978\" data-end=\"2282\"><strong data-start=\"1978\" data-end=\"1988\">Handle<\/strong>, productora y DJ del g\u00e9nero<span>&nbsp;<\/span><strong data-start=\"2017\" data-end=\"2031\">Afro House<\/strong>, tambi\u00e9n oriunda de Mina Clavero y actualmente radicada en M\u00e9xico, atraviesa un momento de expansi\u00f3n internacional. Con presentaciones en distintos pa\u00edses de Latinoam\u00e9rica y producciones propias, aporta una impronta global y contempor\u00e1nea a la fecha.<\/p>\n<p data-start=\"2284\" data-end=\"2561\"><strong data-start=\"2284\" data-end=\"2302\">Marce del Boca<\/strong>, DJ de extensa trayectoria en C\u00f3rdoba Capital, es uno de los referentes indiscutidos de la escena electr\u00f3nica cordobesa y nacional. Su participaci\u00f3n representa un puente entre generaciones y escenas, y ser\u00e1 el encargado de preparar el clima previo al cierre.<\/p>\n<p data-start=\"2563\" data-end=\"2990\">El cierre de la noche estar\u00e1 a cargo de<span>&nbsp;<\/span><strong data-start=\"2603\" data-end=\"2614\">DJ Dero<\/strong>, figura clave y pionero de la m\u00fasica electr\u00f3nica en Argentina y Latinoam\u00e9rica. Con una carrera iniciada en los a\u00f1os 90, particip\u00f3 en m\u00faltiples ediciones del<span>&nbsp;<\/span><strong data-start=\"2772\" data-end=\"2797\">Love Parade de Berl\u00edn<\/strong>, tocando ante millones de personas, y recibi\u00f3 el reconocimiento de referentes internacionales como<span>&nbsp;<\/span><strong data-start=\"2897\" data-end=\"2909\">Carl Cox<\/strong>. Su set marcar\u00e1 un momento hist\u00f3rico para la escena electr\u00f3nica en Mina Clavero.<\/p>\n","protected":false},"excerpt":{"rendered":"<p>Artistas en escena Mar\u00eda Falivene, DJ y productora de eventos nacida en Mina Clavero, ser\u00e1 la encargada de abrir la jornada. Con una fuerte presencia territorial en Traslasierra, es impulsora de los sunsets electr\u00f3nicos en distintos puntos de la ciudad, y presentar\u00e1 un set pensado para acompa\u00f1ar el atardecer y marcar el pulso inicial del [&hellip;]<\/p>\n","protected":false},"author":1,"featured_media":181822,"comment_status":"closed","ping_status":"closed","sticky":false,"template":"","format":"standard","meta":[],"categories":[24],"tags":[],"_links":{"self":[{"href":"http:\/\/cordobainforma.info\/index.php\/wp-json\/wp\/v2\/posts\/181821"}],"collection":[{"href":"http:\/\/cordobainforma.info\/index.php\/wp-json\/wp\/v2\/posts"}],"about":[{"href":"http:\/\/cordobainforma.info\/index.php\/wp-json\/wp\/v2\/types\/post"}],"author":[{"embeddable":true,"href":"http:\/\/cordobainforma.info\/index.php\/wp-json\/wp\/v2\/users\/1"}],"replies":[{"embeddable":true,"href":"http:\/\/cordobainforma.info\/index.php\/wp-json\/wp\/v2\/comments?post=181821"}],"version-history":[{"count":0,"href":"http:\/\/cordobainforma.info\/index.php\/wp-json\/wp\/v2\/posts\/181821\/revisions"}],"wp:featuredmedia":[{"embeddable":true,"href":"http:\/\/cordobainforma.info\/index.php\/wp-json\/wp\/v2\/media\/181822"}],"wp:attachment":[{"href":"http:\/\/cordobainforma.info\/index.php\/wp-json\/wp\/v2\/media?parent=181821"}],"wp:term":[{"taxonomy":"category","embeddable":true,"href":"http:\/\/cordobainforma.info\/index.php\/wp-json\/wp\/v2\/categories?post=181821"},{"taxonomy":"post_tag","embeddable":true,"href":"http:\/\/cordobainforma.info\/index.php\/wp-json\/wp\/v2\/tags?post=181821"}],"curies":[{"name":"wp","href":"https:\/\/api.w.org\/{rel}","templated":true}]}}