{"id":181817,"date":"2026-01-16T18:20:41","date_gmt":"2026-01-16T18:20:41","guid":{"rendered":"https:\/\/www.clarin.com\/deportes\/primer-paso-ley-wenger-medida-polemica-premier-league-offside_0_tXFad8RdiD.html"},"modified":"2026-01-16T18:20:41","modified_gmt":"2026-01-16T18:20:41","slug":"el-primer-paso-hacia-la-ley-wenger-la-medida-polemica-de-la-premier-league-con-el-offside","status":"publish","type":"post","link":"http:\/\/cordobainforma.info\/index.php\/2026\/01\/16\/el-primer-paso-hacia-la-ley-wenger-la-medida-polemica-de-la-premier-league-con-el-offside\/","title":{"rendered":"\u00bfEl primer paso hacia la \u201cLey Wenger\u201d?: la medida pol\u00e9mica de la Premier League con el offside"},"content":{"rendered":"<p><img src=\"http:\/\/cordobainforma.info\/wp-content\/uploads\/2026\/01\/el-primer-paso-hacia-la-ley-wenger-la-medida-polemica-de-la-premier-league-con-el-offside.jpg\"><\/p>\n<div><img src=\"http:\/\/cordobainforma.info\/wp-content\/uploads\/2026\/01\/el-primer-paso-hacia-la-ley-wenger-la-medida-polemica-de-la-premier-league-con-el-offside-2.jpg\" class=\"ff-og-image-inserted\"><\/div>\n<div id=\"element-body-0\" readability=\"61\">\n<p>Desde hace ya bastante tiempo la FIFA viene implementando cambios en el reglamento -como la incorporaci\u00f3n del VAR y el offside semiautom\u00e1tico (SAOT)- para <strong><em>&#8216;hacer m\u00e1s justo el f\u00fatbol&#8217;<\/em><\/strong> y el tema del fuera de juego siempre es uno de los debates centrales. Mientras la implementaci\u00f3n de la famosa<strong><em> &#8216;Ley Wenger&#8217;<\/em><\/strong> parece estar m\u00e1s cerca, en la Premier tomaron una sorpresiva medida respecto del offside.<\/p>\n<\/div>\n<div id=\"element-body-1\" readability=\"61\">\n<p>La pol\u00e9mica en la liga inglesa se encendi\u00f3 en los primeros d\u00edas del a\u00f1o, durante el partido que enfrent\u00f3 al <strong>Liverpool<\/strong> de <strong>Alexis Mac Allister<\/strong> contra el Fulham. Aquella jornada de <em>football<\/em> en Craven Cottage brind\u00f3 un espectacular 2 a 2 con dos tantos sobre la hora; pero las luces -y sombras- se las llev\u00f3 el primer tanto de los <strong><em>Reds<\/em><\/strong>.<\/p>\n<\/div>\n<div id=\"element-body-2\" readability=\"63\">\n<p><strong>Florian Wirtz<\/strong> empataba el tanteador para el equipo de Anfield y lo hac\u00eda con mucha controversia: la imagen oficial del SAOT daba al alem\u00e1n en posici\u00f3n correcta, pero el video &#8216;crudo&#8217; evidenciaba un nimio fuera de juego. Las redes estallaron r\u00e1pidamente en acusaciones y cr\u00edticas, que se exacerbaron luego de que la liga diera la decisi\u00f3n como correcta. Pero, \u00bfqu\u00e9 pas\u00f3?<\/p>\n<\/div>\n<div id=\"element-body-4\" readability=\"62\">\n<p>Este simple gol por la vig\u00e9sima jornada de la liga del le\u00f3n termin\u00f3 siendo el disparador para revelar la in\u00e9dita medida que tomaron los ingleses respecto del offside. <strong>Con la intenci\u00f3n de darle la ventaja a los atacantes, la PL da un margen de 5 cent\u00edmetros al ampliar en ese valor las l\u00edneas de detecci\u00f3n del SAOT<\/strong>: as\u00ed, se dan por v\u00e1lidos goles que en el resto del mundo no ser\u00edan permitidos.<\/p>\n<\/div>\n<div id=\"element-body-5\" readability=\"63\">\n<p>La BBC, principal medio p\u00fablico de comunicaci\u00f3n en Inglaterra, comparti\u00f3 declaraciones de la directiva arbitral confirmando esto: <strong><em>\u00abLa intervenci\u00f3n del VAR para conceder el gol se consider\u00f3 correcta, dado el estrecho margen del fuera de juego y las l\u00edneas de fuera de juego m\u00e1s gruesas utilizadas para estas decisiones incre\u00edblemente ajustadas\u00bb.<\/em><\/strong><\/p>\n<\/div>\n<div id=\"element-body-6\" readability=\"60\">\n<p>La norma propuesta por el m\u00edtico <strong>Arsene Wenger<\/strong> -ex DT y hoy Jefe de Desarrollo Global del F\u00fatbol en FIFA- ya es parte del conocimiento popular de f\u00fatbol. El franc\u00e9s hab\u00eda propuesto reinventar el fuera de juego e &#8216;invertirlo&#8217;: su idea era que un jugador est\u00e9 en posici\u00f3n adelantada solamente en caso de que todo su cuerpo supere al del ante\u00faltimo hombre rival.<\/p>\n<\/div>\n<div id=\"element-body-7\" readability=\"63\">\n<p>Y si bien es una modificaci\u00f3n que lleva bastante tiempo circulando -con sus detractores y partidarios-, parece estar cerca de ser realidad. <strong>\u00abQuiz\u00e1s en el futuro (el atacante) tenga que estar completamente por delante para estar fuera de juego\u00bb<\/strong>, coment\u00f3 <strong>Gianni Infantino<\/strong> sobre el cierre del 2025, dejando ver que el proyecto de <em>Le Professeur<\/em> ya navega los mares de an\u00e1lisis; \u00bfllegar\u00e1 a buen puerto?<\/p>\n<\/div>\n","protected":false},"excerpt":{"rendered":"<p>Desde hace ya bastante tiempo la FIFA viene implementando cambios en el reglamento -como la incorporaci\u00f3n del VAR y el offside semiautom\u00e1tico (SAOT)- para &#8216;hacer m\u00e1s justo el f\u00fatbol&#8217; y el tema del fuera de juego siempre es uno de los debates centrales. Mientras la implementaci\u00f3n de la famosa &#8216;Ley Wenger&#8217; parece estar m\u00e1s cerca, [&hellip;]<\/p>\n","protected":false},"author":1,"featured_media":181818,"comment_status":"closed","ping_status":"closed","sticky":false,"template":"","format":"standard","meta":[],"categories":[20],"tags":[],"_links":{"self":[{"href":"http:\/\/cordobainforma.info\/index.php\/wp-json\/wp\/v2\/posts\/181817"}],"collection":[{"href":"http:\/\/cordobainforma.info\/index.php\/wp-json\/wp\/v2\/posts"}],"about":[{"href":"http:\/\/cordobainforma.info\/index.php\/wp-json\/wp\/v2\/types\/post"}],"author":[{"embeddable":true,"href":"http:\/\/cordobainforma.info\/index.php\/wp-json\/wp\/v2\/users\/1"}],"replies":[{"embeddable":true,"href":"http:\/\/cordobainforma.info\/index.php\/wp-json\/wp\/v2\/comments?post=181817"}],"version-history":[{"count":0,"href":"http:\/\/cordobainforma.info\/index.php\/wp-json\/wp\/v2\/posts\/181817\/revisions"}],"wp:featuredmedia":[{"embeddable":true,"href":"http:\/\/cordobainforma.info\/index.php\/wp-json\/wp\/v2\/media\/181818"}],"wp:attachment":[{"href":"http:\/\/cordobainforma.info\/index.php\/wp-json\/wp\/v2\/media?parent=181817"}],"wp:term":[{"taxonomy":"category","embeddable":true,"href":"http:\/\/cordobainforma.info\/index.php\/wp-json\/wp\/v2\/categories?post=181817"},{"taxonomy":"post_tag","embeddable":true,"href":"http:\/\/cordobainforma.info\/index.php\/wp-json\/wp\/v2\/tags?post=181817"}],"curies":[{"name":"wp","href":"https:\/\/api.w.org\/{rel}","templated":true}]}}