{"id":176556,"date":"2025-12-02T07:15:22","date_gmt":"2025-12-02T07:15:22","guid":{"rendered":"https:\/\/www.mujerhoy.com\/vivir\/decoracion\/vajillas-baratas-baratas-mesas-navidad-primark-home-20251202134147-nt.html"},"modified":"2025-12-02T07:15:22","modified_gmt":"2025-12-02T07:15:22","slug":"las-vajillas-baratisimas-de-primark-home-son-las-mejores-para-decorar-tus-mesas-de-navidad","status":"publish","type":"post","link":"http:\/\/cordobainforma.info\/index.php\/2025\/12\/02\/las-vajillas-baratisimas-de-primark-home-son-las-mejores-para-decorar-tus-mesas-de-navidad\/","title":{"rendered":"Las vajillas barat\u00edsimas de Primark Home son las mejores para decorar tus mesas de Navidad"},"content":{"rendered":"<div class=\"media_block\"><\/div>\n<p><!-- AUTHOR --><\/p>\n<div class=\"voc-author-timesocial \">\n<!-- AUTHOR --><\/p>\n<div class=\"voc-author-timesocial__signature \">\n<!-- IMAGE AUTHOR -->\n<picture class=\"voc-image-signature\">\n<img class=\"voc-image-signature__img\" src=\"http:\/\/cordobainforma.info\/wp-content\/uploads\/2025\/12\/las-vajillas-baratisimas-de-primark-home-son-las-mejores-para-decorar-tus-mesas-de-navidad.jpg\" alt=\"Ana Calvo\">\n<\/picture>\n<!-- INFO AUTHOR --><\/p>\n<div class=\"voc-author-timesocial__info\" data-mrf-recirculation=\"Autor\">\n<div class=\"voc-author-info\">\n<author><br \/>\n<a class=\"voc-author\" href=\"https:\/\/www.mujerhoy.com\/autor\/ana-calvo-1186.html\">Ana Calvo<\/a><br \/>\n<\/author><br \/>\n<!-- TIME --><br \/>\n<time datetime=\"2025-12-02T07:15:22Z\" data-timestamp><br \/>\nPublicado \u00b7 <span data-voc-date-modified-short> 2 de diciembre de 2025, 08:15 h <\/span><br \/>\n<\/time>\n<\/div>\n<\/div>\n<\/div><\/div>\n<p><!-- COMPONENTS --><\/p>\n<p class=\"voc-paragraph\">Hace unos d\u00edas os contaba en la Newsletter de Mujerhoy (si no est\u00e1is suscritas, no s\u00e9 a qu\u00e9 esper\u00e1is a hacerlo desde nuestra portada) que cada a\u00f1o la Navidad se adelanta m\u00e1s en mi casa. Reconozco que <a href=\"https:\/\/www.mujerhoy.com\/vivir\/decoracion\/montar-arbol-navidad-puente-diciembre-error-razones-20251129155855-nt.html\" title=\"www.mujerhoy.com\" data-voc-vtm-id=\"in-text-traffic\" data-mrf-link=\"www.mujerhoy.com\">ya no espero al Puente de Diciembre<\/a> para decorarlo todo y desde hace ya semanas estoy pensando en los men\u00fas y en <strong>las vajillas<\/strong> y dem\u00e1s menaje con los que decorar\u00e9 <a href=\"https:\/\/www.mujerhoy.com\/vivir\/decoracion\/trucos-decoracion-mesas-bonitas-ideas-tendencias-consejos-como-combinar-vajillas-diferentes-20211222095506-nt.html\" title=\"www.mujerhoy.com\" data-voc-vtm-id=\"in-text-traffic\" data-mrf-link=\"www.mujerhoy.com\">mi mesa estas Fiestas<\/a>.<\/p>\n<p class=\"voc-paragraph\">Por aqu\u00ed lo he repetido mil veces, y otras mil m\u00e1s que lo har\u00e9: <a href=\"https:\/\/www.mujerhoy.com\/vivir\/decoracion\/como-decorar-mesas-bonitas-fotos-ideas-trucos-deco-arrasan-instagram-20211115100514-nt.html\" title=\"www.mujerhoy.com\" data-voc-vtm-id=\"in-text-traffic\" data-mrf-link=\"www.mujerhoy.com\">poner una mesa bonita<\/a> no es solo un ejercicio est\u00e9tico, es un homenaje a nuestros invitados, una manera de decirles que nos importan y que nos hemos esmerado en <strong>elegir cada detalle<\/strong> para recibirlos. Adem\u00e1s, reconozco que tengo especial debilidad por las vajillas.<\/p>\n<div class=\"v-c-cmp v-c-cmp--t1 \">\n<div class=\"v-cmp-rld v-cmp-rld--2 \">\n<div class=\"v-cnt-m v-cnt-m--m\">\n<div class=\"v-cnt-m__c\">\n<div class=\"v-cnt-m__w v-cnt-m__w--1\">\n<p class=\"v-cnt-m__t\">\nTAMBI\u00c9N TE INTERESA\n<\/p>\n<\/div>\n<\/div>\n<\/div>\n<div class=\"v-g v-g--2-c v-g--bdr-min-xs\">\n<div class=\"v-g__c \">\n<article class=\"v-a v-a--cmp-rld v-a--cmp-rld-2 v-a--p-l\">\n<div class=\"v-a-img-c\">\n<figure class=\"v-a-fig\">\n<a href=\"https:\/\/www.mujerhoy.com\/vivir\/decoracion\/decoracion-arbol-navidad-tendencias-adornos-mas-bonitos-zara-home-20251031145939-nt.html#vtm_modulosEngag=mod-rel:vivir:noticia:1:cmp:2-not\" class=\"v-a-link\" title=\"Los adornos y \u00e1rboles de Navidad m\u00e1s bonitos est\u00e1n en Zara Home: as\u00ed es la decoraci\u00f3n elegante que va a arrasar estas Fiestas\"><br \/>\n<img loading=\"lazy\" class=\"v-a-img\" src=\"http:\/\/cordobainforma.info\/wp-content\/uploads\/2025\/12\/las-vajillas-baratisimas-de-primark-home-son-las-mejores-para-decorar-tus-mesas-de-navidad-1.jpg\" alt=\"Los adornos y \u00e1rboles de Navidad m\u00e1s bonitos est\u00e1n en Zara Home: as\u00ed es la decoraci\u00f3n elegante que va a arrasar estas Fiestas\"><br \/>\n<\/a><br \/>\n<\/figure>\n<\/div>\n<\/article>\n<\/div>\n<div class=\"v-g__c \">\n<article class=\"v-a v-a--cmp-rld v-a--cmp-rld-2 v-a--p-l\">\n<div class=\"v-a-img-c\">\n<figure class=\"v-a-fig\">\n<a href=\"https:\/\/www.mujerhoy.com\/vivir\/decoracion\/tendencias-decoracion-arbol-navidad-2025-abetos-minimalistas-adornos-20251112143430-nt.html#vtm_modulosEngag=mod-rel:vivir:noticia:2:cmp:2-not\" class=\"v-a-link\" title=\"Tendencias deco 2025 para el \u00e1rbol de Navidad: abetos minimalistas, adornos elegantes y los colores que se llevan estas Fiestas\"><br \/>\n<img loading=\"lazy\" class=\"v-a-img\" src=\"http:\/\/cordobainforma.info\/wp-content\/uploads\/2025\/12\/las-vajillas-baratisimas-de-primark-home-son-las-mejores-para-decorar-tus-mesas-de-navidad-2.jpg\" alt=\"Tendencias deco 2025 para el \u00e1rbol de Navidad: abetos minimalistas, adornos elegantes y los colores que se llevan estas Fiestas\"><br \/>\n<\/a><br \/>\n<\/figure>\n<\/div>\n<\/article>\n<\/div>\n<\/div>\n<\/div>\n<\/div>\n<p class=\"voc-paragraph\">Atesoro como una joya una <strong>vajilla heredada de La Cartuja<\/strong> que es sin\u00f3nimo de celebraci\u00f3n en casa, m\u00e1s ahora que <a href=\"https:\/\/www.mujerhoy.com\/vivir\/decoracion\/cierra-cartuja-sevilla-liquidacion-vajillas-favoritas-abuela-platos-mesas-mas-bonitas-20251015144240-nt.html\" title=\"www.mujerhoy.com\" data-voc-vtm-id=\"in-text-traffic\" data-mrf-link=\"www.mujerhoy.com\">la hist\u00f3rica casa sevillana ha anunciado su cierre<\/a>. Amo los platos vintage con sabor a historia, al m\u00e1s puro estilo <a href=\"https:\/\/www.mujerhoy.com\/vivir\/decoracion\/donde-comprar-platos-duralex-vajilla-abuela-no-se-rompe-tendencias-deco-mesas-bonitas-20240826103144-nt.html\" title=\"www.mujerhoy.com\" data-voc-vtm-id=\"in-text-traffic\" data-mrf-link=\"www.mujerhoy.com\">Duralex<\/a>, y las piezas que encuentro mercadillos de antig\u00fcedades y deballages. Pero tampoco me resisto a vestir mis mesas con las propuestas m\u00e1s originales y especiales de firmas low cost.<\/p>\n<p><h3 class=\"v-cmp-suh\">\nMis favoritos de Primark Home para las mesas de Navidad<br \/>\n<\/h3>\n<\/p>\n<p class=\"voc-paragraph\">Por eso, ante la inminente llegada de la temporada alta de comidas y cenas en casa, no me he podido resistir a dar una vuelta por los pasillos de <strong>menaje de mesa de Primark Home<\/strong>, donde siempre se encuentran chollos a precios irresistibles. Este a\u00f1o, sus divertidos platos con motivos navide\u00f1os, sus vajillas de la l\u00ednea The Edit que respiran lujo silencioso, un par de manteles de algod\u00f3n y sus detalles para decorar la mesa se han venido conmigo y os cuento por qu\u00e9.<\/p>\n<div class=\"v-c-cmp v-c-cmp--s\">\n<div class=\"v-cmp-m \">\n<article class=\"v-a v-a--cmp-m v-c-cmp--m-z\">\n<div class=\"v-a-img-c \">\n<div class=\"v-a-fig\">\n<button class=\"v-a-link\" popovertarget=\"photo-74\"><br \/>\n<img loading=\"lazy\" src=\"http:\/\/cordobainforma.info\/wp-content\/uploads\/2025\/12\/las-vajillas-baratisimas-de-primark-home-son-las-mejores-para-decorar-tus-mesas-de-navidad-3.jpg\" class=\"v-a-img\" width=\"650\" height=\"650\" alt=\"El plato llano cuesta 7 euros; el de postre, 4,50 y el bol, 5 euros, igual que los manteles individuales.\" data-voc-vtm-id=\"in-text-traffic\"> <\/button><figcaption class=\"v-fc\">\n<span class=\"v-fc__t\"><br \/>\nEl plato llano cuesta 7 euros; el de postre, 4,50 y el bol, 5 euros, igual que los manteles individuales.<br \/>\n<\/span><br \/>\n<\/figcaption><\/div>\n<\/div>\n<div id=\"photo-74\" popover class=\"v-mdl v-mdl--fw\">\n<button class=\"v-x\" popovertarget=\"photo-74\" popovertargetaction=\"hide\"><br \/>\n<span class=\"v-i\"><br \/>\n<svg width=\"24\" height=\"23.996\" viewBox=\"0 0 24 23.996\">\n<path data-name=\"Uni\u00f3n 29\" d=\"M12,14.03,2.031,24,0,21.963,9.968,12,0,2.033,2.031,0,12,9.966,21.969,0,24,2.033,14.032,12,24,21.963,21.969,24Z\" \/>\n<\/svg><br \/>\n<\/span><br \/>\n<\/button><\/p>\n<div class=\"v-mdl__c\">\n<div class=\"v-mdl__w\">\n<img loading=\"lazy\" src=\"http:\/\/cordobainforma.info\/wp-content\/uploads\/2025\/12\/las-vajillas-baratisimas-de-primark-home-son-las-mejores-para-decorar-tus-mesas-de-navidad-3.jpg\" class=\"v-mdl__img-z\" width=\"650\" height=\"650\" alt>\n<\/div>\n<\/div>\n<\/div>\n<p><span class=\"v-bdp\"><\/span><br \/>\n<\/article>\n<\/div>\n<\/div>\n<p class=\"voc-paragraph\">Me dejo llevar por el maximalismo navide\u00f1o y apuesto por una decoraci\u00f3n en blanco y rojo con detalles en verde con esta mesa que, con una est\u00e9tica muy reconocible y tradicional, incluye como protagonista un elemento de plena tendencia estas Fiestas: <strong>el lazo<\/strong>. Presente en la vajilla, en la manteler\u00eda y en los detalles de las copas y los candelabros, me parece una propuesta divertida y muy festiva.<\/p>\n<div class=\"v-c-cmp v-c-cmp--s\">\n<div class=\"v-cmp-m \">\n<article class=\"v-a v-a--cmp-m v-c-cmp--m-z\">\n<div class=\"v-a-img-c \">\n<div class=\"v-a-fig\">\n<button class=\"v-a-link\" popovertarget=\"photo-908\"><br \/>\n<img loading=\"lazy\" src=\"http:\/\/cordobainforma.info\/wp-content\/uploads\/2025\/12\/las-vajillas-baratisimas-de-primark-home-son-las-mejores-para-decorar-tus-mesas-de-navidad-4.jpg\" class=\"v-a-img\" width=\"650\" height=\"650\" alt=\"El plato llano cuesta 7 euros; el de postre y el cuenco, 4,50 cada uno. Los manteles con guirnaldas, algod\u00f3n 100% cuestan 12 euros.\" data-voc-vtm-id=\"in-text-traffic\"> <\/button><figcaption class=\"v-fc\">\n<span class=\"v-fc__t\"><br \/>\nEl plato llano cuesta 7 euros; el de postre y el cuenco, 4,50 cada uno. Los manteles con guirnaldas, algod\u00f3n 100% cuestan 12 euros.<br \/>\n<\/span><br \/>\n<\/figcaption><\/div>\n<\/div>\n<div id=\"photo-908\" popover class=\"v-mdl v-mdl--fw\">\n<button class=\"v-x\" popovertarget=\"photo-908\" popovertargetaction=\"hide\"><br \/>\n<span class=\"v-i\"><br \/>\n<svg width=\"24\" height=\"23.996\" viewBox=\"0 0 24 23.996\">\n<path data-name=\"Uni\u00f3n 29\" d=\"M12,14.03,2.031,24,0,21.963,9.968,12,0,2.033,2.031,0,12,9.966,21.969,0,24,2.033,14.032,12,24,21.963,21.969,24Z\" \/>\n<\/svg><br \/>\n<\/span><br \/>\n<\/button><\/p>\n<div class=\"v-mdl__c\">\n<div class=\"v-mdl__w\">\n<img loading=\"lazy\" src=\"http:\/\/cordobainforma.info\/wp-content\/uploads\/2025\/12\/las-vajillas-baratisimas-de-primark-home-son-las-mejores-para-decorar-tus-mesas-de-navidad-4.jpg\" class=\"v-mdl__img-z\" width=\"650\" height=\"650\" alt>\n<\/div>\n<\/div>\n<\/div>\n<p><span class=\"v-bdp\"><\/span><br \/>\n<\/article>\n<\/div>\n<\/div>\n<p class=\"voc-paragraph\">Con un toque vintage, grandes dosis navide\u00f1as y un punto naive, esta vajilla decorada con motivos de adornos retro y juguetes de otra \u00e9poca, es una apuesta segura para <strong>una merienda en casa estas Fiestas<\/strong>. Adem\u00e1s de poner un toque de color perfecto, har\u00e1 las delicias de los m\u00e1s peque\u00f1os.<\/p>\n<div class=\"v-c-cmp v-c-cmp--s\">\n<div class=\"v-cmp-m \">\n<article class=\"v-a v-a--cmp-m v-c-cmp--m-z\">\n<div class=\"v-a-img-c \">\n<div class=\"v-a-fig\">\n<button class=\"v-a-link\" popovertarget=\"photo-379\"><br \/>\n<img loading=\"lazy\" src=\"http:\/\/cordobainforma.info\/wp-content\/uploads\/2025\/12\/las-vajillas-baratisimas-de-primark-home-son-las-mejores-para-decorar-tus-mesas-de-navidad-5.jpg\" class=\"v-a-img\" width=\"650\" height=\"650\" alt=\"Tanto los platos llanos como los cuencos estilo art d\u00e9co de The Edit cuestan 12 euros cada uno y el plato peque\u00f1o, 9 euros. Los individuales de algod\u00f3n 100% con detalle festoneado en dorado, 9 euros el pack de dos.\" data-voc-vtm-id=\"in-text-traffic\"> <\/button><figcaption class=\"v-fc\">\n<span class=\"v-fc__t\"><br \/>\nTanto los platos llanos como los cuencos estilo art d\u00e9co de The Edit cuestan 12 euros cada uno y el plato peque\u00f1o, 9 euros. Los individuales de algod\u00f3n 100% con detalle festoneado en dorado, 9 euros el pack de dos.<br \/>\n<\/span><br \/>\n<\/figcaption><\/div>\n<\/div>\n<div id=\"photo-379\" popover class=\"v-mdl v-mdl--fw\">\n<button class=\"v-x\" popovertarget=\"photo-379\" popovertargetaction=\"hide\"><br \/>\n<span class=\"v-i\"><br \/>\n<svg width=\"24\" height=\"23.996\" viewBox=\"0 0 24 23.996\">\n<path data-name=\"Uni\u00f3n 29\" d=\"M12,14.03,2.031,24,0,21.963,9.968,12,0,2.033,2.031,0,12,9.966,21.969,0,24,2.033,14.032,12,24,21.963,21.969,24Z\" \/>\n<\/svg><br \/>\n<\/span><br \/>\n<\/button><\/p>\n<div class=\"v-mdl__c\">\n<div class=\"v-mdl__w\">\n<img loading=\"lazy\" src=\"http:\/\/cordobainforma.info\/wp-content\/uploads\/2025\/12\/las-vajillas-baratisimas-de-primark-home-son-las-mejores-para-decorar-tus-mesas-de-navidad-5.jpg\" class=\"v-mdl__img-z\" width=\"650\" height=\"650\" alt>\n<\/div>\n<\/div>\n<\/div>\n<p><span class=\"v-bdp\"><\/span><br \/>\n<\/article>\n<\/div>\n<\/div>\n<p class=\"voc-paragraph\">Parece una mesa sofisticada de revista, pero en realidad est\u00e1 montada con piezas de Primark Home. Eso s\u00ed, de su colecci\u00f3n The Edit, una l\u00ednea premium que respira lujo silencioso y es perfecta para quienes buscan <strong>una propuesta elegante y glamourosa<\/strong> a precios accesibles. En este caso, el blanco y los toques dorados son los protagonistas absolutos. <\/p>\n<div class=\"v-c-cmp v-c-cmp--s\">\n<div class=\"v-cmp-m \">\n<article class=\"v-a v-a--cmp-m v-c-cmp--m-z\">\n<div class=\"v-a-img-c \">\n<div class=\"v-a-fig\">\n<button class=\"v-a-link\" popovertarget=\"photo-964\"><br \/>\n<img loading=\"lazy\" src=\"http:\/\/cordobainforma.info\/wp-content\/uploads\/2025\/12\/las-vajillas-baratisimas-de-primark-home-son-las-mejores-para-decorar-tus-mesas-de-navidad-6.jpg\" class=\"v-a-img\" width=\"650\" height=\"650\" alt=\"el plato llano cuesta 6 euros, y el hondo, 7 euros.\" data-voc-vtm-id=\"in-text-traffic\"> <\/button><figcaption class=\"v-fc\">\n<span class=\"v-fc__t\"><br \/>\nel plato llano cuesta 6 euros, y el hondo, 7 euros.<br \/>\n<\/span><br \/>\n<\/figcaption><\/div>\n<\/div>\n<div id=\"photo-964\" popover class=\"v-mdl v-mdl--fw\">\n<button class=\"v-x\" popovertarget=\"photo-964\" popovertargetaction=\"hide\"><br \/>\n<span class=\"v-i\"><br \/>\n<svg width=\"24\" height=\"23.996\" viewBox=\"0 0 24 23.996\">\n<path data-name=\"Uni\u00f3n 29\" d=\"M12,14.03,2.031,24,0,21.963,9.968,12,0,2.033,2.031,0,12,9.966,21.969,0,24,2.033,14.032,12,24,21.963,21.969,24Z\" \/>\n<\/svg><br \/>\n<\/span><br \/>\n<\/button><\/p>\n<div class=\"v-mdl__c\">\n<div class=\"v-mdl__w\">\n<img loading=\"lazy\" src=\"http:\/\/cordobainforma.info\/wp-content\/uploads\/2025\/12\/las-vajillas-baratisimas-de-primark-home-son-las-mejores-para-decorar-tus-mesas-de-navidad-6.jpg\" class=\"v-mdl__img-z\" width=\"650\" height=\"650\" alt>\n<\/div>\n<\/div>\n<\/div>\n<p><span class=\"v-bdp\"><\/span><br \/>\n<\/article>\n<\/div>\n<\/div>\n<p class=\"voc-paragraph\">En los mismos tonos que la anterior, pero con un aire m\u00e1s relajado, esta mesa en tonos beige con toques dorados es perfecta para montar una mesa elegante en esas <strong>comidas y cenas navide\u00f1as con amigos<\/strong> que celebramos en casa en estas fiestas. El detalle de los bajoplatos, la cuberter\u00eda de estilo retro y la cristaler\u00eda esmaltada marcan la diferencia.<\/p>\n<div class=\"v-c-cmp v-c-cmp--s\">\n<div class=\"v-cmp-m \">\n<article class=\"v-a v-a--cmp-m v-c-cmp--m-z\">\n<div class=\"v-a-img-c \">\n<div class=\"v-a-fig\">\n<button class=\"v-a-link\" popovertarget=\"photo-895\"><br \/>\n<img loading=\"lazy\" src=\"http:\/\/cordobainforma.info\/wp-content\/uploads\/2025\/12\/las-vajillas-baratisimas-de-primark-home-son-las-mejores-para-decorar-tus-mesas-de-navidad-7.jpg\" class=\"v-a-img\" width=\"650\" height=\"650\" alt=\"el set cuesta 7 euros en Primark Home.\" data-voc-vtm-id=\"in-text-traffic\"> <\/button><figcaption class=\"v-fc\">\n<span class=\"v-fc__t\"><br \/>\nel set cuesta 7 euros en Primark Home.<br \/>\n<\/span><br \/>\n<\/figcaption><\/div>\n<\/div>\n<div id=\"photo-895\" popover class=\"v-mdl v-mdl--fw\">\n<button class=\"v-x\" popovertarget=\"photo-895\" popovertargetaction=\"hide\"><br \/>\n<span class=\"v-i\"><br \/>\n<svg width=\"24\" height=\"23.996\" viewBox=\"0 0 24 23.996\">\n<path data-name=\"Uni\u00f3n 29\" d=\"M12,14.03,2.031,24,0,21.963,9.968,12,0,2.033,2.031,0,12,9.966,21.969,0,24,2.033,14.032,12,24,21.963,21.969,24Z\" \/>\n<\/svg><br \/>\n<\/span><br \/>\n<\/button><\/p>\n<div class=\"v-mdl__c\">\n<div class=\"v-mdl__w\">\n<img loading=\"lazy\" src=\"http:\/\/cordobainforma.info\/wp-content\/uploads\/2025\/12\/las-vajillas-baratisimas-de-primark-home-son-las-mejores-para-decorar-tus-mesas-de-navidad-7.jpg\" class=\"v-mdl__img-z\" width=\"650\" height=\"650\" alt>\n<\/div>\n<\/div>\n<\/div>\n<p><span class=\"v-bdp\"><\/span><br \/>\n<\/article>\n<\/div>\n<\/div>\n<p class=\"voc-paragraph\">Y terminamos con una propuesta que no tiene nada de aesthetic, pero que es pr\u00e1ctica, funcional y perfecta para casas con ni\u00f1os. Esta vajilla infantil que cuchillo, plato, tenedor y vaso, adem\u00e1s del cuenco con dibujo de Elfo, ser\u00e1 tu mejor aliada para esos planes en casa con los m\u00e1s peques en los que no quieres poner en peligro el resto de tus vajillas. <\/p>\n<div class=\"v-c-cmp v-c-cmp--t1 \">\n<div class=\"v-cmp-rld v-cmp-rld--2 \">\n<div class=\"v-cnt-m v-cnt-m--m\">\n<div class=\"v-cnt-m__c\">\n<div class=\"v-cnt-m__w v-cnt-m__w--1\">\n<p class=\"v-cnt-m__t\">\nTAMBI\u00c9N TE INTERESA\n<\/p>\n<\/div>\n<\/div>\n<\/div>\n<div class=\"v-g v-g--2-c v-g--bdr-min-xs\">\n<div class=\"v-g__c \">\n<article class=\"v-a v-a--cmp-rld v-a--cmp-rld-2 v-a--p-l\">\n<div class=\"v-a-img-c\">\n<figure class=\"v-a-fig\">\n<a href=\"https:\/\/www.mujerhoy.com\/vivir\/decoracion\/cuidados-flor-pascua-trucos-experto-ignacio-guio-chico-plantas-instagram-20251123145556-nt.html#vtm_modulosEngag=mod-rel:vivir:noticia:1:cmp:2-not\" class=\"v-a-link\" title=\"C\u00f3mo cuidar la Flor de Pascua: los trucos de experto de Ignacio Gui\u00f3 para que tu Poinsettia est\u00e9 preciosa todo el a\u00f1o\"><br \/>\n<img loading=\"lazy\" class=\"v-a-img\" src=\"http:\/\/cordobainforma.info\/wp-content\/uploads\/2025\/12\/las-vajillas-baratisimas-de-primark-home-son-las-mejores-para-decorar-tus-mesas-de-navidad-8.jpg\" alt=\"C\u00f3mo cuidar la Flor de Pascua: los trucos de experto de Ignacio Gui\u00f3 para que tu Poinsettia est\u00e9 preciosa todo el a\u00f1o\"><br \/>\n<\/a><br \/>\n<\/figure>\n<\/div>\n<\/article>\n<\/div>\n<div class=\"v-g__c \">\n<article class=\"v-a v-a--cmp-rld v-a--cmp-rld-2 v-a--p-l\">\n<div class=\"v-a-img-c\">\n<figure class=\"v-a-fig\">\n<a href=\"https:\/\/www.mujerhoy.com\/belleza\/tratamientos\/calendarios-adviento-navidad-belleza-agotando-20251019001904-nt.html#vtm_modulosEngag=mod-rel:vivir:noticia:2:cmp:2-not\" class=\"v-a-link\" title=\"Los primeros calendarios de adviento: adel\u00e1ntate a la Navidad con estas opciones que ya se est\u00e1n agotando\"><br \/>\n<img loading=\"lazy\" class=\"v-a-img\" src=\"http:\/\/cordobainforma.info\/wp-content\/uploads\/2025\/12\/las-vajillas-baratisimas-de-primark-home-son-las-mejores-para-decorar-tus-mesas-de-navidad-9.jpg\" alt=\"Los primeros calendarios de adviento: adel\u00e1ntate a la Navidad con estas opciones que ya se est\u00e1n agotando\"><br \/>\n<\/a><br \/>\n<\/figure>\n<\/div>\n<\/article>\n<\/div>\n<\/div>\n<\/div>\n<\/div>\n","protected":false},"excerpt":{"rendered":"<p>Ana Calvo Publicado \u00b7 2 de diciembre de 2025, 08:15 h Hace unos d\u00edas os contaba en la Newsletter de Mujerhoy (si no est\u00e1is suscritas, no s\u00e9 a qu\u00e9 esper\u00e1is a hacerlo desde nuestra portada) que cada a\u00f1o la Navidad se adelanta m\u00e1s en mi casa. Reconozco que ya no espero al Puente de Diciembre [&hellip;]<\/p>\n","protected":false},"author":1,"featured_media":176557,"comment_status":"open","ping_status":"closed","sticky":false,"template":"","format":"standard","meta":[],"categories":[18],"tags":[],"_links":{"self":[{"href":"http:\/\/cordobainforma.info\/index.php\/wp-json\/wp\/v2\/posts\/176556"}],"collection":[{"href":"http:\/\/cordobainforma.info\/index.php\/wp-json\/wp\/v2\/posts"}],"about":[{"href":"http:\/\/cordobainforma.info\/index.php\/wp-json\/wp\/v2\/types\/post"}],"author":[{"embeddable":true,"href":"http:\/\/cordobainforma.info\/index.php\/wp-json\/wp\/v2\/users\/1"}],"replies":[{"embeddable":true,"href":"http:\/\/cordobainforma.info\/index.php\/wp-json\/wp\/v2\/comments?post=176556"}],"version-history":[{"count":0,"href":"http:\/\/cordobainforma.info\/index.php\/wp-json\/wp\/v2\/posts\/176556\/revisions"}],"wp:featuredmedia":[{"embeddable":true,"href":"http:\/\/cordobainforma.info\/index.php\/wp-json\/wp\/v2\/media\/176557"}],"wp:attachment":[{"href":"http:\/\/cordobainforma.info\/index.php\/wp-json\/wp\/v2\/media?parent=176556"}],"wp:term":[{"taxonomy":"category","embeddable":true,"href":"http:\/\/cordobainforma.info\/index.php\/wp-json\/wp\/v2\/categories?post=176556"},{"taxonomy":"post_tag","embeddable":true,"href":"http:\/\/cordobainforma.info\/index.php\/wp-json\/wp\/v2\/tags?post=176556"}],"curies":[{"name":"wp","href":"https:\/\/api.w.org\/{rel}","templated":true}]}}