{"id":176552,"date":"2025-12-02T13:09:25","date_gmt":"2025-12-02T13:09:25","guid":{"rendered":"https:\/\/www.mujerhoy.com\/moda\/no-te-pierdas\/nueva-colaboracion-zara-inspirada-cultura-japonesa-basicos-invierno-20251202183030-nt.html"},"modified":"2025-12-02T13:09:25","modified_gmt":"2025-12-02T13:09:25","slug":"la-nueva-colaboracion-de-zara-inspirada-en-la-cultura-japonesa-tiene-los-basicos-mas-elegantes-del-invierno","status":"publish","type":"post","link":"http:\/\/cordobainforma.info\/index.php\/2025\/12\/02\/la-nueva-colaboracion-de-zara-inspirada-en-la-cultura-japonesa-tiene-los-basicos-mas-elegantes-del-invierno\/","title":{"rendered":"La nueva colaboraci\u00f3n de Zara inspirada en la cultura japonesa tiene los b\u00e1sicos m\u00e1s elegantes del invierno"},"content":{"rendered":"<div class=\"media_block\"><\/div>\n<p><!-- AUTHOR --><\/p>\n<div class=\"voc-author-timesocial \">\n<!-- AUTHOR --><\/p>\n<div class=\"voc-author-timesocial__signature \">\n<!-- IMAGE AUTHOR -->\n<picture class=\"voc-image-signature\">\n<img class=\"voc-image-signature__img\" src=\"http:\/\/cordobainforma.info\/wp-content\/uploads\/2025\/12\/la-nueva-colaboracion-de-zara-inspirada-en-la-cultura-japonesa-tiene-los-basicos-mas-elegantes-del-invierno.jpg\" alt=\"Raquel Rodr\u00edguez\">\n<\/picture>\n<!-- INFO AUTHOR --> <\/div><\/div>\n<p><!-- COMPONENTS --><\/p>\n<p class=\"voc-paragraph\">Esta semana las <a href=\"https:\/\/www.mujerhoy.com\/moda\/no-te-pierdas\/zara-coleccion-invierno-nuevo-pantalon-lentejuela-20251124071358-nt.html\" title=\"www.mujerhoy.com\" data-voc-vtm-id=\"in-text-traffic\" data-mrf-link=\"www.mujerhoy.com\">novedades de Zara <\/a>vienen protagonizadas por una <strong>nueva colaboraci\u00f3n<\/strong> que promete ser todo un \u00e9xito. Despu\u00e9s de <a href=\"https:\/\/www.mujerhoy.com\/moda\/no-te-pierdas\/zara-nueva-coleccion-disenador-colaboracion-lujo-20251111174426-nt.html\" title=\"www.mujerhoy.com\" data-voc-vtm-id=\"in-text-traffic\" data-mrf-link=\"www.mujerhoy.com\">la l\u00ednea lanzada con el dise\u00f1ador Ludovic de Saint-Sernin<\/a>, la marca que lidera Marta Ortega ha vuelto a aliarse con una firma que marcar\u00e1 la diferencia y que har\u00e1 que las nuevas prendas que llegan al gigante de Inditex tengan un dise\u00f1o reconocible y muy especial.<\/p>\n<p class=\"voc-paragraph\">Hablamos del <strong>lanzamiento junto a Soshiotsuki<\/strong>, el dise\u00f1ador japon\u00e9s ganador del LVMH Prize 2025 y una de las figuras m\u00e1s virales de la industria por su dise\u00f1o lleno de sustancia y su estilo tan caracter\u00edstico. Una alianza fresca y diferente que sale a la venta este 4 de diciembre y de la que tenemos todos los detalles.<\/p>\n<div class=\"v-c-cmp v-c-cmp--t1 \">\n<div class=\"v-cmp-rld v-cmp-rld--2 \">\n<div class=\"v-cnt-m v-cnt-m--m\">\n<div class=\"v-cnt-m__c\">\n<div class=\"v-cnt-m__w v-cnt-m__w--1\">\n<p class=\"v-cnt-m__t\">\nTAMBI\u00c9N TE INTERESA\n<\/p>\n<\/div>\n<\/div>\n<\/div>\n<div class=\"v-g v-g--2-c v-g--bdr-min-xs\">\n<div class=\"v-g__c \">\n<article class=\"v-a v-a--cmp-rld v-a--cmp-rld-2 v-a--p-l\">\n<div class=\"v-a-img-c\">\n<figure class=\"v-a-fig\">\n<a href=\"https:\/\/www.mujerhoy.com\/moda\/no-te-pierdas\/jersey-favorito-madrilenas-elegante-rombos-zara-20251119174113-nt.html#vtm_modulosEngag=mod-rel:moda:noticia:1:cmp:2-not\" class=\"v-a-link\" title=\"Este es el jersey favorito de las madrile\u00f1as m\u00e1s elegantes: de rombos y por menos de 30 euros en Zara\"><br \/>\n<img loading=\"lazy\" class=\"v-a-img\" src=\"http:\/\/cordobainforma.info\/wp-content\/uploads\/2025\/12\/la-nueva-colaboracion-de-zara-inspirada-en-la-cultura-japonesa-tiene-los-basicos-mas-elegantes-del-invierno-1.jpg\" alt=\"Este es el jersey favorito de las madrile\u00f1as m\u00e1s elegantes: de rombos y por menos de 30 euros en Zara\"><br \/>\n<\/a><br \/>\n<\/figure>\n<\/div>\n<\/article>\n<\/div>\n<div class=\"v-g__c \">\n<article class=\"v-a v-a--cmp-rld v-a--cmp-rld-2 v-a--p-l\">\n<div class=\"v-a-img-c\">\n<figure class=\"v-a-fig\">\n<a href=\"https:\/\/www.mujerhoy.com\/moda\/no-te-pierdas\/nuevo-zara-vestido-midi-jerseis-punto-botas-basicos-20251117072035-nt.html#vtm_modulosEngag=mod-rel:moda:noticia:2:cmp:2-not\" class=\"v-a-link\" title=\"Las compras de Zara de la semana: vestidos marrones, jers\u00e9is de punto y botas de invierno\"><br \/>\n<img loading=\"lazy\" class=\"v-a-img\" src=\"http:\/\/cordobainforma.info\/wp-content\/uploads\/2025\/12\/la-nueva-colaboracion-de-zara-inspirada-en-la-cultura-japonesa-tiene-los-basicos-mas-elegantes-del-invierno-2.jpg\" alt=\"Las compras de Zara de la semana: vestidos marrones, jers\u00e9is de punto y botas de invierno\"><br \/>\n<\/a><br \/>\n<\/figure>\n<\/div>\n<\/article>\n<\/div>\n<\/div>\n<\/div>\n<\/div>\n<p class=\"voc-paragraph\">Soshiotsuki estudi\u00f3 moda masculina en el prestigioso Bunka Fashion College de Tokio y, tras varios a\u00f1os de trabajo, cre\u00f3 su propia firma. Un proyecto en el que los trajes<strong> inspirados en la herencia cultural nipona <\/strong>se han convertido en su sello de identidad. <\/p>\n<p class=\"voc-paragraph\">Sus dise\u00f1os beben de la est\u00e9tica japonesa tradicional \u2014como los kimonos o las mangas amplias\u2014 y tambi\u00e9n del imaginario de los a\u00f1os 80 en Jap\u00f3n. Una est\u00e9tica que ha quedado plenamente impregnada en su colaboraci\u00f3n junto a Zara que incluye <strong>colecciones para mujer, hombre e incluso ni\u00f1os<\/strong>.<\/p>\n<div class=\"v-c-cmp \">\n<div class=\"v-cmp-m v-cmp-m--t1\">\n<article class=\"v-a v-a--cmp-m v-c-cmp--m-p\">\n<div class=\"v-a-img-c v-a-img-c--fw-xs\">\n<div class=\"v-a-fig\">\n<div class=\"v-a-link\">\n<img loading=\"lazy\" src=\"http:\/\/cordobainforma.info\/wp-content\/uploads\/2025\/12\/la-nueva-colaboracion-de-zara-inspirada-en-la-cultura-japonesa-tiene-los-basicos-mas-elegantes-del-invierno-3.jpg\" class=\"v-a-img\" width=\"650\" height=\"975\" alt data-voc-vtm-id=\"in-text-traffic\">\n<\/div><figcaption class=\"v-fc\">\n<span class=\"v-fc__p\"><br \/>\nzara<br \/>\n<\/span><br \/>\n<\/figcaption><\/div>\n<\/div>\n<\/article>\n<\/div>\n<\/div>\n<p class=\"voc-paragraph\">De nuevo inspirada en la nostalgia del panorama cultural japon\u00e9s de aquellas d\u00e9cadas, el resultado es una propuesta que explora aspectos universales de la conexi\u00f3n humana. Soshiotsuki x Zara es una l\u00ednea que<strong> refleja una perspectiva distinta de la visi\u00f3n del dise\u00f1ador<\/strong>.<\/p>\n<p class=\"voc-paragraph\">En la colecci\u00f3n femenina, la sastrer\u00eda se reinterpreta mediante siluetas fluidas y proporciones suaves, protagonizadas por una paleta de colores que resulta a la vez nost\u00e1lgica y contempor\u00e1nea. Muchas de las piezas de esta alianza son <strong>prendas informales que puedes usar a diario<\/strong> e incorporar f\u00e1cilmente a tus estilismos cotidianos. <\/p>\n<div class=\"v-c-cmp \">\n<div class=\"v-cmp-m v-cmp-m--t1\">\n<article class=\"v-a v-a--cmp-m v-c-cmp--m-p\">\n<div class=\"v-a-img-c v-a-img-c--fw-xs\">\n<div class=\"v-a-fig\">\n<div class=\"v-a-link\">\n<img loading=\"lazy\" src=\"http:\/\/cordobainforma.info\/wp-content\/uploads\/2025\/12\/la-nueva-colaboracion-de-zara-inspirada-en-la-cultura-japonesa-tiene-los-basicos-mas-elegantes-del-invierno-4.jpg\" class=\"v-a-img\" width=\"650\" height=\"975\" alt data-voc-vtm-id=\"in-text-traffic\">\n<\/div><figcaption class=\"v-fc\">\n<span class=\"v-fc__p\"><br \/>\nzara<br \/>\n<\/span><br \/>\n<\/figcaption><\/div>\n<\/div>\n<\/article>\n<\/div>\n<\/div>\n<p class=\"voc-paragraph\">Son prendas confeccionadas con <strong>tejidos de ra\u00edces formales<\/strong>, por lo que tambi\u00e9n encontrar\u00e1s opciones elegantes que se adaptan a eventos m\u00e1s especiales. Estos son algunos de nuestros favoritos de esta colaboraci\u00f3n que promete agotarse en un abrir y cerrar de ojos.<\/p>\n<p><h3 class=\"v-cmp-suh\">\nLos favoritos de Soshiotsuki x Zara<br \/>\n<\/h3>\n<\/p>\n<div class=\"v-c-cmp \">\n<div class=\"v-cmp-m v-cmp-m--t1\">\n<article class=\"v-a v-a--cmp-m v-c-cmp--m-p\">\n<div class=\"v-a-img-c v-a-img-c--fw-xs\">\n<div class=\"v-a-fig\">\n<div class=\"v-a-link\">\n<img loading=\"lazy\" src=\"http:\/\/cordobainforma.info\/wp-content\/uploads\/2025\/12\/la-nueva-colaboracion-de-zara-inspirada-en-la-cultura-japonesa-tiene-los-basicos-mas-elegantes-del-invierno-5.jpg\" class=\"v-a-img\" width=\"650\" height=\"975\" alt data-voc-vtm-id=\"in-text-traffic\">\n<\/div>\n<\/div>\n<\/div>\n<\/article>\n<\/div>\n<\/div>\n<p class=\"voc-paragraph\">Estos pantalones vaqueros con pernera redondeada son ideales para hacer que tus looks de diario se vean m\u00e1s sofisticados. El toque que necesitas para elevar tus estilismos por su corte original.<\/p>\n<div class=\"v-c-cmp \">\n<div class=\"v-cmp-m v-cmp-m--t1\">\n<article class=\"v-a v-a--cmp-m v-c-cmp--m-p\">\n<div class=\"v-a-img-c v-a-img-c--fw-xs\">\n<div class=\"v-a-fig\">\n<div class=\"v-a-link\">\n<img loading=\"lazy\" src=\"http:\/\/cordobainforma.info\/wp-content\/uploads\/2025\/12\/la-nueva-colaboracion-de-zara-inspirada-en-la-cultura-japonesa-tiene-los-basicos-mas-elegantes-del-invierno-6.jpg\" class=\"v-a-img\" width=\"650\" height=\"975\" alt data-voc-vtm-id=\"in-text-traffic\">\n<\/div>\n<\/div>\n<\/div>\n<\/article>\n<\/div>\n<\/div>\n<p class=\"voc-paragraph\">\u00bfC\u00f3mo es de bonito este vestido tipo bat\u00edn? Confeccionado en un tejido de seda satinada en un favorecedor color rosa, tiene un dise\u00f1o cruzado con manga larga y un cintur\u00f3n tipo faj\u00edn tan habitual en la vestimenta oriental.<\/p>\n<div class=\"v-c-cmp \">\n<div class=\"v-cmp-m v-cmp-m--t1\">\n<article class=\"v-a v-a--cmp-m v-c-cmp--m-p\">\n<div class=\"v-a-img-c v-a-img-c--fw-xs\">\n<div class=\"v-a-fig\">\n<div class=\"v-a-link\">\n<img loading=\"lazy\" src=\"http:\/\/cordobainforma.info\/wp-content\/uploads\/2025\/12\/la-nueva-colaboracion-de-zara-inspirada-en-la-cultura-japonesa-tiene-los-basicos-mas-elegantes-del-invierno-7.jpg\" class=\"v-a-img\" width=\"650\" height=\"975\" alt data-voc-vtm-id=\"in-text-traffic\">\n<\/div>\n<\/div>\n<\/div>\n<\/article>\n<\/div>\n<\/div>\n<p class=\"voc-paragraph\">si est\u00e1s en b\u00fasqueda de un look con el que ser la m\u00e1s elegante y estilosa en la oficina, ficha esta blazer estructurada. Confeccionada con un tejido gris marengo jaspeado, nos gusta por sus hombreras marcadas.Y tiene la falda midi a juego.<\/p>\n<div class=\"v-c-cmp \">\n<div class=\"v-cmp-m v-cmp-m--t1\">\n<article class=\"v-a v-a--cmp-m v-c-cmp--m-p\">\n<div class=\"v-a-img-c v-a-img-c--fw-xs\">\n<div class=\"v-a-fig\">\n<div class=\"v-a-link\">\n<img loading=\"lazy\" src=\"http:\/\/cordobainforma.info\/wp-content\/uploads\/2025\/12\/la-nueva-colaboracion-de-zara-inspirada-en-la-cultura-japonesa-tiene-los-basicos-mas-elegantes-del-invierno-8.jpg\" class=\"v-a-img\" width=\"650\" height=\"975\" alt data-voc-vtm-id=\"in-text-traffic\">\n<\/div>\n<\/div>\n<\/div>\n<\/article>\n<\/div>\n<\/div>\n<p class=\"voc-paragraph\">Por \u00faltimo, un b\u00e1sico imprescindible en el invierno: un buen abrigo. Si todav\u00eda no has renovado el que ya tienes, atenta a este dise\u00f1o en color beige que marcar\u00e1 la diferencia por el dise\u00f1o de sus mangas redondeadas.<\/p>\n<div class=\"v-c-cmp v-c-cmp--t1 \">\n<div class=\"v-cmp-rld v-cmp-rld--2 \">\n<div class=\"v-cnt-m v-cnt-m--m\">\n<div class=\"v-cnt-m__c\">\n<div class=\"v-cnt-m__w v-cnt-m__w--1\">\n<p class=\"v-cnt-m__t\">\nTAMBI\u00c9N TE INTERESA\n<\/p>\n<\/div>\n<\/div>\n<\/div>\n<div class=\"v-g v-g--2-c v-g--bdr-min-xs\">\n<div class=\"v-g__c \">\n<article class=\"v-a v-a--cmp-rld v-a--cmp-rld-2 v-a--p-l\">\n<div class=\"v-a-img-c\">\n<figure class=\"v-a-fig\">\n<a href=\"https:\/\/www.mujerhoy.com\/moda\/no-te-pierdas\/zara-special-prices-descuentos-abrigos-jerseis-20251202173848-nt.html#vtm_modulosEngag=mod-rel:moda:noticia:1:cmp:2-not\" class=\"v-a-link\" title=\"Qu\u00e9 puedes comprar ahora con descuento en Zara si no fuiste al Black Friday\"><br \/>\n<img loading=\"lazy\" class=\"v-a-img\" src=\"http:\/\/cordobainforma.info\/wp-content\/uploads\/2025\/12\/la-nueva-colaboracion-de-zara-inspirada-en-la-cultura-japonesa-tiene-los-basicos-mas-elegantes-del-invierno-9.jpg\" alt=\"Qu\u00e9 puedes comprar ahora con descuento en Zara si no fuiste al Black Friday\"><br \/>\n<\/a><br \/>\n<\/figure>\n<\/div>\n<\/article>\n<\/div>\n<div class=\"v-g__c \">\n<article class=\"v-a v-a--cmp-rld v-a--cmp-rld-2 v-a--p-l\">\n<div class=\"v-a-img-c\">\n<figure class=\"v-a-fig\">\n<a href=\"https:\/\/www.mujerhoy.com\/moda\/no-te-pierdas\/abrigos-reversibles-interior-calido-invierno-necesitas-mango-zara-maje-20251201164101-nt.html#vtm_modulosEngag=mod-rel:moda:noticia:2:cmp:2-not\" class=\"v-a-link\" title=\"Abrigos reversibles con interior c\u00e1lido para el invierno que necesitas en tu armario\"><br \/>\n<img loading=\"lazy\" class=\"v-a-img\" src=\"http:\/\/cordobainforma.info\/wp-content\/uploads\/2025\/12\/la-nueva-colaboracion-de-zara-inspirada-en-la-cultura-japonesa-tiene-los-basicos-mas-elegantes-del-invierno-10.jpg\" alt=\"Abrigos reversibles con interior c\u00e1lido para el invierno que necesitas en tu armario\"><br \/>\n<\/a><br \/>\n<\/figure>\n<\/div>\n<\/article>\n<\/div>\n<\/div>\n<\/div>\n<\/div>\n","protected":false},"excerpt":{"rendered":"<p>Esta semana las novedades de Zara vienen protagonizadas por una nueva colaboraci\u00f3n que promete ser todo un \u00e9xito. Despu\u00e9s de la l\u00ednea lanzada con el dise\u00f1ador Ludovic de Saint-Sernin, la marca que lidera Marta Ortega ha vuelto a aliarse con una firma que marcar\u00e1 la diferencia y que har\u00e1 que las nuevas prendas que llegan [&hellip;]<\/p>\n","protected":false},"author":1,"featured_media":176553,"comment_status":"closed","ping_status":"closed","sticky":false,"template":"","format":"standard","meta":[],"categories":[24],"tags":[],"_links":{"self":[{"href":"http:\/\/cordobainforma.info\/index.php\/wp-json\/wp\/v2\/posts\/176552"}],"collection":[{"href":"http:\/\/cordobainforma.info\/index.php\/wp-json\/wp\/v2\/posts"}],"about":[{"href":"http:\/\/cordobainforma.info\/index.php\/wp-json\/wp\/v2\/types\/post"}],"author":[{"embeddable":true,"href":"http:\/\/cordobainforma.info\/index.php\/wp-json\/wp\/v2\/users\/1"}],"replies":[{"embeddable":true,"href":"http:\/\/cordobainforma.info\/index.php\/wp-json\/wp\/v2\/comments?post=176552"}],"version-history":[{"count":0,"href":"http:\/\/cordobainforma.info\/index.php\/wp-json\/wp\/v2\/posts\/176552\/revisions"}],"wp:featuredmedia":[{"embeddable":true,"href":"http:\/\/cordobainforma.info\/index.php\/wp-json\/wp\/v2\/media\/176553"}],"wp:attachment":[{"href":"http:\/\/cordobainforma.info\/index.php\/wp-json\/wp\/v2\/media?parent=176552"}],"wp:term":[{"taxonomy":"category","embeddable":true,"href":"http:\/\/cordobainforma.info\/index.php\/wp-json\/wp\/v2\/categories?post=176552"},{"taxonomy":"post_tag","embeddable":true,"href":"http:\/\/cordobainforma.info\/index.php\/wp-json\/wp\/v2\/tags?post=176552"}],"curies":[{"name":"wp","href":"https:\/\/api.w.org\/{rel}","templated":true}]}}