{"id":176524,"date":"2025-12-02T13:21:01","date_gmt":"2025-12-02T13:21:01","guid":{"rendered":"http:\/\/cordobainforma.info\/index.php\/2025\/12\/02\/llaryora-mueve-el-tablero-y-crea-un-nuevo-ministerio-para-reforzar-la-gestion-territorial\/"},"modified":"2025-12-02T13:21:01","modified_gmt":"2025-12-02T13:21:01","slug":"llaryora-mueve-el-tablero-y-crea-un-nuevo-ministerio-para-reforzar-la-gestion-territorial","status":"publish","type":"post","link":"http:\/\/cordobainforma.info\/index.php\/2025\/12\/02\/llaryora-mueve-el-tablero-y-crea-un-nuevo-ministerio-para-reforzar-la-gestion-territorial\/","title":{"rendered":"Llaryora mueve el tablero y crea un <b>nuevo<\/b> ministerio para reforzar la gesti\u00f3n territorial"},"content":{"rendered":"<p>&#8230; econ\u00f3mico complejo, mientras el Gobierno mantiene expectativas de reactivaci\u00f3n en 2026. &#8230; Medio de comunicaci\u00f3n de la ciudad de <b>C\u00f3rdoba<\/b>, Argentina. <\/p>\n","protected":false},"excerpt":{"rendered":"<p>&#8230; econ\u00f3mico complejo, mientras el Gobierno mantiene expectativas de reactivaci\u00f3n en 2026. &#8230; Medio de comunicaci\u00f3n de la ciudad de C\u00f3rdoba, Argentina.<\/p>\n","protected":false},"author":1,"featured_media":0,"comment_status":"closed","ping_status":"closed","sticky":false,"template":"","format":"standard","meta":[],"categories":[23],"tags":[],"_links":{"self":[{"href":"http:\/\/cordobainforma.info\/index.php\/wp-json\/wp\/v2\/posts\/176524"}],"collection":[{"href":"http:\/\/cordobainforma.info\/index.php\/wp-json\/wp\/v2\/posts"}],"about":[{"href":"http:\/\/cordobainforma.info\/index.php\/wp-json\/wp\/v2\/types\/post"}],"author":[{"embeddable":true,"href":"http:\/\/cordobainforma.info\/index.php\/wp-json\/wp\/v2\/users\/1"}],"replies":[{"embeddable":true,"href":"http:\/\/cordobainforma.info\/index.php\/wp-json\/wp\/v2\/comments?post=176524"}],"version-history":[{"count":0,"href":"http:\/\/cordobainforma.info\/index.php\/wp-json\/wp\/v2\/posts\/176524\/revisions"}],"wp:attachment":[{"href":"http:\/\/cordobainforma.info\/index.php\/wp-json\/wp\/v2\/media?parent=176524"}],"wp:term":[{"taxonomy":"category","embeddable":true,"href":"http:\/\/cordobainforma.info\/index.php\/wp-json\/wp\/v2\/categories?post=176524"},{"taxonomy":"post_tag","embeddable":true,"href":"http:\/\/cordobainforma.info\/index.php\/wp-json\/wp\/v2\/tags?post=176524"}],"curies":[{"name":"wp","href":"https:\/\/api.w.org\/{rel}","templated":true}]}}