{"id":176483,"date":"2025-12-02T02:38:29","date_gmt":"2025-12-02T02:38:29","guid":{"rendered":"https:\/\/somoscordobeses.com\/2025\/12\/01\/mas-de-6-000-jovenes-comenzaron-su-primera-experiencia-laboral-via-ppp\/"},"modified":"2025-12-02T02:38:29","modified_gmt":"2025-12-02T02:38:29","slug":"mas-de-6-000-jovenes-comenzaron-su-primera-experiencia-laboral-via-ppp","status":"publish","type":"post","link":"http:\/\/cordobainforma.info\/index.php\/2025\/12\/02\/mas-de-6-000-jovenes-comenzaron-su-primera-experiencia-laboral-via-ppp\/","title":{"rendered":"M\u00e1s de 6.000 j\u00f3venes comenzaron su primera experiencia laboral v\u00eda PPP"},"content":{"rendered":"<div><img src=\"http:\/\/cordobainforma.info\/wp-content\/uploads\/2025\/12\/mas-de-6-000-jovenes-comenzaron-su-primera-experiencia-laboral-via-ppp.jpg\" class=\"ff-og-image-inserted\"><\/div>\n<p>Este lunes 1 de diciembre se puso en marcha el Programa Primer Paso (PPP) edici\u00f3n 2025, informaron fuentes del Gobierno de C\u00f3rdoba. Hasta el momento, 1.137 j\u00f3venes ya fueron registrados en la modalidad Relaci\u00f3n de Dependencia.<\/p>\n<p>El PPP fue relanzado por el gobernador Mart\u00edn Llaryora con el prop\u00f3sito de generar oportunidades laborales para j\u00f3venes entre 16 y 25 a\u00f1os, que se encuentren desempleados, que no cuenten con experiencia laboral relevante y que vivan en la provincia de C\u00f3rdoba, con prioridad para la regi\u00f3n del noroeste y departamentos Roque S\u00e1enz Pe\u00f1a y General Roca (Programa de Igualdad Territorial \u2013 PIT).<\/p>\n<p>De esta forma, se busca que quienes participan eleven su potencial mediante procesos de capacitaci\u00f3n y entrenamientos en ambientes de trabajo, promoviendo su integraci\u00f3n en el mercado profesional, su desarrollo personal y tambi\u00e9n el crecimiento econ\u00f3mico de la provincia.<\/p>\n<h5>PPP en detalle<\/h5>\n<p>La iniciativa ofrece dos modalidades de incorporaci\u00f3n:<\/p>\n<h5>Pr\u00e1ctica Laboral<\/h5>\n<ul>\n<li>Se trata de un entrenamiento de 20 horas semanales durante seis meses en empresas del sector privado. Incluye capacitaciones.\u2060<\/li>\n<li>Los beneficiarios reciben una asignaci\u00f3n est\u00edmulo equivalente a un Salario M\u00ednimo, Vital y M\u00f3vil (SMVM), cofinanciada entre la Provincia y la empresa.\u2060<\/li>\n<li>Los beneficiarios cuentan con acceso al Boleto Obrero Social (BOS) y cobertura ART.\u2060<\/li>\n<li>Inscripciones: los postulantes deben buscar una empresa, acordar la participaci\u00f3n, completar el Formulario \u00danico de Postulantes con los datos personales y de la empresa y gestionar la aceptaci\u00f3n de la empresa.<\/li>\n<\/ul>\n<h5>Relaci\u00f3n de Dependencia<\/h5>\n<ul>\n<li>Trabajadores ingresan de manera directa hasta agotar cupo.<\/li>\n<li>La remuneraci\u00f3n es de acuerdo al convenio colectivo del rubro en el que se desempe\u00f1ar\u00e1 el trabajador. La empresa recibe un aporte estatal de 1 salario m\u00ednimo vital y m\u00f3vil.<\/li>\n<li>Si el trabajador re\u00fane los requisitos podr\u00e1 contar con el Boleto Obrero Social (BOS).<\/li>\n<li>Inscripciones: representante legal de la empresa registra a los candidatos.<\/li>\n<\/ul>\n<h5>Empleo +26: inscripciones abiertas para relaci\u00f3n de dependencia<\/h5>\n<p>Adem\u00e1s contin\u00faa disponible la convocatoria para sumarse a trav\u00e9s de la modalidad Relaci\u00f3n de Dependencia en https:\/\/desarrolloyempleo.cba.gov.ar\/<\/p>\n<p>Las empresas que quieran incorporar personal pueden adherirse a programas de empleo y registrar a sus candidatos.<\/p>\n<p>Empleo +26 va por su segunda edici\u00f3n, creando puestos de trabajo de calidad, gracias a la articulaci\u00f3n entre el Gobierno provincial y el sector privado, para quienes tienen 26 a\u00f1os o m\u00e1s, vivan en C\u00f3rdoba y est\u00e9n sin un trabajo formal.<\/p>\n<p>La iniciativa pone el foco en crear oportunidades de desarrollo personal y profesional, especialmente para mayores de 45 a\u00f1os y tambi\u00e9n para quienes vivan en la regi\u00f3n del PIT.<\/p>\n","protected":false},"excerpt":{"rendered":"<p>Este lunes 1 de diciembre se puso en marcha el Programa Primer Paso (PPP) edici\u00f3n 2025, informaron fuentes del Gobierno de C\u00f3rdoba. Hasta el momento, 1.137 j\u00f3venes ya fueron registrados en la modalidad Relaci\u00f3n de Dependencia. El PPP fue relanzado por el gobernador Mart\u00edn Llaryora con el prop\u00f3sito de generar oportunidades laborales para j\u00f3venes entre [&hellip;]<\/p>\n","protected":false},"author":1,"featured_media":176484,"comment_status":"closed","ping_status":"closed","sticky":false,"template":"","format":"standard","meta":[],"categories":[2],"tags":[],"_links":{"self":[{"href":"http:\/\/cordobainforma.info\/index.php\/wp-json\/wp\/v2\/posts\/176483"}],"collection":[{"href":"http:\/\/cordobainforma.info\/index.php\/wp-json\/wp\/v2\/posts"}],"about":[{"href":"http:\/\/cordobainforma.info\/index.php\/wp-json\/wp\/v2\/types\/post"}],"author":[{"embeddable":true,"href":"http:\/\/cordobainforma.info\/index.php\/wp-json\/wp\/v2\/users\/1"}],"replies":[{"embeddable":true,"href":"http:\/\/cordobainforma.info\/index.php\/wp-json\/wp\/v2\/comments?post=176483"}],"version-history":[{"count":0,"href":"http:\/\/cordobainforma.info\/index.php\/wp-json\/wp\/v2\/posts\/176483\/revisions"}],"wp:featuredmedia":[{"embeddable":true,"href":"http:\/\/cordobainforma.info\/index.php\/wp-json\/wp\/v2\/media\/176484"}],"wp:attachment":[{"href":"http:\/\/cordobainforma.info\/index.php\/wp-json\/wp\/v2\/media?parent=176483"}],"wp:term":[{"taxonomy":"category","embeddable":true,"href":"http:\/\/cordobainforma.info\/index.php\/wp-json\/wp\/v2\/categories?post=176483"},{"taxonomy":"post_tag","embeddable":true,"href":"http:\/\/cordobainforma.info\/index.php\/wp-json\/wp\/v2\/tags?post=176483"}],"curies":[{"name":"wp","href":"https:\/\/api.w.org\/{rel}","templated":true}]}}