{"id":176481,"date":"2025-12-02T02:38:32","date_gmt":"2025-12-02T02:38:32","guid":{"rendered":"https:\/\/somoscordobeses.com\/2025\/12\/01\/busqueda-de-delicia-mamani-mamani-su-madre-se-constituyo-en-querellante-y-pide-investigar-el-caso-como-trata\/"},"modified":"2025-12-02T02:38:32","modified_gmt":"2025-12-02T02:38:32","slug":"busqueda-de-delicia-mamani-mamani-su-madre-se-constituyo-en-querellante-y-pide-investigar-el-caso-como-trata","status":"publish","type":"post","link":"http:\/\/cordobainforma.info\/index.php\/2025\/12\/02\/busqueda-de-delicia-mamani-mamani-su-madre-se-constituyo-en-querellante-y-pide-investigar-el-caso-como-trata\/","title":{"rendered":"B\u00fasqueda de Delicia Mamani Mamani: su madre se constituy\u00f3 en querellante y pide investigar el caso como trata"},"content":{"rendered":"<div><img src=\"http:\/\/cordobainforma.info\/wp-content\/uploads\/2025\/12\/busqueda-de-delicia-mamani-mamani-su-madre-se-constituyo-en-querellante-y-pide-investigar-el-caso-como-trata.jpg\" class=\"ff-og-image-inserted\"><\/div>\n<p>La madre de Delicia Mamani Mamani, &nbsp;una joven de 25 a\u00f1os que se encuentra desaparecida desde el 21 de noviembre, se constituy\u00f3 en querellante particular en la causa penal que se inicia en la unidad judicial 2.<\/p>\n<p>Delicia, estudiante del Profesorado de Primaria en la Escuela Normal Superior Alejandro Carbo, sali\u00f3 de su hogar en Malague\u00f1o sin despedirse y sin llevar dinero consigo.&nbsp;<\/p>\n<p>A pesar de los esfuerzos de su familia y la difusi\u00f3n en redes sociales, no hay a\u00fan noticias de su paradero.<\/p>\n<figure data-html data-tadevel-template=\"web\/multimedia\" data-type=\"rich\" data-url=\"https:\/\/www.cba24n.com.ar\/cordoba\/buscan-a-una-estudiante-del-carbo-desaparecida-desde-el-viernes-pasado_a6929fd02336dd553d68605df\"><figcaption>\n<p>Buscan a una estudiante del Carb\u00f3 desaparecida desde el viernes pasado<\/p>\n<\/figcaption><\/figure>\n<p>La madre de Delicia, Maria Mamani Mamani, expres\u00f3 su preocupaci\u00f3n y enojo ante la situaci\u00f3n y solicit\u00f3 que se realicen todas las diligencias necesarias para dar con el paradero de su hija y esclarecer los hechos.<\/p>\n<p><i>\u00abEs importante destacar que, como v\u00edctima de un delito, Delicia tiene derecho a una tutela judicial efectiva y a la protecci\u00f3n integral, tal como lo establecen las 100 Reglas de Brasilia\u00bb,<\/i> declar\u00f3 la Dra. Natalia Lescano, abogada de la familia.<\/p>\n<p>Las 100 Reglas de Brasilia establecen est\u00e1ndares para garantizar el acceso a la justicia de personas en condici\u00f3n de vulnerabilidad, como es el caso de Delicia, una joven inmigrante de bajos recursos.<\/p>\n<p>La familia de Delicia pide que se tenga en cuenta la posibilidad de que se trate de un caso de trata de personas y solicita la colaboraci\u00f3n de la comunidad para encontrar a la joven.<\/p>\n<h3>Detalles de la desaparici\u00f3n:<\/h3>\n<p>\u2013 Fecha: 21 de noviembre de 2025<br \/>\u2013 Lugar: Malague\u00f1o, C\u00f3rdoba<br \/>\u2013 Edad: 25 a\u00f1os<br \/>\u2013 Descripci\u00f3n: Delicia es una joven de estatura media, cabello oscuro y ojos negros.<br \/>&nbsp;<\/p>\n","protected":false},"excerpt":{"rendered":"<p>La madre de Delicia Mamani Mamani, &nbsp;una joven de 25 a\u00f1os que se encuentra desaparecida desde el 21 de noviembre, se constituy\u00f3 en querellante particular en la causa penal que se inicia en la unidad judicial 2. Delicia, estudiante del Profesorado de Primaria en la Escuela Normal Superior Alejandro Carbo, sali\u00f3 de su hogar en [&hellip;]<\/p>\n","protected":false},"author":1,"featured_media":176482,"comment_status":"closed","ping_status":"closed","sticky":false,"template":"","format":"standard","meta":[],"categories":[2],"tags":[],"_links":{"self":[{"href":"http:\/\/cordobainforma.info\/index.php\/wp-json\/wp\/v2\/posts\/176481"}],"collection":[{"href":"http:\/\/cordobainforma.info\/index.php\/wp-json\/wp\/v2\/posts"}],"about":[{"href":"http:\/\/cordobainforma.info\/index.php\/wp-json\/wp\/v2\/types\/post"}],"author":[{"embeddable":true,"href":"http:\/\/cordobainforma.info\/index.php\/wp-json\/wp\/v2\/users\/1"}],"replies":[{"embeddable":true,"href":"http:\/\/cordobainforma.info\/index.php\/wp-json\/wp\/v2\/comments?post=176481"}],"version-history":[{"count":0,"href":"http:\/\/cordobainforma.info\/index.php\/wp-json\/wp\/v2\/posts\/176481\/revisions"}],"wp:featuredmedia":[{"embeddable":true,"href":"http:\/\/cordobainforma.info\/index.php\/wp-json\/wp\/v2\/media\/176482"}],"wp:attachment":[{"href":"http:\/\/cordobainforma.info\/index.php\/wp-json\/wp\/v2\/media?parent=176481"}],"wp:term":[{"taxonomy":"category","embeddable":true,"href":"http:\/\/cordobainforma.info\/index.php\/wp-json\/wp\/v2\/categories?post=176481"},{"taxonomy":"post_tag","embeddable":true,"href":"http:\/\/cordobainforma.info\/index.php\/wp-json\/wp\/v2\/tags?post=176481"}],"curies":[{"name":"wp","href":"https:\/\/api.w.org\/{rel}","templated":true}]}}