{"id":176439,"date":"2025-12-01T06:54:38","date_gmt":"2025-12-01T06:54:38","guid":{"rendered":"https:\/\/www.mujerhoy.com\/vivir\/fitness\/como-combinar-cardio-fuerza-flexibilidad-durante-semana-20251201120913-nt.html"},"modified":"2025-12-01T06:54:38","modified_gmt":"2025-12-01T06:54:38","slug":"como-combinar-cardio-fuerza-y-flexibilidad-durante-la-semana-para-tener-un-cuerpo-y-corazon-de-atleta","status":"publish","type":"post","link":"http:\/\/cordobainforma.info\/index.php\/2025\/12\/01\/como-combinar-cardio-fuerza-y-flexibilidad-durante-la-semana-para-tener-un-cuerpo-y-corazon-de-atleta\/","title":{"rendered":"C\u00f3mo combinar cardio, fuerza y flexibilidad durante la semana para tener un cuerpo y coraz\u00f3n de atleta"},"content":{"rendered":"<div class=\"media_block\"><\/div>\n<p><!-- AUTHOR --><\/p>\n<div class=\"voc-author-timesocial \">\n<!-- AUTHOR --><\/p>\n<div class=\"voc-author-timesocial__signature \">\n<!-- IMAGE AUTHOR -->\n<picture class=\"voc-image-signature\">\n<img class=\"voc-image-signature__img\" src=\"http:\/\/cordobainforma.info\/wp-content\/uploads\/2025\/12\/como-combinar-cardio-fuerza-y-flexibilidad-durante-la-semana-para-tener-un-cuerpo-y-corazon-de-atleta.jpg\" alt=\"Tamara Vila\">\n<\/picture>\n<!-- INFO AUTHOR --><\/p>\n<div class=\"voc-author-timesocial__info\" data-mrf-recirculation=\"Autor\">\n<div class=\"voc-author-info\">\n<author><br \/>\n<a class=\"voc-author\" href=\"https:\/\/www.mujerhoy.com\/autor\/tamara-vila-4527.html\">Tamara Vila<\/a><br \/>\n<\/author><br \/>\n<!-- TIME --><br \/>\n<time datetime=\"2025-12-01T06:54:38Z\" data-timestamp><br \/>\nPublicado \u00b7 <span data-voc-date-modified-short> 1 de diciembre de 2025, 07:54 h <\/span><br \/>\n<\/time>\n<\/div>\n<\/div>\n<\/div><\/div>\n<p><!-- COMPONENTS --><\/p>\n<p class=\"voc-paragraph\">Suele ocurrir. Est\u00e1s vestida y lista para empezar tu entrenamiento y realmente no sabes por d\u00f3nde empezar. Despu\u00e9s de varios minutos pensando tu nivel de motivaci\u00f3n ha bajado tanto que empiezas de mala gana o, en el peor de los casos, abandonas. Eso no te ocurrir\u00eda si hubieras dise\u00f1ado un buen plan semanal que incluyera <a href=\"https:\/\/www.mujerhoy.com\/vivir\/fitness\/rutina-mes-cardio-flexibilidad-fuerza-yoga-perder-peso-ejercicio-por-primera-vez-20240330092838-nt.html\" data-voc-vtm-id=\"in-text-traffic\" title=\"ejercicios de cardio, fuerza y flexibilidad\" data-mrf-link=\"www.mujerhoy.com\">ejercicios de cardio, fuerza y flexibilidad<\/a>. Tranquila, que aqu\u00ed lo tienes todo.<\/p>\n<p class=\"voc-paragraph\">Un plan de ejercicios soluciona cualquier indecisi\u00f3n y te acerca a tus objetivos de fitness mucho m\u00e1s r\u00e1pido que una selecci\u00f3n aleatoria de entrenamientos. Solo necesitas una <strong>rutina semanal de ejercicios inteligente y eficiente<\/strong> para ponerte en marcha. Si no sabes por d\u00f3nde empezar, buscar un equilibrio entre cada categor\u00eda para cubrir todas tus necesidades de ejercicio. A partir de ah\u00ed, puedes ajustar el plan seg\u00fan sea necesario.<\/p>\n<div class=\"v-c-cmp v-c-cmp--t1 \">\n<div class=\"v-cmp-rld v-cmp-rld--2 \">\n<div class=\"v-cnt-m v-cnt-m--m\">\n<div class=\"v-cnt-m__c\">\n<div class=\"v-cnt-m__w v-cnt-m__w--1\">\n<p class=\"v-cnt-m__t\">\nTAMBI\u00c9N TE INTERESA\n<\/p>\n<\/div>\n<\/div>\n<\/div>\n<div class=\"v-g v-g--2-c v-g--bdr-min-xs\">\n<div class=\"v-g__c \">\n<article class=\"v-a v-a--cmp-rld v-a--cmp-rld-2 v-a--p-l\">\n<div class=\"v-a-img-c\">\n<figure class=\"v-a-fig\">\n<a href=\"https:\/\/www.mujerhoy.com\/vivir\/fitness\/ejercicios-fuerza-aumentan-anos-vida-longevidad-hacer-en-casa-20251023220758-nt.html#vtm_modulosEngag=mod-rel:vivir:noticia:1:cmp:2-not\" class=\"v-a-link\" title=\"Los 5 ejercicios de fuerza que aumentan tus a\u00f1os de vida (y que puedes hacer en casa)\"><br \/>\n<img loading=\"lazy\" class=\"v-a-img\" src=\"http:\/\/cordobainforma.info\/wp-content\/uploads\/2025\/12\/como-combinar-cardio-fuerza-y-flexibilidad-durante-la-semana-para-tener-un-cuerpo-y-corazon-de-atleta-1.jpg\" alt=\"Los 5 ejercicios de fuerza que aumentan tus a\u00f1os de vida (y que puedes hacer en casa)\"><br \/>\n<\/a><br \/>\n<\/figure>\n<\/div>\n<\/article>\n<\/div>\n<div class=\"v-g__c \">\n<article class=\"v-a v-a--cmp-rld v-a--cmp-rld-2 v-a--p-l\">\n<div class=\"v-a-img-c\">\n<figure class=\"v-a-fig\">\n<a href=\"https:\/\/www.mujerhoy.com\/vivir\/fitness\/elevacion-piernas-core-comprometido-ejercicio-endurecer-abdominales-vientre-plano-50-20250921153415-nt.html#vtm_modulosEngag=mod-rel:vivir:noticia:2:cmp:2-not\" class=\"v-a-link\" title=\"Elevaci\u00f3n de piernas con core comprometido, un ejercicio ideal para endurecer abdominales y tener vientre plano a los 50\"><br \/>\n<img loading=\"lazy\" class=\"v-a-img\" src=\"http:\/\/cordobainforma.info\/wp-content\/uploads\/2025\/12\/como-combinar-cardio-fuerza-y-flexibilidad-durante-la-semana-para-tener-un-cuerpo-y-corazon-de-atleta-2.jpg\" alt=\"Elevaci\u00f3n de piernas con core comprometido, un ejercicio ideal para endurecer abdominales y tener vientre plano a los 50\"><br \/>\n<\/a><br \/>\n<\/figure>\n<\/div>\n<\/article>\n<\/div>\n<\/div>\n<\/div>\n<\/div>\n<p class=\"voc-paragraph\">Si bien los objetivos, las preferencias y el tiempo disponible hacen que cada persona tenga un horario diferente, hay algunos elementos que deben incluirse en la rutina de ejercicios de cada persona para promover el bienestar general. Estos incluyen <a href=\"https:\/\/www.mujerhoy.com\/vivir\/fitness\/entrenamiento-cardiovascular-bajo-impacto-perfecto-mayores-50-anos-sudar-articulaciones-20240609093437-nt.html\" data-voc-vtm-id=\"in-text-traffic\" title=\"entrenamiento cardiovascular\" data-mrf-link=\"www.mujerhoy.com\">entrenamiento cardiovascular<\/a>, entrenamientos de fuerza, trabajo de movilidad y flexibilidad, y mucho descanso y recuperaci\u00f3n.<\/p>\n<p class=\"voc-paragraph\">Como punto de referencia para la salud y el bienestar general, los adultos deber\u00edan realizar 150 minutos de ejercicio de intensidad moderada, 75 minutos de <strong>ejercicio de intensidad vigorosa<\/strong> o una combinaci\u00f3n equivalente de ambos cada semana, seg\u00fan la Organizaci\u00f3n Mundial de la Salud (OMS). Teniendo en cuenta lo anterior, as\u00ed podr\u00edas organizar tus entrenamientos semanales para cumplir todos los requisitos\u2026<\/p>\n<p><h3 class=\"v-cmp-suh\">\nCardio: 2-3 entrenamientos por semana<br \/>\n<\/h3>\n<\/p>\n<p class=\"voc-paragraph\">Hacer cardio no tiene por qu\u00e9 significar correr, aunque este sea un excelente entrenamiento para fortalecer los huesos y el coraz\u00f3n. El entrenamiento cardiovascular (es decir, <a href=\"https:\/\/www.mujerhoy.com\/vivir\/fitness\/201601\/20\/ejercicio-aerobico-anaerobico-diferencias-20160120165704.html\" data-voc-vtm-id=\"in-text-traffic\" title=\"el ejercicio aer\u00f3bico\" data-mrf-link=\"www.mujerhoy.com\">el ejercicio aer\u00f3bico<\/a>) es cualquier ejercicio que aumente la frecuencia card\u00edaca y exija la respiraci\u00f3n. Esto puede incluir remo, nataci\u00f3n, ciclismo, entrenamientos con peso corporal (<strong>incluido el baile o el power yoga<\/strong>) o incluso sesiones de levantamiento de pesas a ritmo r\u00e1pido. La clave es alcanzar una intensidad moderada, que equivale aproximadamente a un 5 o 6 en una escala de esfuerzo percibido de 0 a 10, o a zonas de entrenamiento de frecuencia card\u00edaca 2 o 3.<\/p>\n<p class=\"voc-paragraph\">El entrenamiento cardiovascular es excelente para la salud del coraz\u00f3n y los pulmones, pero el cardio de alta intensidad tambi\u00e9n puede ser excelente para la salud cognitiva\/cerebral, <strong>as\u00ed como para la salud metab\u00f3lica<\/strong>. Si lo haces de alto impacto (como saltos, saltos y otros movimientos pliom\u00e9tricos), tambi\u00e9n obtendr\u00e1s ayuda para el desarrollo \u00f3seo. Adem\u00e1s, el cardio puede ayudar a mejorar la resistencia en los entrenamientos de fuerza.<\/p>\n<p><h3 class=\"v-cmp-suh\">\nEntrenamiento de fuerza: 2-3 sesiones por semana<br \/>\n<\/h3>\n<\/p>\n<p class=\"voc-paragraph\">El entrenamiento de fuerza incluye cualquier trabajo que utiliza resistencia para desarrollar m\u00fasculo. Esta resistencia puede provenir de pesas, bandas de resistencia, m\u00e1quinas o tu propio peso corporal. Hay una raz\u00f3n por la que las organizaciones de salud recomiendan al menos dos d\u00edas de <a href=\"https:\/\/www.mujerhoy.com\/vivir\/fitness\/rutina-10-ejercicios-fuerza-sin-material-casa-adelgazar-tonificar-cuerpo-20250820122426-nt.html\" data-voc-vtm-id=\"in-text-traffic\" title=\"entrenamiento de fuerza\" data-mrf-link=\"www.mujerhoy.com\">entrenamiento de fuerza<\/a> para todos los grupos musculares: ofrece importantes beneficios para la salud de mujeres de todas las edades y capacidades.<\/p>\n<p class=\"voc-paragraph\">La fuerza es importante para aumentar o mantener la masa muscular, mejorar o mantener la densidad \u00f3sea y reducir el riesgo de lesiones. Tambi\u00e9n es clave para la <a href=\"https:\/\/www.mujerhoy.com\/vivir\/bienestar\/diez-claves-expertos-acelerar-metabolismo-adelgazar-20240526083950-nt.html\" data-voc-vtm-id=\"in-text-traffic\" title=\"salud metab\u00f3lica general\" data-mrf-link=\"www.mujerhoy.com\">salud metab\u00f3lica general<\/a>. Adem\u00e1s, el entrenamiento de fuerza complementa los entrenamientos cardiovasculares y viceversa. Funcionan bien juntos, mejorando el equilibrio y la estabilidad, la potencia, la forma y la eficiencia.<\/p>\n<p><h3 class=\"v-cmp-suh\">\nFlexibilidad y movilidad: un entrenamiento por semana<br \/>\n<\/h3>\n<\/p>\n<p class=\"voc-paragraph\">Recuerda que <strong>la flexibilidad y la movilidad<\/strong> no son lo mismo. La flexibilidad ser\u00eda algo as\u00ed como la distancia que puedes estirar un m\u00fasculo y en la movilidad ser\u00eda como la forma en que puedes usar esa flexibilidad mientras te mueves activamente. Ambas son importantes, pero la movilidad te acompa\u00f1ar\u00e1 durante d\u00e9cadas de entrenamiento y es esencial para asegurarte de moverte bien y con la t\u00e9cnica correcta. <\/p>\n<div class=\"v-c-cmp v-c-cmp--s\">\n<div class=\"v-cmp-m \">\n<article class=\"v-a v-a--cmp-m v-c-cmp--m-z\">\n<div class=\"v-a-img-c \">\n<div class=\"v-a-fig\">\n<button class=\"v-a-link\" popovertarget=\"photo-849\"><br \/>\n<img loading=\"lazy\" src=\"http:\/\/cordobainforma.info\/wp-content\/uploads\/2025\/12\/como-combinar-cardio-fuerza-y-flexibilidad-durante-la-semana-para-tener-un-cuerpo-y-corazon-de-atleta-3.jpg\" class=\"v-a-img\" width=\"650\" height=\"650\" alt=\"Mujer con un look deportivo en la calle.\" data-voc-vtm-id=\"in-text-traffic\"> <\/button><figcaption class=\"v-fc\">\n<span class=\"v-fc__t\"><br \/>\nMujer con un look deportivo en la calle.<br \/>\n<\/span><br \/>\n<span class=\"v-fc__p\"><br \/>\nINSTAGRAM @ALO<br \/>\n<\/span><br \/>\n<\/figcaption><\/div>\n<\/div>\n<div id=\"photo-849\" popover class=\"v-mdl v-mdl--fw\">\n<button class=\"v-x\" popovertarget=\"photo-849\" popovertargetaction=\"hide\"><br \/>\n<span class=\"v-i\"><br \/>\n<svg width=\"24\" height=\"23.996\" viewBox=\"0 0 24 23.996\">\n<path data-name=\"Uni\u00f3n 29\" d=\"M12,14.03,2.031,24,0,21.963,9.968,12,0,2.033,2.031,0,12,9.966,21.969,0,24,2.033,14.032,12,24,21.963,21.969,24Z\" \/>\n<\/svg><br \/>\n<\/span><br \/>\n<\/button><\/p>\n<div class=\"v-mdl__c\">\n<div class=\"v-mdl__w\">\n<img loading=\"lazy\" src=\"http:\/\/cordobainforma.info\/wp-content\/uploads\/2025\/12\/como-combinar-cardio-fuerza-y-flexibilidad-durante-la-semana-para-tener-un-cuerpo-y-corazon-de-atleta-3.jpg\" class=\"v-mdl__img-z\" width=\"650\" height=\"650\" alt>\n<\/div>\n<\/div>\n<\/div>\n<p><span class=\"v-bdp\"><\/span><br \/>\n<\/article>\n<\/div>\n<\/div>\n<p class=\"voc-paragraph\">Esto no solo minimiza el riesgo de lesiones, sino que tambi\u00e9n mejora tu rendimiento en otras actividades, como <strong>correr o participar en deportes recreativos<\/strong>. Puedes trabajar tu flexibilidad estirando o abordar las dos categor\u00edas con pr\u00e1ctica constante de modalidades tan populares como el yoga y el Pilates.<\/p>\n<p><h3 class=\"v-cmp-suh\">\nDescanso y recuperaci\u00f3n: al menos un d\u00eda por semana<br \/>\n<\/h3>\n<\/p>\n<p class=\"voc-paragraph\">Los expertos recomiendan tomar al menos un d\u00eda de descanso completo por semana y valorar la opci\u00f3n de a\u00f1adir uno o dos d\u00edas m\u00e1s de recuperaci\u00f3n activa. La recuperaci\u00f3n activa puede incluir estiramientos, ejercicios de movilidad o pr\u00e1cticas de baja intensidad de yoga y Pilates. Sin embargo, el verdadero descanso (tambi\u00e9n conocido como recuperaci\u00f3n pasiva) implica tomarse un descanso de cualquier actividad f\u00edsica. El descanso es clave porque le da tiempo al cuerpo para <strong>recuperarse y reconstruirse<\/strong> despu\u00e9s de entrenamientos exigentes, lo que en \u00faltima instancia ayuda a seguir progresando y a prevenir el sobreentrenamiento. <\/p>\n<div class=\"v-c-cmp v-c-cmp--t1 \">\n<div class=\"v-cmp-rld v-cmp-rld--2 \">\n<div class=\"v-cnt-m v-cnt-m--m\">\n<div class=\"v-cnt-m__c\">\n<div class=\"v-cnt-m__w v-cnt-m__w--1\">\n<p class=\"v-cnt-m__t\">\nTAMBI\u00c9N TE INTERESA\n<\/p>\n<\/div>\n<\/div>\n<\/div>\n<div class=\"v-g v-g--2-c v-g--bdr-min-xs\">\n<div class=\"v-g__c \">\n<article class=\"v-a v-a--cmp-rld v-a--cmp-rld-2 v-a--p-l\">\n<div class=\"v-a-img-c\">\n<figure class=\"v-a-fig\">\n<a href=\"https:\/\/www.mujerhoy.com\/vivir\/fitness\/caminar-hacia-atras-ejercicio-mejorar-equilibrio-piernas-bonitas-50-20250920130713-nt.html#vtm_modulosEngag=mod-rel:vivir:noticia:1:cmp:2-not\" class=\"v-a-link\" title=\"Caminar hacia atr\u00e1s, el ejercicio m\u00e1s f\u00e1cil y efectivo para mejorar equilibrio y tener las piernas m\u00e1s bonitas a los 50\"><br \/>\n<img loading=\"lazy\" class=\"v-a-img\" src=\"http:\/\/cordobainforma.info\/wp-content\/uploads\/2025\/12\/como-combinar-cardio-fuerza-y-flexibilidad-durante-la-semana-para-tener-un-cuerpo-y-corazon-de-atleta-4.jpg\" alt=\"Caminar hacia atr\u00e1s, el ejercicio m\u00e1s f\u00e1cil y efectivo para mejorar equilibrio y tener las piernas m\u00e1s bonitas a los 50\"><br \/>\n<\/a><br \/>\n<\/figure>\n<\/div>\n<\/article>\n<\/div>\n<div class=\"v-g__c \">\n<article class=\"v-a v-a--cmp-rld v-a--cmp-rld-2 v-a--p-l\">\n<div class=\"v-a-img-c\">\n<figure class=\"v-a-fig\">\n<a href=\"https:\/\/www.mujerhoy.com\/vivir\/fitness\/postura-avion-dekasana-yoga-tonificar-piernas-postura-estilizar-50-20251011125245-nt.html#vtm_modulosEngag=mod-rel:vivir:noticia:2:cmp:2-not\" class=\"v-a-link\" title=\"Postura del avi\u00f3n (Dekasana), yoga para tonificar piernas, corregir postura y estilizar silueta a los 50\"><br \/>\n<img loading=\"lazy\" class=\"v-a-img\" src=\"http:\/\/cordobainforma.info\/wp-content\/uploads\/2025\/12\/como-combinar-cardio-fuerza-y-flexibilidad-durante-la-semana-para-tener-un-cuerpo-y-corazon-de-atleta-5.jpg\" alt=\"Postura del avi\u00f3n (Dekasana), yoga para tonificar piernas, corregir postura y estilizar silueta a los 50\"><br \/>\n<\/a><br \/>\n<\/figure>\n<\/div>\n<\/article>\n<\/div>\n<\/div>\n<\/div>\n<\/div>\n","protected":false},"excerpt":{"rendered":"<p>Tamara Vila Publicado \u00b7 1 de diciembre de 2025, 07:54 h Suele ocurrir. Est\u00e1s vestida y lista para empezar tu entrenamiento y realmente no sabes por d\u00f3nde empezar. Despu\u00e9s de varios minutos pensando tu nivel de motivaci\u00f3n ha bajado tanto que empiezas de mala gana o, en el peor de los casos, abandonas. Eso no [&hellip;]<\/p>\n","protected":false},"author":1,"featured_media":176440,"comment_status":"open","ping_status":"closed","sticky":false,"template":"","format":"standard","meta":[],"categories":[18],"tags":[],"_links":{"self":[{"href":"http:\/\/cordobainforma.info\/index.php\/wp-json\/wp\/v2\/posts\/176439"}],"collection":[{"href":"http:\/\/cordobainforma.info\/index.php\/wp-json\/wp\/v2\/posts"}],"about":[{"href":"http:\/\/cordobainforma.info\/index.php\/wp-json\/wp\/v2\/types\/post"}],"author":[{"embeddable":true,"href":"http:\/\/cordobainforma.info\/index.php\/wp-json\/wp\/v2\/users\/1"}],"replies":[{"embeddable":true,"href":"http:\/\/cordobainforma.info\/index.php\/wp-json\/wp\/v2\/comments?post=176439"}],"version-history":[{"count":0,"href":"http:\/\/cordobainforma.info\/index.php\/wp-json\/wp\/v2\/posts\/176439\/revisions"}],"wp:featuredmedia":[{"embeddable":true,"href":"http:\/\/cordobainforma.info\/index.php\/wp-json\/wp\/v2\/media\/176440"}],"wp:attachment":[{"href":"http:\/\/cordobainforma.info\/index.php\/wp-json\/wp\/v2\/media?parent=176439"}],"wp:term":[{"taxonomy":"category","embeddable":true,"href":"http:\/\/cordobainforma.info\/index.php\/wp-json\/wp\/v2\/categories?post=176439"},{"taxonomy":"post_tag","embeddable":true,"href":"http:\/\/cordobainforma.info\/index.php\/wp-json\/wp\/v2\/tags?post=176439"}],"curies":[{"name":"wp","href":"https:\/\/api.w.org\/{rel}","templated":true}]}}