{"id":176424,"date":"2025-12-01T16:06:00","date_gmt":"2025-12-01T16:06:00","guid":{"rendered":"http:\/\/cordobainforma.info\/index.php\/2025\/12\/01\/empresario-cordobes-que-voto-a-milei-y-fabrica-heladeras-si-no-logramos-pasar-esta-barrera-vamos-a-tener-que-cerrar\/"},"modified":"2025-12-01T16:06:00","modified_gmt":"2025-12-01T16:06:00","slug":"empresario-cordobes-que-voto-a-milei-y-fabrica-heladeras-si-no-logramos-pasar-esta-barrera-vamos-a-tener-que-cerrar","status":"publish","type":"post","link":"http:\/\/cordobainforma.info\/index.php\/2025\/12\/01\/empresario-cordobes-que-voto-a-milei-y-fabrica-heladeras-si-no-logramos-pasar-esta-barrera-vamos-a-tener-que-cerrar\/","title":{"rendered":"Empresario cordob\u00e9s que vot\u00f3 a Milei y fabrica heladeras: \u00abSi no logramos pasar esta barrera, vamos a tener que cerrar\u00bb"},"content":{"rendered":"<div class=\"media_block\"><\/div>\n<div><img src=\"http:\/\/cordobainforma.info\/wp-content\/uploads\/2025\/12\/empresario-cordobes-que-voto-a-milei-y-fabrica-heladeras-si-no-logramos-pasar-esta-barrera-vamos-a-tener-que-cerrar.jpg\" class=\"ff-og-image-inserted\"><\/div>\n<p>El presidente de <strong>FAM SA<\/strong>, <strong>C\u00e9sar Maccio<\/strong>, advirti\u00f3 por la dif\u00edcil situaci\u00f3n que atraviesa su f<strong>\u00e1brica de heladeras y termotanques solares<\/strong> por la apertura de las<strong> importaciones<\/strong> al asegurar que <strong>\u00absi no logra pasar esta barrera, va a cerrar<\/strong>\u00ab.<\/p>\n<p>\u201c<strong>Nos ha llevado 25 a\u00f1os meternos en el mercado<\/strong> y formar parte de esta red de fabricantes que son 14, 15 las empresas m\u00e1s grandes del pa\u00eds y que <strong>competimos a capa y espada entre todos porque el mercado es muy competitivo<\/strong>\u201d, explic\u00f3.<\/p>\n<p>\u201cYa en el 2016,2017 tuvimos con Macri una apertura de frontera a donde <strong>nuestras ventas cayeron, no el 30%, sino el 70%<\/strong>. Nos quedamos con el 30% de la producci\u00f3n y f<strong>ue all\u00e1 cuando incorporamos los termotanques solares<\/strong> como para darle a nuestro<em> know-how<\/em> de conocimiento de manejo de chapa y poliuretano alg\u00fan rubro distinto que nos pudiera permitir sostener la capacidad instalada\u201d, agreg\u00f3 en declaraciones a <em>Mitre C\u00f3rdoba<\/em>.<\/p>\n<p class=\"destacadoNota\"><a target=\"_blank\" href=\"https:\/\/www.perfil.com\/noticias\/cordoba\/especialista-advirtio-que-pobreza-multidimensional-en-argentina-alcanza-67-no-el-316-oficial.phtml\" rel=\"noopener noreferrer\">Especialista advirti\u00f3 que pobreza multidimensional en Argentina alcanza 67%, no el 31,6% oficial<\/a><\/p>\n<h2>Importaciones<\/h2>\n<p>\u201c<strong>Hoy estamos en una similar situaci\u00f3n, otra vez con la frontera abierta, otra vez con la asimetr\u00eda de los chinos<\/strong> que subsidian el producto terminado con un 15% de retorno de impuestos\u201d, precis\u00f3 el empresario.<\/p>\n<p>Y luego detall\u00f3: \u201cNosotros compramos los insumos para hacer el mismo producto base 100 y el chino nos manda el producto terminado base 85\u201d.<\/p>\n<h2>Costo argentino<\/h2>\n<p>\u201cLa diferencia est\u00e1 siempre en el <strong>costo argentino <\/strong>que tenemos con la <strong>gran presi\u00f3n impositiva y sobre todo la reimposici\u00f3n de impuestos<\/strong> como el ingreso bruto o el impuesto municipal, a donde toda la cadena de proveedores locales, cada vez que facturan, reimponen nuevamente esos impuestos, que no son desgravables, obviamente.<\/p>\n<p>Adem\u00e1s se\u00f1al\u00f3 que <strong>\u201cestamos con un promedio de salario alrededor de los mil d\u00f3lares<\/strong>\u201d con \u201cuna jornada de trabajo de 184 horas normales que restando los feriados promedio, son <strong>170 horas de trabajo<\/strong>\u201d mientras que \u201c<strong>los chinos trabajan alrededor de 300 horas mensuales por 600 d\u00f3lares<\/strong>\u201d.<\/p>\n<p>Aunque despu\u00e9s aclar\u00f3 que de \u00abninguna manera\u00bb es su intenci\u00f3n de que los empleados trabajen la misma cantidad de horas que se trabajan en el pa\u00eds asi\u00e1tico.<\/p>\n<p>\u00abLa mano de obra en la Argentina, los mil d\u00f3lares que te hablo hoy que cobra un operario promedio, no le alcanzan ni a la mitad de lo que le alcanza al chino los 600\u00bb, puntualiz\u00f3.<\/p>\n<h2>El voto a Milei<\/h2>\n<p>Al ser consultado por el periodista <em>Jorge \u201cPetete\u201d Mart\u00ednez<\/em> sobre si hab\u00eda votado al presidente <strong>Javier Milei<\/strong>, el empresario respondi\u00f3: \u201c<strong>Es cierto, lo vot\u00e9<\/strong>. Porque necesit\u00e1bamos un cambio, necesit\u00e1bamos pol\u00edticas transparentes, necesit\u00e1bamos sincerar muchas cosas, dejar de subsidiar los servicios, y dejar de tener que transar con el gobierno para poder adquirir las materias primas\u201d.<\/p>\n<h2>\u201cNo les importa que la industria pierda puestos\u201d<\/h2>\n<p>\u201cA mi criterio esto es re simple. <strong>A ellos no les importa que hoy la industria pierda puestos de trabajo<\/strong> porque <strong>consideran que todos esos puestos de trabajo ser\u00e1n absorbidos m\u00e1s adelante por empresas de servicios<\/strong>\u201d, asever\u00f3.<\/p>\n<p>\u201cAl igual que Chile, no producen nada, simplemente producen bienes primarios, energ\u00eda, cobre, alg\u00fan agroalimento\u201d, ejemplific\u00f3.<\/p>\n<p>\u201c<strong>Una vez que nos aniquile a todas las empresas y ya no le podamos pagar m\u00e1s el gasto, \u00bfqui\u00e9n va a pagar la fiesta? Si todav\u00eda nadie se reconvirti\u00f3 a una empresa de servicios<\/strong>\u201d, advirti\u00f3 Maccio.<\/p>\n<p class=\"destacadoNota\"><a target=\"_blank\" href=\"https:\/\/www.perfil.com\/noticias\/cordoba\/economia-popular-en-cordoba-el-lente-que-revela-a-los-nuevos-trabajadores-pobres.phtml\" rel=\"noopener noreferrer\">Econom\u00eda popular en C\u00f3rdoba: el lente que revela a los nuevos trabajadores pobres<\/a><\/p>\n<h2>Preocupaci\u00f3n<\/h2>\n<p>\u201cEs una lucha permanente, estoy en contacto con la gente todo el d\u00eda. Me paso dentro de la planta, y dici\u00e9ndole, transmiti\u00e9ndole: \u00b4muchachos, tenemos que ser competitivos para poder subsistir. Entiendan que<strong> si no logramos pasar esta barrera, vamos a tener que cerrar la empresa<\/strong>\u00b4\u201d, relat\u00f3.<\/p>\n<p>\u201cA veces transmitirle eso a un empleado es duro porque \u00e9l cree que est\u00e1 haciendo su mejor esfuerzo o al menos con venir y estar todo el d\u00eda en la empresa se est\u00e1 ganando su sueldo y a veces no pasa. <strong>Simplemente es como en el f\u00fatbol o ganamos partidos o nos vamos al descenso y a otro campeonato, otra liga, no s\u00e9. Es lo que nos est\u00e1 pasando hoy<\/strong>\u201d, concluy\u00f3 con preocupaci\u00f3n.<\/p>\n","protected":false},"excerpt":{"rendered":"<p>El presidente de FAM SA, C\u00e9sar Maccio, advirti\u00f3 por la dif\u00edcil situaci\u00f3n que atraviesa su f\u00e1brica de heladeras y termotanques solares por la apertura de las importaciones al asegurar que \u00absi no logra pasar esta barrera, va a cerrar\u00ab. \u201cNos ha llevado 25 a\u00f1os meternos en el mercado y formar parte de esta red de [&hellip;]<\/p>\n","protected":false},"author":1,"featured_media":176425,"comment_status":"closed","ping_status":"closed","sticky":false,"template":"","format":"standard","meta":[],"categories":[2],"tags":[],"_links":{"self":[{"href":"http:\/\/cordobainforma.info\/index.php\/wp-json\/wp\/v2\/posts\/176424"}],"collection":[{"href":"http:\/\/cordobainforma.info\/index.php\/wp-json\/wp\/v2\/posts"}],"about":[{"href":"http:\/\/cordobainforma.info\/index.php\/wp-json\/wp\/v2\/types\/post"}],"author":[{"embeddable":true,"href":"http:\/\/cordobainforma.info\/index.php\/wp-json\/wp\/v2\/users\/1"}],"replies":[{"embeddable":true,"href":"http:\/\/cordobainforma.info\/index.php\/wp-json\/wp\/v2\/comments?post=176424"}],"version-history":[{"count":0,"href":"http:\/\/cordobainforma.info\/index.php\/wp-json\/wp\/v2\/posts\/176424\/revisions"}],"wp:featuredmedia":[{"embeddable":true,"href":"http:\/\/cordobainforma.info\/index.php\/wp-json\/wp\/v2\/media\/176425"}],"wp:attachment":[{"href":"http:\/\/cordobainforma.info\/index.php\/wp-json\/wp\/v2\/media?parent=176424"}],"wp:term":[{"taxonomy":"category","embeddable":true,"href":"http:\/\/cordobainforma.info\/index.php\/wp-json\/wp\/v2\/categories?post=176424"},{"taxonomy":"post_tag","embeddable":true,"href":"http:\/\/cordobainforma.info\/index.php\/wp-json\/wp\/v2\/tags?post=176424"}],"curies":[{"name":"wp","href":"https:\/\/api.w.org\/{rel}","templated":true}]}}