{"id":176420,"date":"2025-12-01T14:07:36","date_gmt":"2025-12-01T14:07:36","guid":{"rendered":"https:\/\/cordoba.gob.ar\/?p=83801"},"modified":"2025-12-01T14:07:36","modified_gmt":"2025-12-01T14:07:36","slug":"passerini-inauguro-el-desague-pluvial-y-el-nuevo-corredor-de-sagrada-familia","status":"publish","type":"post","link":"http:\/\/cordobainforma.info\/index.php\/2025\/12\/01\/passerini-inauguro-el-desague-pluvial-y-el-nuevo-corredor-de-sagrada-familia\/","title":{"rendered":"Passerini inaugur\u00f3 el desag\u00fce pluvial y el nuevo corredor de Sagrada Familia"},"content":{"rendered":"<div><img src=\"http:\/\/cordobainforma.info\/wp-content\/uploads\/2025\/12\/passerini-inauguro-el-desague-pluvial-y-el-nuevo-corredor-de-sagrada-familia.jpg\" class=\"ff-og-image-inserted\"><\/div>\n<ul>\n<li><strong>Optimiza el drenaje de agua y mejora la calidad de vida a m\u00e1s de 20.000 cordobeses que residen en cercan\u00edas.<\/strong><\/li>\n<li><strong>La arteria se transform\u00f3 en un corredor: ampl\u00eda la circulaci\u00f3n de veh\u00edculos, ordena el tr\u00e1nsito y suma rampas de accesibilidad universal, luminarias y m\u00e1s verde.<\/strong><\/li>\n<\/ul>\n<hr>\n<p>En per\u00edodos de lluvia, la avenida Sagrada Familia concentra las escorrent\u00edas superficiales de ocho barrios a su alrededor, un hecho que causaba inconvenientes para automovilistas, peatones y residentes en el sector. Hoy, la Municipalidad de C\u00f3rdoba finaliz\u00f3 la obra de desag\u00fce pluvial en la arteria con una inversi\u00f3n de 4.200 millones, una acci\u00f3n que llevar\u00e1 tranquilidad y mejorar\u00e1 la calidad de vida a m\u00e1s de 20.000 vecinos y vecinas.<\/p>\n<p>Esta ma\u00f1ana, el intendente Daniel Passerini recorri\u00f3 la avenida por donde pasan de manera subterr\u00e1nea 1.400 metros lineales de ca\u00f1er\u00edas, desde el R\u00edo Suqu\u00eda hasta la intersecci\u00f3n con Duarte Quir\u00f3s. La obra de infraestructura evita anegamientos en sectores de los barrios Villa Siburu, Villa Alberdi, Las Palmas, Ampliaci\u00f3n Las Palmas, Uritorco, Las Dalias, San Salvador y Las Violetas.<\/p>\n<p>\u201c<em>Recordamos que en otras \u00e9pocas la avenida era un r\u00edo por la velocidad y captaci\u00f3n de agua de otros sectores, y con las intensas lluvias de este fin de semana ha tenido su prueba de fuego y ha respondido muy bien<\/em>\u201d, expres\u00f3 el secretario de Desarrollo Urbano, Diego Peralta, durante la inauguraci\u00f3n del tramo.<\/p>\n<p>\u201c<em>Adem\u00e1s de las ca\u00f1er\u00edas de gran porte que se ejecutaron, que llegan a di\u00e1metros desde 1,5 hasta 2 metros, cuenta con 38 puntos de captaci\u00f3n de sumideros a lo largo de toda la arteria<\/em>\u201d, a\u00f1adi\u00f3 Peralta.<\/p>\n<p>Dentro del plan integral de desag\u00fces, la Municipalidad ya ejecut\u00f3 obras en avenida V\u00e9lez Sarsfield, a metros de Circunvalaci\u00f3n, donde se reemplaz\u00f3 un antiguo conducto; y junto al Gobierno Provincial avanzan en el entubamiento del canal Misericordia y Madre Sacramento, ampliando el alcance de los beneficios a distintos puntos estrat\u00e9gicos de la capital cordobesa.<\/p>\n<p><strong>Corredor de Convivencia<\/strong><\/p>\n<p>De manera complementaria, se ejecutaron obras para transformar la avenida en un Corredor de Convivencia. Anteriormente, el estacionamiento en infracci\u00f3n comprim\u00eda el tr\u00e1nsito a un solo carril por sentido de circulaci\u00f3n y la gran mayor\u00eda de los conductores rebasaba invadiendo la calzada en contramano. La Municipalidad orden\u00f3 el estacionamiento para carga y descarga, personas con discapacidad y espacios de salud, y construy\u00f3 un bulevar con espacio verde: ahora circulan fluidamente dos veh\u00edculos por sentido y es m\u00e1s seguro para colectivos, automovilistas, motocicletas y peatones.<\/p>\n<p>Adem\u00e1s, se rehabilitaron 11.500 metros cuadrados de calzada con hormig\u00f3n, se incorporaron 50 rampas de accesibilidad universal y se instalaron 48 nuevas luminarias LED en el cantero central para reforzar la seguridad en el sector. Un importante aporte para una zona de intensa actividad comercial y de servicios de salud.<\/p>\n<p>En relaci\u00f3n a los Corredores de Convivencia, adem\u00e1s de la Av. Sagrada Familia tambi\u00e9n cuentan con nueva infraestructura la Av. Del Piamonte y la calle 27 de Abril, y avanzan las obras en Av. Maip\u00fa, Bv. San Juan y Av. Ambrosio Olmos.<\/p>\n","protected":false},"excerpt":{"rendered":"<p>Optimiza el drenaje de agua y mejora la calidad de vida a m\u00e1s de 20.000 cordobeses que residen en cercan\u00edas. La arteria se transform\u00f3 en un corredor: ampl\u00eda la circulaci\u00f3n de veh\u00edculos, ordena el tr\u00e1nsito y suma rampas de accesibilidad universal, luminarias y m\u00e1s verde. En per\u00edodos de lluvia, la avenida Sagrada Familia concentra las [&hellip;]<\/p>\n","protected":false},"author":1,"featured_media":176421,"comment_status":"closed","ping_status":"closed","sticky":false,"template":"","format":"standard","meta":[],"categories":[2],"tags":[],"_links":{"self":[{"href":"http:\/\/cordobainforma.info\/index.php\/wp-json\/wp\/v2\/posts\/176420"}],"collection":[{"href":"http:\/\/cordobainforma.info\/index.php\/wp-json\/wp\/v2\/posts"}],"about":[{"href":"http:\/\/cordobainforma.info\/index.php\/wp-json\/wp\/v2\/types\/post"}],"author":[{"embeddable":true,"href":"http:\/\/cordobainforma.info\/index.php\/wp-json\/wp\/v2\/users\/1"}],"replies":[{"embeddable":true,"href":"http:\/\/cordobainforma.info\/index.php\/wp-json\/wp\/v2\/comments?post=176420"}],"version-history":[{"count":0,"href":"http:\/\/cordobainforma.info\/index.php\/wp-json\/wp\/v2\/posts\/176420\/revisions"}],"wp:featuredmedia":[{"embeddable":true,"href":"http:\/\/cordobainforma.info\/index.php\/wp-json\/wp\/v2\/media\/176421"}],"wp:attachment":[{"href":"http:\/\/cordobainforma.info\/index.php\/wp-json\/wp\/v2\/media?parent=176420"}],"wp:term":[{"taxonomy":"category","embeddable":true,"href":"http:\/\/cordobainforma.info\/index.php\/wp-json\/wp\/v2\/categories?post=176420"},{"taxonomy":"post_tag","embeddable":true,"href":"http:\/\/cordobainforma.info\/index.php\/wp-json\/wp\/v2\/tags?post=176420"}],"curies":[{"name":"wp","href":"https:\/\/api.w.org\/{rel}","templated":true}]}}