{"id":176409,"date":"2025-12-01T14:35:23","date_gmt":"2025-12-01T14:35:23","guid":{"rendered":"http:\/\/cordobainforma.info\/index.php\/2025\/12\/01\/las-ventas-minoristas-pymes-cayeron-77-en-cordoba-durante-noviembre\/"},"modified":"2025-12-01T14:35:23","modified_gmt":"2025-12-01T14:35:23","slug":"las-ventas-minoristas-pymes-cayeron-77-en-cordoba-durante-noviembre","status":"publish","type":"post","link":"http:\/\/cordobainforma.info\/index.php\/2025\/12\/01\/las-ventas-minoristas-pymes-cayeron-77-en-cordoba-durante-noviembre\/","title":{"rendered":"Las ventas minoristas pymes cayeron 7,7% en <b>C\u00f3rdoba<\/b> durante noviembre"},"content":{"rendered":"<p>Llaryora propone al juez Carlos Rub\u00e9n Lezcano como <b>nuevo<\/b> fiscal General de <b>C\u00f3rdoba<\/b> &#8230; <b>Econom\u00eda<\/b> y Negocios &middot; El centinela ciego &middot; El Imperdible &middot; El&nbsp;&#8230; <\/p>\n","protected":false},"excerpt":{"rendered":"<p>Llaryora propone al juez Carlos Rub\u00e9n Lezcano como nuevo fiscal General de C\u00f3rdoba &#8230; Econom\u00eda y Negocios &middot; El centinela ciego &middot; El Imperdible &middot; El&nbsp;&#8230;<\/p>\n","protected":false},"author":1,"featured_media":0,"comment_status":"closed","ping_status":"closed","sticky":false,"template":"","format":"standard","meta":[],"categories":[23],"tags":[],"_links":{"self":[{"href":"http:\/\/cordobainforma.info\/index.php\/wp-json\/wp\/v2\/posts\/176409"}],"collection":[{"href":"http:\/\/cordobainforma.info\/index.php\/wp-json\/wp\/v2\/posts"}],"about":[{"href":"http:\/\/cordobainforma.info\/index.php\/wp-json\/wp\/v2\/types\/post"}],"author":[{"embeddable":true,"href":"http:\/\/cordobainforma.info\/index.php\/wp-json\/wp\/v2\/users\/1"}],"replies":[{"embeddable":true,"href":"http:\/\/cordobainforma.info\/index.php\/wp-json\/wp\/v2\/comments?post=176409"}],"version-history":[{"count":0,"href":"http:\/\/cordobainforma.info\/index.php\/wp-json\/wp\/v2\/posts\/176409\/revisions"}],"wp:attachment":[{"href":"http:\/\/cordobainforma.info\/index.php\/wp-json\/wp\/v2\/media?parent=176409"}],"wp:term":[{"taxonomy":"category","embeddable":true,"href":"http:\/\/cordobainforma.info\/index.php\/wp-json\/wp\/v2\/categories?post=176409"},{"taxonomy":"post_tag","embeddable":true,"href":"http:\/\/cordobainforma.info\/index.php\/wp-json\/wp\/v2\/tags?post=176409"}],"curies":[{"name":"wp","href":"https:\/\/api.w.org\/{rel}","templated":true}]}}