{"id":176370,"date":"2025-12-01T13:02:07","date_gmt":"2025-12-01T13:02:07","guid":{"rendered":"https:\/\/www.clarin.com\/deportes\/omar-felippe-deja-director-tecnico-central-cordoba_0_n3FR03JtXy.html"},"modified":"2025-12-01T13:02:07","modified_gmt":"2025-12-01T13:02:07","slug":"omar-de-felippe-deja-de-ser-el-director-tecnico-de-central-cordoba","status":"publish","type":"post","link":"http:\/\/cordobainforma.info\/index.php\/2025\/12\/01\/omar-de-felippe-deja-de-ser-el-director-tecnico-de-central-cordoba\/","title":{"rendered":"Omar De Felippe deja de ser el director t\u00e9cnico de Central C\u00f3rdoba"},"content":{"rendered":"<p><img src=\"http:\/\/cordobainforma.info\/wp-content\/uploads\/2025\/12\/omar-de-felippe-deja-de-ser-el-director-tecnico-de-central-cordoba.jpg\"><\/p>\n<div><img src=\"http:\/\/cordobainforma.info\/wp-content\/uploads\/2025\/12\/omar-de-felippe-deja-de-ser-el-director-tecnico-de-central-cordoba-2.jpg\" class=\"ff-og-image-inserted\"><\/div>\n<div id=\"element-body-0\" readability=\"60\">\n<p>Final de ciclo para <strong>Omar De Felippe<\/strong> en <strong>Central C\u00f3rdoba de Santiago del Estero<\/strong>. Si bien resta la confirmaci\u00f3n oficial por parte del club, el propio entrenador se encarg\u00f3 de avisar que no renovar\u00e1 el contrato que se vence este diciembre.<\/p>\n<\/div>\n<div id=\"element-body-1\" readability=\"61\">\n<p>Luego de la eliminaci\u00f3n frente a Estudiantes de La Plata el \u00faltimo s\u00e1bado en el estadio Madre de Ciudades, De Felippe se hab\u00eda referido a su renovaci\u00f3n, que ten\u00eda en vilo a los hinchas del club. <\/p>\n<\/div>\n<div id=\"element-body-2\" readability=\"61\">\n<p>\u00abNos juntaremos a hablar. Hay muchas cosas para resolver, saber cu\u00e1l es la idea del club y manifestar cu\u00e1l es la nuestra. A partir de ah\u00ed tomaremos una decisi\u00f3n. No hay apuro\u00bb, se\u00f1al\u00f3 tras la derrota por 1-0 ante el <em>Pincha <\/em>por los cuartos de final del Torneo Clausura.<\/p>\n<\/div>\n<div id=\"element-body-4\" readability=\"61\">\n<p>Pero horas despu\u00e9s, el DT fue mucho m\u00e1s enf\u00e1tico. \u00ab<strong>Se termina el contrato y no vamos a renovar<\/strong>. No renunci\u00e9. Un agradecimiento a todos por este lindo a\u00f1o\u00bb, expres\u00f3 De Felippe en di\u00e1logo con el diario El Liberal. <\/p>\n<\/div>\n<div id=\"element-body-5\" readability=\"63\">\n<p>Se trat\u00f3 de un ciclo dorado para Central C\u00f3rdoba. Es que despu\u00e9s de asumir en julio de 2024, tras la salida del colombiano Lucas Gonz\u00e1lez V\u00e9lez, el entrenador dirigi\u00f3 69 partidos y <strong>se consagr\u00f3 campe\u00f3n de la Copa Argentina<\/strong> <strong>2024<\/strong> tras ganarle la final a V\u00e9lez. Y en este 2025 siguieron los hitos, con la primera participaci\u00f3n internacional para el club santiague\u00f1o.<\/p>\n<\/div>\n<div id=\"element-body-6\" readability=\"64\">\n<p>Se meti\u00f3 en Copa Libertadores y all\u00ed obtuvo una de las victorias m\u00e1s importantes en la historia de Central C\u00f3rdoba contra <strong>Flamengo<\/strong>, el reciente campe\u00f3n de Am\u00e9rica, en el Maracan\u00e1. Termin\u00f3 tercero en el grupo y jug\u00f3 Sudamericana, donde le gan\u00f3 el primer partido en el mano a mano a Lan\u00fas, que despu\u00e9s se termin\u00f3 consagrando campe\u00f3n en Paraguay poniendo de rodillas a Atl\u00e9tico Mineiro.<\/p>\n<\/div>\n<div id=\"element-body-7\" readability=\"61\">\n<p>De Felippe <strong>gan\u00f3 28 partidos, empat\u00f3 21 y perdi\u00f3 20<\/strong>. Adem\u00e1s, para completar un ciclo altamente positivo, el equipo logr\u00f3 avanzar de ronda en el actual Torneo Clausura.<\/p>\n<\/div>\n<div id=\"element-body-10\" readability=\"62\">\n<p>Cuando a\u00fan resta la confirmaci\u00f3n oficial de la salida del entrenador (habr\u00e1 una conferencia de prensa cerca del mediod\u00eda del lunes donde esto ser\u00e1 anunciado), la danza de nombres no tardar\u00e1 en arrancar para asumir al frente del Ferroviario. Seg\u00fan informaron medios de Santiago, <strong>la dupla t\u00e9cnica compuesta por Favio G\u00f3mez y Sergio G\u00f3mez pica en punta<\/strong>.<\/p>\n<\/div>\n","protected":false},"excerpt":{"rendered":"<p>Final de ciclo para Omar De Felippe en Central C\u00f3rdoba de Santiago del Estero. Si bien resta la confirmaci\u00f3n oficial por parte del club, el propio entrenador se encarg\u00f3 de avisar que no renovar\u00e1 el contrato que se vence este diciembre. Luego de la eliminaci\u00f3n frente a Estudiantes de La Plata el \u00faltimo s\u00e1bado en [&hellip;]<\/p>\n","protected":false},"author":1,"featured_media":176371,"comment_status":"closed","ping_status":"closed","sticky":false,"template":"","format":"standard","meta":[],"categories":[20],"tags":[],"_links":{"self":[{"href":"http:\/\/cordobainforma.info\/index.php\/wp-json\/wp\/v2\/posts\/176370"}],"collection":[{"href":"http:\/\/cordobainforma.info\/index.php\/wp-json\/wp\/v2\/posts"}],"about":[{"href":"http:\/\/cordobainforma.info\/index.php\/wp-json\/wp\/v2\/types\/post"}],"author":[{"embeddable":true,"href":"http:\/\/cordobainforma.info\/index.php\/wp-json\/wp\/v2\/users\/1"}],"replies":[{"embeddable":true,"href":"http:\/\/cordobainforma.info\/index.php\/wp-json\/wp\/v2\/comments?post=176370"}],"version-history":[{"count":0,"href":"http:\/\/cordobainforma.info\/index.php\/wp-json\/wp\/v2\/posts\/176370\/revisions"}],"wp:featuredmedia":[{"embeddable":true,"href":"http:\/\/cordobainforma.info\/index.php\/wp-json\/wp\/v2\/media\/176371"}],"wp:attachment":[{"href":"http:\/\/cordobainforma.info\/index.php\/wp-json\/wp\/v2\/media?parent=176370"}],"wp:term":[{"taxonomy":"category","embeddable":true,"href":"http:\/\/cordobainforma.info\/index.php\/wp-json\/wp\/v2\/categories?post=176370"},{"taxonomy":"post_tag","embeddable":true,"href":"http:\/\/cordobainforma.info\/index.php\/wp-json\/wp\/v2\/tags?post=176370"}],"curies":[{"name":"wp","href":"https:\/\/api.w.org\/{rel}","templated":true}]}}