{"id":176368,"date":"2025-12-01T08:22:27","date_gmt":"2025-12-01T08:22:27","guid":{"rendered":"https:\/\/somoscordobeses.com\/2025\/12\/01\/heladas-en-cordoba-y-nuevas-precipitaciones-a-la-vista-estos-son-los-dias-de-lluvia-previstos\/"},"modified":"2025-12-01T08:22:27","modified_gmt":"2025-12-01T08:22:27","slug":"heladas-en-cordoba-y-nuevas-precipitaciones-a-la-vista-estos-son-los-dias-de-lluvia-previstos","status":"publish","type":"post","link":"http:\/\/cordobainforma.info\/index.php\/2025\/12\/01\/heladas-en-cordoba-y-nuevas-precipitaciones-a-la-vista-estos-son-los-dias-de-lluvia-previstos\/","title":{"rendered":"Heladas en C\u00f3rdoba y nuevas precipitaciones a la vista: estos son los d\u00edas de lluvia previstos"},"content":{"rendered":"<div><img src=\"http:\/\/cordobainforma.info\/wp-content\/uploads\/2025\/12\/heladas-en-cordoba-y-nuevas-precipitaciones-a-la-vista-estos-son-los-dias-de-lluvia-previstos.jpg\" class=\"ff-og-image-inserted\"><\/div>\n<p>Las temperaturas siguen bajando en C\u00f3rdoba, que ya<strong> roza los 3 grados en las m\u00ednimas y registra heladas<\/strong>. Este lunes, la provincia comienza una nueva semana en la que se enfr\u00eda m\u00e1s. Los cielos se mantendr\u00e1n este lunes pocos nubosos, con algunas brumas a primera hora y sin descartar bancos de niebla en la Subb\u00e9tica. Las nubes tender\u00e1n a ser altas por la tarde. Un d\u00eda seco de invierno que ser\u00e1 un par\u00e9ntesis a las lluvias, porque la semana se prev\u00e9 pasada por agua.<\/p>\n<p><strong>No ser\u00e1 este lunes, pero s\u00ed durante los d\u00edas venideros cuando el agua vuelva a hacer acto de presencia en la provincia de C\u00f3rdoba<\/strong>. Lluvias que, durante estos primeros d\u00edas de diciembre, seguir\u00e1n llenando los embalses. C\u00f3rdoba despidi\u00f3 noviembre con 150 litros acumulados. \u00bfY a qu\u00e9 d\u00edas hay que prestar atenci\u00f3n? <strong>Desde ma\u00f1ana, martes, todos los d\u00edas hay probabiliades de precipitaciones<\/strong>, aunque en unos m\u00e1s que en otros. Por seguras se dan pr\u00e1cticamente las lluvias de ma\u00f1ana.<\/p>\n<figure data-aida-image readability=\"1\"><picture><source media=\"(min-width:640.1px)\" type=\"image\/webp\" width=\"967.0\" height=\"479.0\"><source media=\"(min-width: 320.1px) and (max-width: 640px)\" type=\"image\/webp\" width=\"640.0\" height=\"317.0\"><source media=\"(max-width: 320px)\" type=\"image\/webp\" width=\"320.0\" height=\"159.0\"><source media=\"(min-width:640.1px)\" type=\"image\/jpeg\" width=\"967.0\" height=\"479.0\" data-aida-photoclipping><source media=\"(min-width: 320.1px) and (max-width: 640px)\" type=\"image\/jpeg\" width=\"640.0\" height=\"317.0\" data-aida-photoclipping><source media=\"(max-width: 320px)\" type=\"image\/jpeg\" width=\"320.0\" height=\"159.0\" data-aida-photoclipping><\/picture><figcaption data-aida-caption readability=\"2\">\n<p>El tiempo en C\u00f3rdoba este lunes. <span data-aida-captionauthor> \/ C\u00f3rdoba<\/span><\/p>\n<\/figcaption><\/figure>\n<p>Las temperaturas se situar\u00e1n en&nbsp;<strong>C\u00f3rdoba&nbsp;<\/strong>entre 3\u00ba y 16\u00ba; en&nbsp;<strong>Lucena<\/strong>, entre 4\u00ba y 15\u00ba; en&nbsp;<strong>Pozoblanco<\/strong>, entre 1\u00ba y 14\u00ba, y en&nbsp;<strong>Priego<\/strong>, entre 0\u00ba y 14\u00ba.<\/p>\n<h2>El tiempo en C\u00f3rdoba este martes<\/h2>\n<p>Este martes, C\u00f3rdoba amanecer\u00e1 con cielos cubiertos que dejar\u00e1n precipitaciones a lo largo de la semana.<strong> Las lluvias evolucionar\u00e1n de d\u00e9biles a moderadas<\/strong>. Es el d\u00eda de mayor probabilidad de lluvia, aunque<strong> el mi\u00e9rcoles hay un 90% de que las nubes vuelvan a descargar<\/strong>. En este caso, de forma d\u00e9bil.<strong> Especial atenci\u00f3n merecen el jueves por la tarde y el s\u00e1bado<\/strong>, cuando los porcentajes se sit\u00faan en un 75% y un 60%, respectivamente.<\/p>\n<p>En cuanto a los term\u00f3metros, la lluvia apenas modificar\u00e1 las previsiones. Las m\u00ednimas subir\u00e1n levemente y las m\u00e1ximas descender\u00e1n, por lo que C\u00f3rdoba se mojar\u00e1 y se helar\u00e1 esta semana.<\/p>\n<p>Las temperaturas se situar\u00e1n en&nbsp;<strong>C\u00f3rdoba&nbsp;<\/strong>entre 4\u00ba y 14\u00ba; en&nbsp;<strong>Lucena<\/strong>, entre 5\u00ba y 12\u00ba; en&nbsp;<strong>Pozoblanco<\/strong>, entre 4\u00ba y 11\u00ba, y en&nbsp;<strong>Priego<\/strong>, entre 2\u00ba y 11\u00ba.<\/p>\n<p>Adem\u00e1s, tambi\u00e9n puede informarse del pron\u00f3stico del tiempo en las principales localidades de la provincia:<\/p>\n<ul data-aida-text>\n<li>El tiempo en Lucena<\/li>\n<li>El tiempo en Cabra<\/li>\n<li>El tiempo en Priego<\/li>\n<li>El tiempo en Montalb\u00e1n<\/li>\n<li>El tiempo en Villanueva de C\u00f3rdoba<\/li>\n<li>El tiempo en Villaviciosa de C\u00f3rdoba<\/li>\n<\/ul>\n","protected":false},"excerpt":{"rendered":"<p>Las temperaturas siguen bajando en C\u00f3rdoba, que ya roza los 3 grados en las m\u00ednimas y registra heladas. Este lunes, la provincia comienza una nueva semana en la que se enfr\u00eda m\u00e1s. Los cielos se mantendr\u00e1n este lunes pocos nubosos, con algunas brumas a primera hora y sin descartar bancos de niebla en la Subb\u00e9tica. [&hellip;]<\/p>\n","protected":false},"author":1,"featured_media":176369,"comment_status":"closed","ping_status":"closed","sticky":false,"template":"","format":"standard","meta":[],"categories":[2],"tags":[],"_links":{"self":[{"href":"http:\/\/cordobainforma.info\/index.php\/wp-json\/wp\/v2\/posts\/176368"}],"collection":[{"href":"http:\/\/cordobainforma.info\/index.php\/wp-json\/wp\/v2\/posts"}],"about":[{"href":"http:\/\/cordobainforma.info\/index.php\/wp-json\/wp\/v2\/types\/post"}],"author":[{"embeddable":true,"href":"http:\/\/cordobainforma.info\/index.php\/wp-json\/wp\/v2\/users\/1"}],"replies":[{"embeddable":true,"href":"http:\/\/cordobainforma.info\/index.php\/wp-json\/wp\/v2\/comments?post=176368"}],"version-history":[{"count":0,"href":"http:\/\/cordobainforma.info\/index.php\/wp-json\/wp\/v2\/posts\/176368\/revisions"}],"wp:featuredmedia":[{"embeddable":true,"href":"http:\/\/cordobainforma.info\/index.php\/wp-json\/wp\/v2\/media\/176369"}],"wp:attachment":[{"href":"http:\/\/cordobainforma.info\/index.php\/wp-json\/wp\/v2\/media?parent=176368"}],"wp:term":[{"taxonomy":"category","embeddable":true,"href":"http:\/\/cordobainforma.info\/index.php\/wp-json\/wp\/v2\/categories?post=176368"},{"taxonomy":"post_tag","embeddable":true,"href":"http:\/\/cordobainforma.info\/index.php\/wp-json\/wp\/v2\/tags?post=176368"}],"curies":[{"name":"wp","href":"https:\/\/api.w.org\/{rel}","templated":true}]}}