{"id":176362,"date":"2025-11-30T16:37:39","date_gmt":"2025-11-30T16:37:39","guid":{"rendered":"https:\/\/somoscordobeses.com\/2025\/11\/30\/veron-acusa-a-tapia-y-toviggino-de-mantener-a-los-clubes-cautivos\/"},"modified":"2025-11-30T16:37:39","modified_gmt":"2025-11-30T16:37:39","slug":"veron-acusa-a-tapia-y-toviggino-de-mantener-a-los-clubes-cautivos","status":"publish","type":"post","link":"http:\/\/cordobainforma.info\/index.php\/2025\/11\/30\/veron-acusa-a-tapia-y-toviggino-de-mantener-a-los-clubes-cautivos\/","title":{"rendered":"Ver\u00f3n acusa a Tapia y Toviggino de mantener a los clubes cautivos"},"content":{"rendered":"<div><img src=\"http:\/\/cordobainforma.info\/wp-content\/uploads\/2025\/11\/veron-acusa-a-tapia-y-toviggino-de-mantener-a-los-clubes-cautivos.jpg\" class=\"ff-og-image-inserted\"><\/div>\n<p>Juan Sebasti\u00e1n Ver\u00f3n, presidente de Estudiantes de La Plata, intensific\u00f3 su enfrentamiento con los l\u00edderes de la Asociaci\u00f3n del F\u00fatbol Argentino (AFA), Claudio \u00abChiqui\u00bb Tapia y Pablo Toviggino, al exponer duras cr\u00edticas sobre el modelo de gesti\u00f3n actual. Ver\u00f3n acus\u00f3 a la dirigencia de la AFA de operar bajo un <strong>\u00abstatus quo\u00bb<\/strong> que frena el crecimiento institucional de los clubes.<\/p>\n<p>El referente de Estudiantes atac\u00f3 vehementemente el n\u00facleo del problema de la AFA: la falta de profesionalismo y la dependencia financiera de las instituciones. En un extenso reportaje, el exjugador calific\u00f3 el manejo de la AFA como una <strong>\u00abpr\u00e1ctica dictatorial\u00bb<\/strong> que sistem\u00e1ticamente castiga a quienes manifiestan disidencia.<\/p>\n<p><strong>\u00abQuieren tener cautivos a los clubes tir\u00e1ndoles migajas\u00bb<\/strong>, declar\u00f3 Ver\u00f3n, explicando que en lugar de generar los recursos necesarios para que los clubes los administren, la AFA opta por mantener el estado actual de las cosas.<\/p>\n<figure data-tadevel-template=\"web\/multimedia\" data-type=\"photo\"> <\/figure>\n<h4><strong>Amenaza de descenso como represalia<\/strong><\/h4>\n<p>Ver\u00f3n relacion\u00f3 las amenazas de sanci\u00f3n por parte de la AFA (mencionando el contexto del \u00abpasillo de espaldas\u00bb a Rosario Central, aunque la amenaza es el punto central) directamente con una intenci\u00f3n de disciplinamiento pol\u00edtico y deportivo.<\/p>\n<p>El dirigente fue enf\u00e1tico al se\u00f1alar c\u00f3mo Tapia se ha manejado con Estudiantes: <strong>\u00abCon nosotros, Tapia se manej\u00f3 como un dictador\u00bb<\/strong>.<\/p>\n<p>En un llamado de advertencia, Ver\u00f3n expres\u00f3 su preocupaci\u00f3n por la falta de apoyo que percibi\u00f3 Estudiantes ante el esc\u00e1ndalo, manifestando que la represalia deportiva es una posibilidad real. <strong>\u00abNo veo como algo descabellado que quieran mandar a Estudiantes al descenso. Lo veo que puede llegar a pasar\u00bb<\/strong>.<\/p>\n<h4><strong>La propuesta de \u00abreglas claras\u00bb y profesionalismo<\/strong><\/h4>\n<p>Frente a este panorama, Ver\u00f3n insisti\u00f3 en la necesidad urgente de una evoluci\u00f3n del f\u00fatbol argentino. Argument\u00f3 que el deporte requiere <strong>\u00abinversi\u00f3n\u00bb<\/strong> y <strong>\u00abreglas claras\u00bb<\/strong> para su crecimiento.<\/p>\n<p>Para evitar la dependencia de las \u00abmigajas\u00bb de la AFA, el presidente de Estudiantes abri\u00f3 la puerta a la inserci\u00f3n de <strong>capitales privados<\/strong>, siempre y cuando esto ocurra bajo supervisi\u00f3n.<\/p>\n<p>Finalmente, Ver\u00f3n lament\u00f3 que el debate en el f\u00fatbol nacional siga centrado en pol\u00e9micas y \u00e1rbitros, en lugar de enfocarse en mejorar la competitividad, la cual se ve afectada por el actual formato de 30 equipos.<\/p>\n","protected":false},"excerpt":{"rendered":"<p>Juan Sebasti\u00e1n Ver\u00f3n, presidente de Estudiantes de La Plata, intensific\u00f3 su enfrentamiento con los l\u00edderes de la Asociaci\u00f3n del F\u00fatbol Argentino (AFA), Claudio \u00abChiqui\u00bb Tapia y Pablo Toviggino, al exponer duras cr\u00edticas sobre el modelo de gesti\u00f3n actual. Ver\u00f3n acus\u00f3 a la dirigencia de la AFA de operar bajo un \u00abstatus quo\u00bb que frena el [&hellip;]<\/p>\n","protected":false},"author":1,"featured_media":176363,"comment_status":"closed","ping_status":"closed","sticky":false,"template":"","format":"standard","meta":[],"categories":[2],"tags":[],"_links":{"self":[{"href":"http:\/\/cordobainforma.info\/index.php\/wp-json\/wp\/v2\/posts\/176362"}],"collection":[{"href":"http:\/\/cordobainforma.info\/index.php\/wp-json\/wp\/v2\/posts"}],"about":[{"href":"http:\/\/cordobainforma.info\/index.php\/wp-json\/wp\/v2\/types\/post"}],"author":[{"embeddable":true,"href":"http:\/\/cordobainforma.info\/index.php\/wp-json\/wp\/v2\/users\/1"}],"replies":[{"embeddable":true,"href":"http:\/\/cordobainforma.info\/index.php\/wp-json\/wp\/v2\/comments?post=176362"}],"version-history":[{"count":0,"href":"http:\/\/cordobainforma.info\/index.php\/wp-json\/wp\/v2\/posts\/176362\/revisions"}],"wp:featuredmedia":[{"embeddable":true,"href":"http:\/\/cordobainforma.info\/index.php\/wp-json\/wp\/v2\/media\/176363"}],"wp:attachment":[{"href":"http:\/\/cordobainforma.info\/index.php\/wp-json\/wp\/v2\/media?parent=176362"}],"wp:term":[{"taxonomy":"category","embeddable":true,"href":"http:\/\/cordobainforma.info\/index.php\/wp-json\/wp\/v2\/categories?post=176362"},{"taxonomy":"post_tag","embeddable":true,"href":"http:\/\/cordobainforma.info\/index.php\/wp-json\/wp\/v2\/tags?post=176362"}],"curies":[{"name":"wp","href":"https:\/\/api.w.org\/{rel}","templated":true}]}}