{"id":176318,"date":"2025-11-30T14:59:51","date_gmt":"2025-11-30T14:59:51","guid":{"rendered":"https:\/\/www.mujerhoy.com\/vivir\/ocio\/jaca-huesca-escapada-invernal-romanico-pirineos-nieve-20251130141539-nt.html"},"modified":"2025-11-30T14:59:51","modified_gmt":"2025-11-30T14:59:51","slug":"esta-ciudad-de-huesca-te-pondra-a-los-pies-de-los-pirineos-y-la-nieve-lo-mejor-del-romanico-y-un-fabuloso-monasterio","status":"publish","type":"post","link":"http:\/\/cordobainforma.info\/index.php\/2025\/11\/30\/esta-ciudad-de-huesca-te-pondra-a-los-pies-de-los-pirineos-y-la-nieve-lo-mejor-del-romanico-y-un-fabuloso-monasterio\/","title":{"rendered":"Esta ciudad de Huesca te pondr\u00e1 a los pies de los Pirineos y la nieve: lo mejor del rom\u00e1nico y un fabuloso monasterio"},"content":{"rendered":"<div class=\"media_block\"><\/div>\n<p><!-- AUTHOR --><\/p>\n<div class=\"voc-author-timesocial \">\n<!-- AUTHOR --><\/p>\n<div class=\"voc-author-timesocial__signature \">\n<!-- IMAGE AUTHOR -->\n<picture class=\"voc-image-signature\">\n<img class=\"voc-image-signature__img\" src=\"http:\/\/cordobainforma.info\/wp-content\/uploads\/2025\/11\/esta-ciudad-de-huesca-te-pondra-a-los-pies-de-los-pirineos-y-la-nieve-lo-mejor-del-romanico-y-un-fabuloso-monasterio.jpg\" alt=\"\u00c1ngeles Castillo\">\n<\/picture>\n<!-- INFO AUTHOR --> <\/div><\/div>\n<p><!-- COMPONENTS --><\/p>\n<p class=\"voc-paragraph\"><strong>Jaca <\/strong>es la escapada invernal por excelencia. A los pies del Pirineo aragon\u00e9s, luego <a href=\"https:\/\/www.mujerhoy.com\/vivir\/ocio\/aguero-pueblo-huesca-montanas-escalada-iglesia-romanica-20251022112936-nt.html\" target=\"_self\" data-voc-vtm-id=\"in-text-traffic\" title=\"entre monta\u00f1as en Huesca\" data-mrf-link=\"www.mujerhoy.com\" rel=\"noopener noreferrer\">entre monta\u00f1as en Huesca<\/a>, con una animaci\u00f3n fuera de lo com\u00fan y un patrimonio cultural extraordinario. Se nota que fue la primera capital del Reino de Arag\u00f3n y que es, llev\u00e1ndolo a nuestro terreno, la <strong>capital de la nieve<\/strong>, que para eso tiene a su lado los ya legendarios Ast\u00fan, que le pertenece, y Candanch\u00fa, en A\u00edsa. Adem\u00e1s de la capital de la Jacetania, geograf\u00eda obliga.<\/p>\n<p class=\"voc-paragraph\">Aqu\u00ed <a href=\"https:\/\/www.mujerhoy.com\/vivir\/fitness\/esquiar-a-los-50-como-empezar-beneficios-consejos-mejorar-bienestar-20241112073606-nt.html\" target=\"_self\" data-voc-vtm-id=\"in-text-traffic\" title=\"se puede venir a esquiar\" data-mrf-link=\"www.mujerhoy.com\" rel=\"noopener noreferrer\">se puede venir a esquiar<\/a>, por supuesto, pero tambi\u00e9n a patinar sobre hielo, a hacer senderismo, a visitar <strong>monumentos<\/strong> tan impresionantes como la catedral, la ciudadela o el monasterio de San Juan de la Pe\u00f1a, sobre todo el viejo, o simplemente a mirar y admirar los alrededores. Ya llegar\u00e1 el verano y, con \u00e9l, el Festival Folcl\u00f3rico de los Pirineos. La hace a\u00fan m\u00e1s m\u00edtica el hecho de estar atravesada por <a href=\"https:\/\/www.mujerhoy.com\/vivir\/ocio\/estella-lizarra-navarra-casco-antiguo-precioso-rio-piscinas-naturales-20250825211253-nt.html\" target=\"_self\" data-voc-vtm-id=\"in-text-traffic\" title=\"el Camino de Santiago\" data-mrf-link=\"www.mujerhoy.com\" rel=\"noopener noreferrer\">el Camino de Santiago<\/a>, aunque ya fue la Iacca romana. Tirar del hilo hist\u00f3rico es devanar una madeja sin fin.<\/p>\n<div class=\"v-c-cmp v-c-cmp--t1 \">\n<div class=\"v-cmp-rld v-cmp-rld--2 \">\n<div class=\"v-cnt-m v-cnt-m--m\">\n<div class=\"v-cnt-m__c\">\n<div class=\"v-cnt-m__w v-cnt-m__w--1\">\n<p class=\"v-cnt-m__t\">\nTAMBI\u00c9N TE INTERESA\n<\/p>\n<\/div>\n<\/div>\n<\/div>\n<div class=\"v-g v-g--2-c v-g--bdr-min-xs\">\n<div class=\"v-g__c \">\n<article class=\"v-a v-a--cmp-rld v-a--cmp-rld-2 v-a--p-l\">\n<div class=\"v-a-img-c\">\n<figure class=\"v-a-fig\">\n<a href=\"https:\/\/www.mujerhoy.com\/vivir\/ocio\/frias-pueblo-bonito-burgos-casas-colgadas-castillo-puente-escapada-20251122200119-nt.html#vtm_modulosEngag=mod-rel:vivir:noticia:1:cmp:2-not\" class=\"v-a-link\" title=\"El pueblo de Burgos ideal para una escapada: casas colgadas, un puente fortificado y un castillo precioso\"><br \/>\n<img loading=\"lazy\" class=\"v-a-img\" src=\"http:\/\/cordobainforma.info\/wp-content\/uploads\/2025\/11\/esta-ciudad-de-huesca-te-pondra-a-los-pies-de-los-pirineos-y-la-nieve-lo-mejor-del-romanico-y-un-fabuloso-monasterio-1.jpg\" alt=\"El pueblo de Burgos ideal para una escapada: casas colgadas, un puente fortificado y un castillo precioso\"><br \/>\n<\/a><br \/>\n<\/figure>\n<\/div>\n<\/article>\n<\/div>\n<div class=\"v-g__c \">\n<article class=\"v-a v-a--cmp-rld v-a--cmp-rld-2 v-a--p-l\">\n<div class=\"v-a-img-c\">\n<figure class=\"v-a-fig\">\n<a href=\"https:\/\/www.mujerhoy.com\/vivir\/ocio\/el-olivar-pueblo-bonito-alcarria-guadalajara-escapadas-cerca-madrid-20251029111544-nt.html#vtm_modulosEngag=mod-rel:vivir:noticia:2:cmp:2-not\" class=\"v-a-link\" title=\"El bello pueblo de Guadalajara por descubrir: arquitectura tradicional, el mar de Castilla y Cela\"><br \/>\n<img loading=\"lazy\" class=\"v-a-img\" src=\"http:\/\/cordobainforma.info\/wp-content\/uploads\/2025\/11\/esta-ciudad-de-huesca-te-pondra-a-los-pies-de-los-pirineos-y-la-nieve-lo-mejor-del-romanico-y-un-fabuloso-monasterio-2.jpg\" alt=\"El bello pueblo de Guadalajara por descubrir: arquitectura tradicional, el mar de Castilla y Cela\"><br \/>\n<\/a><br \/>\n<\/figure>\n<\/div>\n<\/article>\n<\/div>\n<\/div>\n<\/div>\n<\/div>\n<p class=\"voc-paragraph\">S\u00ed diremos que a principios del siglo XX ocurrieron dos hechos definitivos: en 1908 se qued\u00f3 sin <a href=\"https:\/\/www.mujerhoy.com\/vivir\/ocio\/granadilla-pueblo-medieval-caceres-atame-pedro-almodovar-20251030123420-nt.html\" target=\"_self\" data-voc-vtm-id=\"in-text-traffic\" title=\"la \u00abopresora\u00bb muralla medieval\" data-mrf-link=\"www.mujerhoy.com\" rel=\"noopener noreferrer\">la \u00abopresora\u00bb muralla medieval<\/a>, lo que le permiti\u00f3 expandirse urban\u00edsticamente, y en 1928 lleg\u00f3 el ferrocarril al vecino <strong>Canfranc<\/strong>, un bell\u00edsimo ejemplo de la arquitectura industrial de la \u00e9poca, que inaugur\u00f3 con todos los honores Alfonso XIII. El modernismo se deja ver en la Casa Borau, del arquitecto barcelon\u00e9s Manuel Cases Lamolla, y en el casino, que presenta fachada neorrenacentista. Con todo, Jaca conserva su trazado y encanto antiguo.<\/p>\n<p class=\"voc-paragraph\">Ya Alfonso X el Sabio se refiri\u00f3 a la jacetana fiesta de la victoria; Cervantes la cit\u00f3 en el Quijote a prop\u00f3sito de sus grandes monta\u00f1as, y Unamuno se deshizo en elogios con la<strong> Pe\u00f1a de Oroel<\/strong> (1.770 m), desde donde se disfrutan las mejores vistas sobre el valle del Arag\u00f3n, el r\u00edo. Y lo mismo pasa desde el <strong>Fuerte del Rapit\u00e1n<\/strong> (XIX), que se alza a 1.142 metros sobre el nivel del mar, con magn\u00edfica panor\u00e1mica igualmente. Nos sumamos, desde luego, a las rese\u00f1adas alabanzas. <\/p>\n<div class=\"v-c-cmp v-c-cmp--s\">\n<div class=\"v-cmp-m \">\n<article class=\"v-a v-a--cmp-m v-c-cmp--m-z\">\n<div class=\"v-a-img-c \">\n<div class=\"v-a-fig\">\n<button class=\"v-a-link\" popovertarget=\"photo-598\"><br \/>\n<img loading=\"lazy\" src=\"http:\/\/cordobainforma.info\/wp-content\/uploads\/2025\/11\/esta-ciudad-de-huesca-te-pondra-a-los-pies-de-los-pirineos-y-la-nieve-lo-mejor-del-romanico-y-un-fabuloso-monasterio-3.jpg\" class=\"v-a-img\" width=\"650\" height=\"650\" alt=\"La catedral de Jaca es una joya del primer rom\u00e1nico.\" data-voc-vtm-id=\"in-text-traffic\"> <\/button><figcaption class=\"v-fc\">\n<span class=\"v-fc__t\"><br \/>\nLa catedral de Jaca es una joya del primer rom\u00e1nico.<br \/>\n<\/span><br \/>\n<span class=\"v-fc__p\"><br \/>\nWIKIPEDIA\/LOZANO MANZANEDO<br \/>\n<\/span><br \/>\n<\/figcaption><\/div>\n<\/div>\n<div id=\"photo-598\" popover class=\"v-mdl v-mdl--fw\">\n<button class=\"v-x\" popovertarget=\"photo-598\" popovertargetaction=\"hide\"><br \/>\n<span class=\"v-i\"><br \/>\n<svg width=\"24\" height=\"23.996\" viewBox=\"0 0 24 23.996\">\n<path data-name=\"Uni\u00f3n 29\" d=\"M12,14.03,2.031,24,0,21.963,9.968,12,0,2.033,2.031,0,12,9.966,21.969,0,24,2.033,14.032,12,24,21.963,21.969,24Z\" \/>\n<\/svg><br \/>\n<\/span><br \/>\n<\/button><\/p>\n<div class=\"v-mdl__c\">\n<div class=\"v-mdl__w\">\n<img loading=\"lazy\" src=\"http:\/\/cordobainforma.info\/wp-content\/uploads\/2025\/11\/esta-ciudad-de-huesca-te-pondra-a-los-pies-de-los-pirineos-y-la-nieve-lo-mejor-del-romanico-y-un-fabuloso-monasterio-3.jpg\" class=\"v-mdl__img-z\" width=\"650\" height=\"650\" alt>\n<\/div>\n<\/div>\n<\/div>\n<p><span class=\"v-bdp\"><\/span><br \/>\n<\/article>\n<\/div>\n<\/div>\n<p class=\"voc-paragraph\">Para empezar, porque su <strong>catedral<\/strong> no es g\u00f3tica, como la mayor\u00eda, sino rom\u00e1nica, del primer rom\u00e1nico espa\u00f1ol. Naci\u00f3 ligada al reino de Arag\u00f3n y a la ruta jacobea en 1077 por deseo del rey Sancho Ram\u00edrez. Con p\u00f3rtico de aire primitivo y abovedado, luce crism\u00f3n trinitario -monograma que surgi\u00f3 en Arag\u00f3n en esa \u00e9poca y que cruza las dos iniciales en griego de Cristo con la del Esp\u00edritu Santo- en su portada principal y ajedrezado jaqu\u00e9s. Adem\u00e1s, su <strong>Museo Diocesano de Arte Rom\u00e1nico<\/strong> atesora una de las mejores colecciones de pintura medieval del mundo. <\/p>\n<p><h3 class=\"v-cmp-suh\">\nQu\u00e9 ver en Jaca adem\u00e1s de la catedral<br \/>\n<\/h3>\n<\/p>\n<p class=\"voc-paragraph\">A esta gloria catedralicia, que nos lleva a los cielos art\u00edsticos, hay que sumar la de su<strong> ciudadela<\/strong>, o castillo de San Pedro, que alberga el<strong> Museo de Miniaturas Militares<\/strong> en uno de sus cuarteles. Esta fortaleza pentagonal, la \u00fanica de su tipo que se conserva completa en Europa, fue mandada construir en 1592 por Felipe II en los campos del Burgo Nuevo, barrio extramuros de la ciudad, con dise\u00f1o del italiano Tiburcio Spannocchi, que fue ingeniero mayor de los Reinos de Espa\u00f1a. Esto hizo de Jaca una relevante plaza militar para defender los reinos peninsulares de una posible invasi\u00f3n francesa. <\/p>\n<p class=\"voc-paragraph\">De la misma \u00e9poca es la casa consistorial (1544), construida a la manera de los <strong>palacios platerescos<\/strong> aragoneses. Guarda en sus dependencias el Libro de la Cadena (XIII), que contiene los privilegios otorgados a la ciudad en 101 hojas de pergamino. Otro tesoro.<\/p>\n<div class=\"v-c-cmp v-c-cmp--s\">\n<div class=\"v-cmp-m \">\n<article class=\"v-a v-a--cmp-m v-c-cmp--m-z\">\n<div class=\"v-a-img-c \">\n<div class=\"v-a-fig\">\n<button class=\"v-a-link\" popovertarget=\"photo-393\"><br \/>\n<img loading=\"lazy\" src=\"http:\/\/cordobainforma.info\/wp-content\/uploads\/2025\/11\/esta-ciudad-de-huesca-te-pondra-a-los-pies-de-los-pirineos-y-la-nieve-lo-mejor-del-romanico-y-un-fabuloso-monasterio-4.jpg\" class=\"v-a-img\" width=\"650\" height=\"650\" alt=\"La ciudadela de Jaca tiene forma pentagonal y es \u00fanica en Europa.\" data-voc-vtm-id=\"in-text-traffic\"> <\/button><figcaption class=\"v-fc\">\n<span class=\"v-fc__t\"><br \/>\nLa ciudadela de Jaca tiene forma pentagonal y es \u00fanica en Europa.<br \/>\n<\/span><br \/>\n<span class=\"v-fc__p\"><br \/>\nWIKIPEDIA\/JUAN CARLOS GIL<br \/>\n<\/span><br \/>\n<\/figcaption><\/div>\n<\/div>\n<div id=\"photo-393\" popover class=\"v-mdl v-mdl--fw\">\n<button class=\"v-x\" popovertarget=\"photo-393\" popovertargetaction=\"hide\"><br \/>\n<span class=\"v-i\"><br \/>\n<svg width=\"24\" height=\"23.996\" viewBox=\"0 0 24 23.996\">\n<path data-name=\"Uni\u00f3n 29\" d=\"M12,14.03,2.031,24,0,21.963,9.968,12,0,2.033,2.031,0,12,9.966,21.969,0,24,2.033,14.032,12,24,21.963,21.969,24Z\" \/>\n<\/svg><br \/>\n<\/span><br \/>\n<\/button><\/p>\n<div class=\"v-mdl__c\">\n<div class=\"v-mdl__w\">\n<img loading=\"lazy\" src=\"http:\/\/cordobainforma.info\/wp-content\/uploads\/2025\/11\/esta-ciudad-de-huesca-te-pondra-a-los-pies-de-los-pirineos-y-la-nieve-lo-mejor-del-romanico-y-un-fabuloso-monasterio-4.jpg\" class=\"v-mdl__img-z\" width=\"650\" height=\"650\" alt>\n<\/div>\n<\/div>\n<\/div>\n<p><span class=\"v-bdp\"><\/span><br \/>\n<\/article>\n<\/div>\n<\/div>\n<p class=\"voc-paragraph\">En cuanto a las <strong>iglesias<\/strong>, hay que destacar la del Carmen (XVI), la \u00fanica construcci\u00f3n que queda del antiguo convento de los carmelitas descalzos; la de Santiago, conocida tambi\u00e9n como de Santo Domingo, puesto que fue templo del convento de los dominicos, aunque es del siglo X, y el Real Monasterio de las Benedictinas, o m\u00e1s familiarmente las Benitas (1555), de sobrio estilo renacentista, con una joya en su interior, el sarc\u00f3fago de la infanta do\u00f1a Sancha, hija de Ramiro I y hermana de Sancho Ram\u00edrez, reyes ambos de Arag\u00f3n, procedente del monasterio de Santa Cruz de la Ser\u00f3s. Es de los pocos <strong>sarc\u00f3fagos femeninos<\/strong> de \u00e9poca rom\u00e1nica que hay en nuestro pa\u00eds. <\/p>\n<p><h3 class=\"v-cmp-suh\">\nUn hist\u00f3rico monasterio de mujeres<br \/>\n<\/h3>\n<\/p>\n<p class=\"voc-paragraph\">Siguiendo con los monumentos religiosos, nos topamos con la ermita de la Victoria, a las afueras, ligada a la victoria sobre los musulmanes, triunfo que se celebra por todo lo alto en la fiesta del primer viernes de mayo; la de San Crist\u00f3bal, a la entrada, de 1776, muy sencilla ella, con una sola nave; y la de Sarsa, testimonio del rom\u00e1nico rural. No hay que perderse bajo ning\u00fan concepto las iglesias rom\u00e1nicas de las pedan\u00edas jacetanas. <\/p>\n<p class=\"voc-paragraph\">En especial, la de Santa Mar\u00eda en Santa Cruz de la Ser\u00f3s, lo que queda del <strong>antiguo monasterio femenino<\/strong> fundado a finales del siglo X por Sancho Garc\u00e9s II, Abarca, y su esposa, Urraca Fern\u00e1ndez, donde ingresaban las mujeres de la Casa Real de Arag\u00f3n. Tambi\u00e9n es de ley ensalzar la belleza de Santa Mar\u00eda de Igu\u00e1cel en Larrosa y la de San Adri\u00e1n de Sasabe en Borau.<\/p>\n<div class=\"v-c-cmp v-c-cmp--s\">\n<div class=\"v-cmp-m \">\n<article class=\"v-a v-a--cmp-m v-c-cmp--m-z\">\n<div class=\"v-a-img-c \">\n<div class=\"v-a-fig\">\n<button class=\"v-a-link\" popovertarget=\"photo-231\"><br \/>\n<img loading=\"lazy\" src=\"http:\/\/cordobainforma.info\/wp-content\/uploads\/2025\/11\/esta-ciudad-de-huesca-te-pondra-a-los-pies-de-los-pirineos-y-la-nieve-lo-mejor-del-romanico-y-un-fabuloso-monasterio-5.jpg\" class=\"v-a-img\" width=\"650\" height=\"650\" alt=\"El impresionante Monasterio Viejo de San Juan de la Pe\u00f1a.\" data-voc-vtm-id=\"in-text-traffic\"> <\/button><figcaption class=\"v-fc\">\n<span class=\"v-fc__t\"><br \/>\nEl impresionante Monasterio Viejo de San Juan de la Pe\u00f1a.<br \/>\n<\/span><br \/>\n<span class=\"v-fc__p\"><br \/>\nMONASTERIO DE SAN JUAN<br \/>\n<\/span><br \/>\n<\/figcaption><\/div>\n<\/div>\n<div id=\"photo-231\" popover class=\"v-mdl v-mdl--fw\">\n<button class=\"v-x\" popovertarget=\"photo-231\" popovertargetaction=\"hide\"><br \/>\n<span class=\"v-i\"><br \/>\n<svg width=\"24\" height=\"23.996\" viewBox=\"0 0 24 23.996\">\n<path data-name=\"Uni\u00f3n 29\" d=\"M12,14.03,2.031,24,0,21.963,9.968,12,0,2.033,2.031,0,12,9.966,21.969,0,24,2.033,14.032,12,24,21.963,21.969,24Z\" \/>\n<\/svg><br \/>\n<\/span><br \/>\n<\/button><\/p>\n<div class=\"v-mdl__c\">\n<div class=\"v-mdl__w\">\n<img loading=\"lazy\" src=\"http:\/\/cordobainforma.info\/wp-content\/uploads\/2025\/11\/esta-ciudad-de-huesca-te-pondra-a-los-pies-de-los-pirineos-y-la-nieve-lo-mejor-del-romanico-y-un-fabuloso-monasterio-5.jpg\" class=\"v-mdl__img-z\" width=\"650\" height=\"650\" alt>\n<\/div>\n<\/div>\n<\/div>\n<p><span class=\"v-bdp\"><\/span><br \/>\n<\/article>\n<\/div>\n<\/div>\n<p class=\"voc-paragraph\">Saltando al patrimonio civil dentro de Jaca, hay que hablar de la esbelta <strong>torre del Reloj<\/strong>, tambi\u00e9n llamada de la C\u00e1rcel. Hace honor al g\u00f3tico (1445), con planta rectangular y puerta con arco de medio punto. El Concejo de Jaca la adquiri\u00f3 en 1599 para colocar el reloj-campanario y en 1602 la utiliz\u00f3 como prisi\u00f3n municipal. Otros hitos jacetanos a los que echar el ojo son el <strong>puente de San Miguel<\/strong> sobre el r\u00edo Arag\u00f3n (probablemente del XV), uno de los pocos que se conservan en el Pirineo Aragon\u00e9s, muy utilizado por los peregrinos, y el Palacio Episcopal, obra renacentista de 1606, con dos alturas, galer\u00eda de balcones y ventanas adinteladas.<\/p>\n<p><h3 class=\"v-cmp-suh\">\nSan Juan de la Pe\u00f1a, lo viejo y lo nuevo<br \/>\n<\/h3>\n<\/p>\n<p class=\"voc-paragraph\">Dejamos para el final lo que quiz\u00e1 debi\u00f3 de ir al principio, pero sirva como broche de oro. Se trata del <strong>monasterio de San Juan de la Pe\u00f1a<\/strong>, que est\u00e1 ubicado, como dice su nombre, bajo una gran pe\u00f1a y combinando estilos art\u00edsticos, con estancias superpuestas de diversas \u00e9pocas (X-XII), con lo cual es un tratado de arte e historia, adem\u00e1s de una experiencia est\u00e9tica memorable. Ah\u00ed est\u00e1n la iglesia moz\u00e1rabe o iglesia baja, la alta con su claustro rom\u00e1nico, el pante\u00f3n real, donde est\u00e1n enterrados varios reyes de Arag\u00f3n, y las capillas barrocas.<\/p>\n<div class=\"v-c-cmp v-c-cmp--s\">\n<div class=\"v-cmp-m \">\n<article class=\"v-a v-a--cmp-m v-c-cmp--m-z\">\n<div class=\"v-a-img-c \">\n<div class=\"v-a-fig\">\n<button class=\"v-a-link\" popovertarget=\"photo-348\"><br \/>\n<img loading=\"lazy\" src=\"http:\/\/cordobainforma.info\/wp-content\/uploads\/2025\/11\/esta-ciudad-de-huesca-te-pondra-a-los-pies-de-los-pirineos-y-la-nieve-lo-mejor-del-romanico-y-un-fabuloso-monasterio-6.jpg\" class=\"v-a-img\" width=\"650\" height=\"650\" alt=\"El Monasterio Nuevo de San Juan de la Pe\u00f1a es centro de interpretaci\u00f3n y hospeder\u00eda.\" data-voc-vtm-id=\"in-text-traffic\"> <\/button><figcaption class=\"v-fc\">\n<span class=\"v-fc__t\"><br \/>\nEl Monasterio Nuevo de San Juan de la Pe\u00f1a es centro de interpretaci\u00f3n y hospeder\u00eda.<br \/>\n<\/span><br \/>\n<span class=\"v-fc__p\"><br \/>\nTURISMO DE ARAG\u00d3N<br \/>\n<\/span><br \/>\n<\/figcaption><\/div>\n<\/div>\n<div id=\"photo-348\" popover class=\"v-mdl v-mdl--fw\">\n<button class=\"v-x\" popovertarget=\"photo-348\" popovertargetaction=\"hide\"><br \/>\n<span class=\"v-i\"><br \/>\n<svg width=\"24\" height=\"23.996\" viewBox=\"0 0 24 23.996\">\n<path data-name=\"Uni\u00f3n 29\" d=\"M12,14.03,2.031,24,0,21.963,9.968,12,0,2.033,2.031,0,12,9.966,21.969,0,24,2.033,14.032,12,24,21.963,21.969,24Z\" \/>\n<\/svg><br \/>\n<\/span><br \/>\n<\/button><\/p>\n<div class=\"v-mdl__c\">\n<div class=\"v-mdl__w\">\n<img loading=\"lazy\" src=\"http:\/\/cordobainforma.info\/wp-content\/uploads\/2025\/11\/esta-ciudad-de-huesca-te-pondra-a-los-pies-de-los-pirineos-y-la-nieve-lo-mejor-del-romanico-y-un-fabuloso-monasterio-6.jpg\" class=\"v-mdl__img-z\" width=\"650\" height=\"650\" alt>\n<\/div>\n<\/div>\n<\/div>\n<p><span class=\"v-bdp\"><\/span><br \/>\n<\/article>\n<\/div>\n<\/div>\n<p class=\"voc-paragraph\">Esto en lo que se refiere al Monasterio Viejo, porque luego est\u00e1 <strong>el Nuevo<\/strong>, que data de 1714 y sigue las pautas del barroco, con las diferentes dependencias organizadas en torno a una gran plaza y dos claustros. Ambos est\u00e1n ubicados dentro del paisaje protegido de San Juan de la Pe\u00f1a y Monte Oroel, uno de los ecosistemas de <strong>media monta\u00f1a<\/strong> m\u00e1s singulares de todo el Pirineo aragon\u00e9s, que tanto gustan a las rapaces.<\/p>\n<p class=\"voc-paragraph\">No podemos pasar por alto que el <strong>Monasterio Nuevo<\/strong> es el centro de interpretaci\u00f3n de este enclave \u00fanico y tambi\u00e9n <strong>hospeder\u00eda<\/strong>, como era costumbre, situada en el ala sur, en la pradera de San Indalecio, en medio de esta privilegiada naturaleza. Un entorno que<a href=\"https:\/\/www.mujerhoy.com\/vivir\/ocio\/valldemossa-pueblo-bonito-mallorca-perfecto-escapada-invierno-20251123133714-nt.html\" target=\"_self\" data-voc-vtm-id=\"in-text-traffic\" title=\" invita a la paz, la espiritualidad\" data-mrf-link=\"www.mujerhoy.com\" rel=\"noopener noreferrer\"> invita a la paz, la espiritualidad<\/a> y la contemplaci\u00f3n, al m\u00e1s puro estilo monacal, pero combinando tradici\u00f3n y modernidad. Dispone de veinte habitaciones y cinco suites, todas con vistas al exterior, y una cafeter\u00eda-restaurante con grandes ventanales para dejar pasar la luz.<\/p>\n<div class=\"v-c-cmp v-c-cmp--t1 \">\n<div class=\"v-cmp-rld v-cmp-rld--2 \">\n<div class=\"v-cnt-m v-cnt-m--m\">\n<div class=\"v-cnt-m__c\">\n<div class=\"v-cnt-m__w v-cnt-m__w--1\">\n<p class=\"v-cnt-m__t\">\nNO TE PIERDAS\n<\/p>\n<\/div>\n<\/div>\n<\/div>\n<div class=\"v-g v-g--2-c v-g--bdr-min-xs\">\n<div class=\"v-g__c \">\n<article class=\"v-a v-a--cmp-rld v-a--cmp-rld-2 v-a--p-l\">\n<div class=\"v-a-img-c\">\n<figure class=\"v-a-fig\">\n<a href=\"https:\/\/www.mujerhoy.com\/vivir\/ocio\/potes-pueblo-bonito-cantabria-picos-europa-naturaleza-20251110170645-nt.html#vtm_modulosEngag=mod-rel:vivir:noticia:1:cmp:2-not\" class=\"v-a-link\" title=\"Este bello pueblo de Cantabria es el refugio oto\u00f1al ideal: cuatro valles, dos r\u00edos y los Picos de Europa\"><br \/>\n<img loading=\"lazy\" class=\"v-a-img\" src=\"http:\/\/cordobainforma.info\/wp-content\/uploads\/2025\/11\/esta-ciudad-de-huesca-te-pondra-a-los-pies-de-los-pirineos-y-la-nieve-lo-mejor-del-romanico-y-un-fabuloso-monasterio-7.jpg\" alt=\"Este bello pueblo de Cantabria es el refugio oto\u00f1al ideal: cuatro valles, dos r\u00edos y los Picos de Europa\"><br \/>\n<\/a><br \/>\n<\/figure>\n<\/div>\n<\/article>\n<\/div>\n<div class=\"v-g__c \">\n<article class=\"v-a v-a--cmp-rld v-a--cmp-rld-2 v-a--p-l\">\n<div class=\"v-a-img-c\">\n<figure class=\"v-a-fig\">\n<a href=\"https:\/\/www.mujerhoy.com\/vivir\/ocio\/castellfollit-roca-pueblo-espectacular-garrotxa-girona-volcanes-escapada-20251114235926-nt.html#vtm_modulosEngag=mod-rel:vivir:noticia:2:cmp:2-not\" class=\"v-a-link\" title=\"El pueblo de la Garrotxa que parece un milagro: est\u00e1 sobre un risco de v\u00e9rtigo y en un parque natural volc\u00e1nico\"><br \/>\n<img loading=\"lazy\" class=\"v-a-img\" src=\"http:\/\/cordobainforma.info\/wp-content\/uploads\/2025\/11\/esta-ciudad-de-huesca-te-pondra-a-los-pies-de-los-pirineos-y-la-nieve-lo-mejor-del-romanico-y-un-fabuloso-monasterio-8.jpg\" alt=\"El pueblo de la Garrotxa que parece un milagro: est\u00e1 sobre un risco de v\u00e9rtigo y en un parque natural volc\u00e1nico\"><br \/>\n<\/a><br \/>\n<\/figure>\n<\/div>\n<\/article>\n<\/div>\n<\/div>\n<\/div>\n<\/div>\n","protected":false},"excerpt":{"rendered":"<p>Jaca es la escapada invernal por excelencia. A los pies del Pirineo aragon\u00e9s, luego entre monta\u00f1as en Huesca, con una animaci\u00f3n fuera de lo com\u00fan y un patrimonio cultural extraordinario. Se nota que fue la primera capital del Reino de Arag\u00f3n y que es, llev\u00e1ndolo a nuestro terreno, la capital de la nieve, que para [&hellip;]<\/p>\n","protected":false},"author":1,"featured_media":176319,"comment_status":"open","ping_status":"closed","sticky":false,"template":"","format":"standard","meta":[],"categories":[18],"tags":[],"_links":{"self":[{"href":"http:\/\/cordobainforma.info\/index.php\/wp-json\/wp\/v2\/posts\/176318"}],"collection":[{"href":"http:\/\/cordobainforma.info\/index.php\/wp-json\/wp\/v2\/posts"}],"about":[{"href":"http:\/\/cordobainforma.info\/index.php\/wp-json\/wp\/v2\/types\/post"}],"author":[{"embeddable":true,"href":"http:\/\/cordobainforma.info\/index.php\/wp-json\/wp\/v2\/users\/1"}],"replies":[{"embeddable":true,"href":"http:\/\/cordobainforma.info\/index.php\/wp-json\/wp\/v2\/comments?post=176318"}],"version-history":[{"count":0,"href":"http:\/\/cordobainforma.info\/index.php\/wp-json\/wp\/v2\/posts\/176318\/revisions"}],"wp:featuredmedia":[{"embeddable":true,"href":"http:\/\/cordobainforma.info\/index.php\/wp-json\/wp\/v2\/media\/176319"}],"wp:attachment":[{"href":"http:\/\/cordobainforma.info\/index.php\/wp-json\/wp\/v2\/media?parent=176318"}],"wp:term":[{"taxonomy":"category","embeddable":true,"href":"http:\/\/cordobainforma.info\/index.php\/wp-json\/wp\/v2\/categories?post=176318"},{"taxonomy":"post_tag","embeddable":true,"href":"http:\/\/cordobainforma.info\/index.php\/wp-json\/wp\/v2\/tags?post=176318"}],"curies":[{"name":"wp","href":"https:\/\/api.w.org\/{rel}","templated":true}]}}