{"id":176304,"date":"2025-11-30T14:16:18","date_gmt":"2025-11-30T14:16:18","guid":{"rendered":"https:\/\/cordoba.gob.ar\/?p=83790"},"modified":"2025-11-30T14:16:18","modified_gmt":"2025-11-30T14:16:18","slug":"el-operativo-de-ordenamiento-ambiental-preventivo-contra-el-dengue-comenzara-diciembre-en-barrio-san-pablo","status":"publish","type":"post","link":"http:\/\/cordobainforma.info\/index.php\/2025\/11\/30\/el-operativo-de-ordenamiento-ambiental-preventivo-contra-el-dengue-comenzara-diciembre-en-barrio-san-pablo\/","title":{"rendered":"El operativo de ordenamiento ambiental preventivo contra el Dengue comenzar\u00e1 diciembre en barrio San Pablo"},"content":{"rendered":"<div><img src=\"http:\/\/cordobainforma.info\/wp-content\/uploads\/2025\/11\/el-operativo-de-ordenamiento-ambiental-preventivo-contra-el-dengue-comenzara-diciembre-en-barrio-san-pablo.jpg\" class=\"ff-og-image-inserted\"><\/div>\n<ul>\n<li dir=\"auto\"><strong>Esta semana recorrer\u00e1 adem\u00e1s los barrios San Salvador, Colinas de V\u00e9lez Sarsfield, Tablada Park, Villa Centenario y Providencia<\/strong><\/li>\n<li><strong>En cada espacio se recolectar\u00e1n materiales en desuso que se encuentren en patios y jardines y que podr\u00edan llegar a convertirse en criaderos de mosquitos del Dengue.<\/strong><\/li>\n<\/ul>\n<hr>\n<p dir=\"auto\">La Municipalidad de C\u00f3rdoba comienza diciembre inaugurando una nueva semana de operativos de ordenamiento ambiental preventivos en diferentes barrios de la ciudad.<\/p>\n<p dir=\"auto\">En cada sector recolectar\u00e1n elementos aquellos utensilios en desuso que se encuentren en patios y jardines, a los fines de reducir los espacios donde el mosquito del Dengue pueda proliferar, especialmente luego de d\u00edas de lluvia y extrema humedad.<\/p>\n<p dir=\"auto\">Para reproducirse, la hembra del mosquito Aedes aegypti infectado, m\u00e1s conocida como el mosquito del Dengue, coloca sus huevos en las paredes de objetos que contienen agua. Cuando llueve y sube la temperatura, esos huevos se abren y en menos de diez d\u00edas se transforman en mosquitos adultos capaces de transmitir la enfermedad.<\/p>\n<p dir=\"auto\">Por eso, es tan importante revisar cada vivienda, y extraer todo aquello que pueda servir como recept\u00e1culo del mosquito.<\/p>\n<p dir=\"auto\">Desde el Municipio, se centralizan acciones que buscan la eliminaci\u00f3n de esos huevos a los fines de reducir significativamente la cantidad de mosquitos adultos en los meses de verano, colaborando con los vecinos en la limpieza de viviendas, retirando y trasladando de cada domicilio aquellos materiales en desuso e inservibles que podr\u00edan convertirse en posibles criaderos de mosquitos.<\/p>\n<p dir=\"auto\">A tal fin, se solicita que el d\u00eda establecido para el recorrido de cada barrio, los vecinos coloquen sobre su vereda y antes <span dir=\"ltr\">de las 10:00<\/span> horas, todos aquellos elementos como neum\u00e1ticos, cacharros, latas, tapitas, baldes y\/o palanganas en desuso, como tambi\u00e9n todos aquellos elementos de gran tama\u00f1o como electrodom\u00e9sticos rotos o muebles en desuso que usualmente no retira el recolector, sin entorpecer el paso.<\/p>\n<p dir=\"auto\">Tambi\u00e9n se recolectar\u00e1n restos h\u00famedos, yuyos o malezas que se encuentren correctamente embolsados.<\/p>\n<p dir=\"auto\">El cronograma de recorrido del operativo ambiental de esta semana, ser\u00e1 en los siguientes barrios:<\/p>\n<ul>\n<li><span dir=\"ltr\">Lunes 1\/12<\/span>: San Pablo<\/li>\n<li><span dir=\"ltr\">Martes 2\/12<\/span>: San Salvador<\/li>\n<li><span dir=\"ltr\">Mi\u00e9rcoles 3\/12<\/span>: Colinas de V\u00e9lez Sarsfield<\/li>\n<li><span dir=\"ltr\">Jueves 4\/12<\/span>: Tablada Park\/ Villa Centenario<\/li>\n<li><span dir=\"ltr\">Viernes 5\/12<\/span>: Providencia<\/li>\n<\/ul>\n<p dir=\"auto\">Una vez culminado el recorrido de los camiones del Centro Operativo por los domicilios, las empresas de recolecci\u00f3n de residuos (UrbaCor, LAM y LUSA) reforzar\u00e1n sus rutas, levantando todo lo que no haya podido ser recogido anteriormente, a los fines de garantizar la limpieza del sector.<\/p>\n<p dir=\"auto\">Adem\u00e1s, para aquellos vecinos que se les imposibilite dejar afuera de sus domicilios elementos inservibles en el momento en que pase el cami\u00f3n o que quisieran llevarlos personalmente en horarios que sean de su comodidad, se dispondr\u00e1 por dos d\u00edas, un contenedor que se ubicar\u00e1 en puntos estrat\u00e9gicos del sector.<\/p>\n<p dir=\"auto\">A su vez, durante el operativo, personal Municipal relevar\u00e1n terrenos bald\u00edos abandonados, e intimando a sus due\u00f1os para llevar a cabo la limpieza y desmalezado.<\/p>\n<p dir=\"auto\">En caso de lluvia el operativo ser\u00e1 reprogramado.<\/p>\n","protected":false},"excerpt":{"rendered":"<p>Esta semana recorrer\u00e1 adem\u00e1s los barrios San Salvador, Colinas de V\u00e9lez Sarsfield, Tablada Park, Villa Centenario y Providencia En cada espacio se recolectar\u00e1n materiales en desuso que se encuentren en patios y jardines y que podr\u00edan llegar a convertirse en criaderos de mosquitos del Dengue. La Municipalidad de C\u00f3rdoba comienza diciembre inaugurando una nueva semana [&hellip;]<\/p>\n","protected":false},"author":1,"featured_media":176305,"comment_status":"closed","ping_status":"closed","sticky":false,"template":"","format":"standard","meta":[],"categories":[2],"tags":[],"_links":{"self":[{"href":"http:\/\/cordobainforma.info\/index.php\/wp-json\/wp\/v2\/posts\/176304"}],"collection":[{"href":"http:\/\/cordobainforma.info\/index.php\/wp-json\/wp\/v2\/posts"}],"about":[{"href":"http:\/\/cordobainforma.info\/index.php\/wp-json\/wp\/v2\/types\/post"}],"author":[{"embeddable":true,"href":"http:\/\/cordobainforma.info\/index.php\/wp-json\/wp\/v2\/users\/1"}],"replies":[{"embeddable":true,"href":"http:\/\/cordobainforma.info\/index.php\/wp-json\/wp\/v2\/comments?post=176304"}],"version-history":[{"count":0,"href":"http:\/\/cordobainforma.info\/index.php\/wp-json\/wp\/v2\/posts\/176304\/revisions"}],"wp:featuredmedia":[{"embeddable":true,"href":"http:\/\/cordobainforma.info\/index.php\/wp-json\/wp\/v2\/media\/176305"}],"wp:attachment":[{"href":"http:\/\/cordobainforma.info\/index.php\/wp-json\/wp\/v2\/media?parent=176304"}],"wp:term":[{"taxonomy":"category","embeddable":true,"href":"http:\/\/cordobainforma.info\/index.php\/wp-json\/wp\/v2\/categories?post=176304"},{"taxonomy":"post_tag","embeddable":true,"href":"http:\/\/cordobainforma.info\/index.php\/wp-json\/wp\/v2\/tags?post=176304"}],"curies":[{"name":"wp","href":"https:\/\/api.w.org\/{rel}","templated":true}]}}