{"id":176291,"date":"2025-11-30T13:29:07","date_gmt":"2025-11-30T13:29:07","guid":{"rendered":"http:\/\/cordobainforma.info\/index.php\/2025\/11\/30\/la-nueva-privatizacion-de-rutas-de-javier-milei-y-toto-caputo-viene-con-subas-de-hasta\/"},"modified":"2025-11-30T13:29:07","modified_gmt":"2025-11-30T13:29:07","slug":"la-nueva-privatizacion-de-rutas-de-javier-milei-y-toto-caputo-viene-con-subas-de-hasta","status":"publish","type":"post","link":"http:\/\/cordobainforma.info\/index.php\/2025\/11\/30\/la-nueva-privatizacion-de-rutas-de-javier-milei-y-toto-caputo-viene-con-subas-de-hasta\/","title":{"rendered":"La <b>nueva<\/b> privatizaci\u00f3n de rutas de Javier Milei y Toto Caputo viene con subas de hasta &#8230;"},"content":{"rendered":"<p><b>Econom\u00eda<\/b> &middot; Buenos Aires &middot; CABA &middot; Santa Fe &middot; Entre R\u00edos &middot; <b>C\u00f3rdoba<\/b> &middot; Norte Grande &middot; Patagonia &middot; Congreso &middot; Letra P. \u00a9 2025 Letra P | Todos los derechos&nbsp;&#8230; <\/p>\n","protected":false},"excerpt":{"rendered":"<p>Econom\u00eda &middot; Buenos Aires &middot; CABA &middot; Santa Fe &middot; Entre R\u00edos &middot; C\u00f3rdoba &middot; Norte Grande &middot; Patagonia &middot; Congreso &middot; Letra P. \u00a9 2025 Letra P | Todos los derechos&nbsp;&#8230;<\/p>\n","protected":false},"author":1,"featured_media":0,"comment_status":"closed","ping_status":"closed","sticky":false,"template":"","format":"standard","meta":[],"categories":[23],"tags":[],"_links":{"self":[{"href":"http:\/\/cordobainforma.info\/index.php\/wp-json\/wp\/v2\/posts\/176291"}],"collection":[{"href":"http:\/\/cordobainforma.info\/index.php\/wp-json\/wp\/v2\/posts"}],"about":[{"href":"http:\/\/cordobainforma.info\/index.php\/wp-json\/wp\/v2\/types\/post"}],"author":[{"embeddable":true,"href":"http:\/\/cordobainforma.info\/index.php\/wp-json\/wp\/v2\/users\/1"}],"replies":[{"embeddable":true,"href":"http:\/\/cordobainforma.info\/index.php\/wp-json\/wp\/v2\/comments?post=176291"}],"version-history":[{"count":0,"href":"http:\/\/cordobainforma.info\/index.php\/wp-json\/wp\/v2\/posts\/176291\/revisions"}],"wp:attachment":[{"href":"http:\/\/cordobainforma.info\/index.php\/wp-json\/wp\/v2\/media?parent=176291"}],"wp:term":[{"taxonomy":"category","embeddable":true,"href":"http:\/\/cordobainforma.info\/index.php\/wp-json\/wp\/v2\/categories?post=176291"},{"taxonomy":"post_tag","embeddable":true,"href":"http:\/\/cordobainforma.info\/index.php\/wp-json\/wp\/v2\/tags?post=176291"}],"curies":[{"name":"wp","href":"https:\/\/api.w.org\/{rel}","templated":true}]}}