{"id":176252,"date":"2025-11-30T12:29:21","date_gmt":"2025-11-30T12:29:21","guid":{"rendered":"https:\/\/www.clarin.com\/deportes\/eduardo-dominguez-dt-estudiantes-envalentona-medio-escalada-tension-afa-equipo-habla-hablar_0_wjrZUg68Zt.html"},"modified":"2025-11-30T12:29:21","modified_gmt":"2025-11-30T12:29:21","slug":"eduardo-dominguez-el-dt-de-estudiantes-se-envalentona-en-medio-de-la-escalada-de-tension-con-la-afa-el-equipo-habla-donde-tiene-que-hablar","status":"publish","type":"post","link":"http:\/\/cordobainforma.info\/index.php\/2025\/11\/30\/eduardo-dominguez-el-dt-de-estudiantes-se-envalentona-en-medio-de-la-escalada-de-tension-con-la-afa-el-equipo-habla-donde-tiene-que-hablar\/","title":{"rendered":"Eduardo Dom\u00ednguez, el DT de Estudiantes, se envalentona en medio de la escalada de tensi\u00f3n con la AFA: \u00abEl equipo habla donde tiene que hablar\u00bb"},"content":{"rendered":"<p><img src=\"http:\/\/cordobainforma.info\/wp-content\/uploads\/2025\/11\/eduardo-dominguez-el-dt-de-estudiantes-se-envalentona-en-medio-de-la-escalada-de-tension-con-la-afa-el-equipo-habla-donde-tiene-que-hablar.jpg\"><\/p>\n<div><img src=\"http:\/\/cordobainforma.info\/wp-content\/uploads\/2025\/11\/eduardo-dominguez-el-dt-de-estudiantes-se-envalentona-en-medio-de-la-escalada-de-tension-con-la-afa-el-equipo-habla-donde-tiene-que-hablar-2.jpg\" class=\"ff-og-image-inserted\"><\/div>\n<div id=\"element-body-0\" readability=\"63\">\n<p><strong>\u00abEl equipo est\u00e1 mostrando la cara y habla donde tiene que hablar\u00bb<\/strong>. <strong>Eduardo Dom\u00ednguez<\/strong> no esquiv\u00f3 la l\u00f3gica pregunta que rodeaba a todo Estudiantes de La Plata despu\u00e9s de una <strong>semana escandalosa en su quebrada relaci\u00f3n institucional con la AFA<\/strong>. El DT del \u00abPincha\u00bb, despu\u00e9s de la victoria por 1-0 sobre Central C\u00f3rdoba de Santiago del Estero, <strong>habl\u00f3 por primera vez despu\u00e9s de la in\u00e9dita sanci\u00f3n que los 11 titulares <\/strong>del encuentro contra Rosario Central recibieron por dar la espalda al designado campe\u00f3n de la Liga Profesional, por haber sido el equipo que m\u00e1s puntos sac\u00f3 en la tabla anual.<\/p>\n<\/div>\n<div id=\"element-body-1\" readability=\"28.984326018809\">\n<blockquote class=\"twitter-tweet\" readability=\"8.6520376175549\">\n<p lang=\"es\" dir=\"ltr\">\u00abEL EQUIPO EST\u00c1 MOSTRANDO LA CARA Y HABLA DONDE TIENE QUE HABLAR\u00bb<\/p>\n<p>\ud83d\udd25 El Barba Dom\u00ednguez fue consultado sobre el espaldazo en el pasillo a Rosario Central, la pelea dirigencial de Ver\u00f3n y todo lo que viene rodeando a Estudiantes: \u00a1FUE CLARITO! <a href=\"https:\/\/t.co\/Fq8P2D3KcE\">pic.twitter.com\/Fq8P2D3KcE<\/a><\/p>\n<p>\u2014 SportsCenter (@SC_ESPN) <a href=\"https:\/\/twitter.com\/SC_ESPN\/status\/1994963327655841957?ref_src=twsrc%5Etfw\">November 30, 2025<\/a><\/p><\/blockquote><\/div>\n<div id=\"element-body-2\" readability=\"70\">\n<p>El \u00abBarba\u00bb, ante las c\u00e1maras y antes de sentarse a brindar la conferencia de prensa, le dio un apasionado beso a su mujer <strong>Brenda Bianchi<\/strong>, hija del \u00abVirrey\u00bb, quien lo esperaba dentro de la sala del estadio Madre de Ciudades de Santiago del Estero. <strong>\u00abMi abrazo con mi se\u00f1ora ac\u00e1 es porque no la dejaron pasar del otro lado, sino la abrazaba del toro lado. Es porque la amo, est\u00e1 ac\u00e1, no tiene nada que ver, empiezan a hacer conjeturas que es una descarga de no s\u00e9 qu\u00e9, es mi se\u00f1ora\u00bb<\/strong>, explic\u00f3.<\/p>\n<\/div>\n<div id=\"element-body-3\" readability=\"24.256684491979\">\n<blockquote class=\"twitter-tweet\" readability=\"4.620320855615\">\n<p lang=\"es\" dir=\"ltr\">\u00abNO LA DEJARON PASAR AL OTRO LADO\u00bb El Barba Dom\u00ednguez explic\u00f3 la situaci\u00f3n son su esposa en Santiago del Estero. <a href=\"https:\/\/t.co\/h6PWFjR2Qr\">pic.twitter.com\/h6PWFjR2Qr<\/a><\/p>\n<p>\u2014 SportsCenter (@SC_ESPN) <a href=\"https:\/\/twitter.com\/SC_ESPN\/status\/1994966178503299162?ref_src=twsrc%5Etfw\">November 30, 2025<\/a><\/p><\/blockquote><\/div>\n<div id=\"element-body-4\" readability=\"68\">\n<p>Fiel a su estilo, el entrenador nunca perdi\u00f3 la calma y siempre trat\u00f3 de evitar cualquier pol\u00e9mica, sobre todo con lo que pas\u00f3 desde el lunes pasado, cuando la AFA avanz\u00f3 con firmeza contra el \u00abPincha\u00bb, lo que deriv\u00f3 tambi\u00e9n en la inhabilitaci\u00f3n por seis meses del presidente <strong>Juan Sebasti\u00e1n Ver\u00f3n<\/strong>. \u201cTodo lo que se habla afuera afecta y seguramente nos ha afectado\u201d, reconoci\u00f3, y le respondi\u00f3 a aquellos que apuntan a la forma en que Estudiantes clasific\u00f3 a los Playoffs del Clausura. <strong>\u201cEscucho que dicen \u2018entr\u00f3 por la ventana\u2019. La verdad es que no, entramos \u00faltimos pero nosotros ya est\u00e1bamos adentro\u201d<\/strong>, dijo<\/p>\n<\/div>\n<div id=\"element-body-5\" readability=\"60\">\n<p><strong>\u201cTanto contra Central como en este partido, el equipo mostr\u00f3 la cara que ha mostrado durante todo el a\u00f1o\u201d<\/strong>, complet\u00f3..<\/p>\n<\/div>\n<div id=\"element-body-6\" readability=\"62\">\n<p>En el an\u00e1lisis del triunfo ante el \u00abFerroviario\u00bb, el t\u00e9cnico del \u00abLe\u00f3n\u00bb marc\u00f3: <strong>\u201cTen\u00edamos que achicar para atr\u00e1s porque Central C\u00f3rdoba explota mucho el jugar a espaldas de la defensa. En el primer tiempo nos cost\u00f3 tener la pelota, pero en el segundo encontramos mejores espacios en los laterales y as\u00ed lleg\u00f3 el gol\u201d<\/strong>.<\/p>\n<\/div>\n<div id=\"element-body-7\" readability=\"67\">\n<p>Y, ya en semifinales a la espera del ganador del cruce entre Barracas Central y su cl\u00e1sico Gimnasia, Dom\u00ednguez evit\u00f3 hacer una elecci\u00f3n de preferencia y se permite ilusionarse: \u201cEmpezamos a creer m\u00e1s en nosotros, el equipo se est\u00e1 haciendo cada vez m\u00e1s fuerte, m\u00e1s s\u00f3lido y entiende c\u00f3mo jugar los partidos, sabiendo que son todas finales. <strong>No podemos hacer nada con lo que pasa en otros partidos, nosotros tenemos que fijarnos en nosotros y tratar de llegar a la final, que es lo que queremos\u201d<\/strong>.<\/p>\n<\/div>\n","protected":false},"excerpt":{"rendered":"<p>\u00abEl equipo est\u00e1 mostrando la cara y habla donde tiene que hablar\u00bb. Eduardo Dom\u00ednguez no esquiv\u00f3 la l\u00f3gica pregunta que rodeaba a todo Estudiantes de La Plata despu\u00e9s de una semana escandalosa en su quebrada relaci\u00f3n institucional con la AFA. El DT del \u00abPincha\u00bb, despu\u00e9s de la victoria por 1-0 sobre Central C\u00f3rdoba de Santiago [&hellip;]<\/p>\n","protected":false},"author":1,"featured_media":176253,"comment_status":"closed","ping_status":"closed","sticky":false,"template":"","format":"standard","meta":[],"categories":[20],"tags":[],"_links":{"self":[{"href":"http:\/\/cordobainforma.info\/index.php\/wp-json\/wp\/v2\/posts\/176252"}],"collection":[{"href":"http:\/\/cordobainforma.info\/index.php\/wp-json\/wp\/v2\/posts"}],"about":[{"href":"http:\/\/cordobainforma.info\/index.php\/wp-json\/wp\/v2\/types\/post"}],"author":[{"embeddable":true,"href":"http:\/\/cordobainforma.info\/index.php\/wp-json\/wp\/v2\/users\/1"}],"replies":[{"embeddable":true,"href":"http:\/\/cordobainforma.info\/index.php\/wp-json\/wp\/v2\/comments?post=176252"}],"version-history":[{"count":0,"href":"http:\/\/cordobainforma.info\/index.php\/wp-json\/wp\/v2\/posts\/176252\/revisions"}],"wp:featuredmedia":[{"embeddable":true,"href":"http:\/\/cordobainforma.info\/index.php\/wp-json\/wp\/v2\/media\/176253"}],"wp:attachment":[{"href":"http:\/\/cordobainforma.info\/index.php\/wp-json\/wp\/v2\/media?parent=176252"}],"wp:term":[{"taxonomy":"category","embeddable":true,"href":"http:\/\/cordobainforma.info\/index.php\/wp-json\/wp\/v2\/categories?post=176252"},{"taxonomy":"post_tag","embeddable":true,"href":"http:\/\/cordobainforma.info\/index.php\/wp-json\/wp\/v2\/tags?post=176252"}],"curies":[{"name":"wp","href":"https:\/\/api.w.org\/{rel}","templated":true}]}}