{"id":176250,"date":"2025-11-30T14:18:53","date_gmt":"2025-11-30T14:18:53","guid":{"rendered":"https:\/\/www.clarin.com\/deportes\/lionel-messi-dio-tierno-beso-antonela-roccuzzo-palpita-final-mls-bestia-negra-thomas-muller-pasito_0_rQWzDEi3yp.html"},"modified":"2025-11-30T14:18:53","modified_gmt":"2025-11-30T14:18:53","slug":"lionel-messi-le-dio-un-tierno-beso-a-antonela-roccuzzo-y-ya-palpita-la-final-de-la-mls-contra-su-bestia-negra-thomas-muller-un-pasito-mas","status":"publish","type":"post","link":"http:\/\/cordobainforma.info\/index.php\/2025\/11\/30\/lionel-messi-le-dio-un-tierno-beso-a-antonela-roccuzzo-y-ya-palpita-la-final-de-la-mls-contra-su-bestia-negra-thomas-muller-un-pasito-mas\/","title":{"rendered":"Lionel Messi le dio un tierno beso a Antonela Roccuzzo y ya palpita la final de la MLS contra su \u00abbestia negra\u00bb Thomas M\u00fcller: \u00abUn pasito m\u00e1s\u00bb"},"content":{"rendered":"<p><img src=\"http:\/\/cordobainforma.info\/wp-content\/uploads\/2025\/11\/lionel-messi-le-dio-un-tierno-beso-a-antonela-roccuzzo-y-ya-palpita-la-final-de-la-mls-contra-su-bestia-negra-thomas-muller-un-pasito-mas.jpg\"><\/p>\n<div><img src=\"http:\/\/cordobainforma.info\/wp-content\/uploads\/2025\/11\/lionel-messi-le-dio-un-tierno-beso-a-antonela-roccuzzo-y-ya-palpita-la-final-de-la-mls-contra-su-bestia-negra-thomas-muller-un-pasito-mas-2.jpg\" class=\"ff-og-image-inserted\"><\/div>\n<div id=\"element-body-0\" readability=\"57.300934579439\">\n<p><strong>Lionel Messi est\u00e1 feliz<\/strong>. El campe\u00f3n del mundo condujo por primera vez al <strong>Inter Miami<\/strong> a la final de la <strong>MLS Cup<\/strong>, el t\u00edtulo m\u00e1s importante del f\u00fatbol de Estados Unidos, despu\u00e9s de una brutal goleada 5-1 sobre el New York City FC. <a href=\"https:\/\/www.clarin.com\/deportes\/beso-mama-celia-messi-festejo-alocado-mascherano-foto-alcaraz-inter-miami-noche-feliz-ahora-quiere-campeon-mls_0_ZcxSJJSDur.html\" target=\"_blank\" title=\"Y adem\u00e1s del tierno abrazo con su mam\u00e1 Celia Cuccittini\" alt=\"Y adem\u00e1s del tierno abrazo con su mam\u00e1 Celia Cuccittini\" rel=\"noopener noreferrer\">Y adem\u00e1s del tierno abrazo con su mam\u00e1 <\/a><strong><a href=\"https:\/\/www.clarin.com\/deportes\/beso-mama-celia-messi-festejo-alocado-mascherano-foto-alcaraz-inter-miami-noche-feliz-ahora-quiere-campeon-mls_0_ZcxSJJSDur.html\" target=\"_blank\" title=\"Y adem\u00e1s del tierno abrazo con su mam\u00e1 Celia Cuccittini\" alt=\"Y adem\u00e1s del tierno abrazo con su mam\u00e1 Celia Cuccittini\" rel=\"noopener noreferrer\">Celia Cuccittini<\/a><\/strong>, hubo un beso con su esposa <strong>Antonela Roccuzzo<\/strong> que dio la vuelta a las redes sociales y un posteo en el que empez\u00f3 a palpitar el partido definitorio frente a <strong>Vancouver Whitecaps<\/strong> del crack alem\u00e1n <strong>Thomas M\u00fcller<\/strong>, ganador de la Conferencia Oeste.<\/p>\n<\/div>\n<div id=\"element-body-1\" readability=\"25.244239631336\">\n<blockquote class=\"twitter-tweet\" readability=\"6.8847926267281\">\n<p lang=\"es\" dir=\"ltr\">PUEDE SER LA IMAGEN DEL A\u00d1O: EL BESO DE LEO MESSI CON SU MAM\u00c1 Y CON ANTO, LUEGO DE GRITAR CAMPE\u00d3N DE LA CONFERENCIA ESTE DE LA <a href=\"https:\/\/twitter.com\/hashtag\/MLS?src=hash&amp;ref_src=twsrc%5Etfw\">#MLS<\/a>. <\/p>\n<p>\ud83d\udcf9 <a href=\"https:\/\/twitter.com\/MLS?ref_src=twsrc%5Etfw\">@MLS<\/a> <a href=\"https:\/\/t.co\/XW4On4jCCv\">pic.twitter.com\/XW4On4jCCv<\/a><\/p>\n<p>\u2014 SportsCenter (@SC_ESPN) <a href=\"https:\/\/twitter.com\/SC_ESPN\/status\/1994978592652951728?ref_src=twsrc%5Etfw\">November 30, 2025<\/a><\/p><\/blockquote><\/div>\n<div id=\"element-body-2\" readability=\"66\">\n<p><strong>\u00abTodav\u00eda nos queda un pasito m\u00e1s\u00bb<\/strong>, escribi\u00f3 el rosarino de 38 a\u00f1os en su cuenta oficial de Instagram, donde agreg\u00f3 varias im\u00e1genes del triunfo de Las Garzas, que se celebr\u00f3 con un acto en el que estuvieron los due\u00f1os principales de la franquicia, los hermanos Jorge y Jos\u00e9 Mas, y el ingl\u00e9s David Beckham. <strong>\u00abCampeones de la Conferencia Este pero nos queda la final de la MLS Cup\u00bb<\/strong>, agreg\u00f3.<\/p>\n<\/div>\n<div id=\"element-body-4\" readability=\"62\">\n<p>El encuentro ser\u00e1 el pr\u00f3ximo s\u00e1bado a las 16:30 (hora argentina) en el Chase Stadium de Miami, donde Messi<strong> volver\u00e1 a ver a su \u00abbestia negra\u00bb<\/strong>. \u00bfPor qu\u00e9? Porque M\u00fcller no solo le arrebat\u00f3 aquella final del Mundial 2014 que Alemania le gan\u00f3 en el suplementario a la Selecci\u00f3n Argentina en el estadio Maracan\u00e1, sino tambi\u00e9n domina un historial que ha tenido resultados hist\u00f3ricos.<\/p>\n<\/div>\n<div id=\"element-body-5\" readability=\"63\">\n<p>Son siete triunfos en 10 partidos para el alem\u00e1n, que lleg\u00f3 esta temporada a la MLS para cerrar su carrera, al igual que Messi. Adem\u00e1s de a nivel selecciones, M\u00fcller lo ha cruzado con el Bayern M\u00fanich frente al Barcelona y el PSG, los dos equipos en los que actu\u00f3 el argentino.<\/p>\n<\/div>\n<div id=\"element-body-6\" readability=\"64\">\n<p>El peor recuerdo para la \u00abPulga\u00bb, adem\u00e1s de aquella final del Mundial, fue el 2-8 que sufri\u00f3 con el conjunto catal\u00e1n en la Champions League de la pandemia, en Portugal, y el 0-7 en el global de la serie en la temporada 2012-2013, donde M\u00fcller anot\u00f3 en los encuentros de ida y vuelta.<\/p>\n<\/div>\n<div id=\"element-body-8\" readability=\"59\">\n<p>Vancouver tambi\u00e9n busca hacer historia.<strong> El equipo canadiense avanz\u00f3 por primera vez a la final de la MLS Cup<\/strong> al derrotar como visitante al San Diego FC por 3 a 1, liderado por Thomas M\u00fcller.<\/p>\n<\/div>\n<div id=\"element-body-9\" readability=\"23.85798816568\">\n<blockquote class=\"twitter-tweet\" readability=\"5.2189349112426\">\n<p lang=\"en\" dir=\"ltr\">\u00abI wished for this final\u00bb<\/p>\n<p>Thomas M\u00fcller is ready for Messi and Miami. \/\/ MLS Cup pres. by Audi <a href=\"https:\/\/t.co\/wapGgXPxhz\">pic.twitter.com\/wapGgXPxhz<\/a><\/p>\n<p>\u2014 Major League Soccer (@MLS) <a href=\"https:\/\/twitter.com\/MLS\/status\/1994985109846381021?ref_src=twsrc%5Etfw\">November 30, 2025<\/a><\/p><\/blockquote><\/div>\n<div id=\"element-body-10\" readability=\"66\">\n<p>Y la pregunta obvia fue qu\u00e9 sent\u00eda el todoterreno alem\u00e1n sobre volver a verse las caras con Messi. <strong>\u00abS\u00ed, lo s\u00e9, vos quer\u00e9s hablar sobre la historia para que cualquier cosa que diga sea un titular. pero yo disfruto de verlo jugar, creo que Inter Miami es un equipo muy fuerte, lo vimos venciendo al New York. Creo que es una gran final, deseamos esta final y ahora vamos por ella\u00bb<\/strong>, afirm\u00f3.<\/p>\n<\/div>\n","protected":false},"excerpt":{"rendered":"<p>Lionel Messi est\u00e1 feliz. El campe\u00f3n del mundo condujo por primera vez al Inter Miami a la final de la MLS Cup, el t\u00edtulo m\u00e1s importante del f\u00fatbol de Estados Unidos, despu\u00e9s de una brutal goleada 5-1 sobre el New York City FC. Y adem\u00e1s del tierno abrazo con su mam\u00e1 Celia Cuccittini, hubo un [&hellip;]<\/p>\n","protected":false},"author":1,"featured_media":176251,"comment_status":"closed","ping_status":"closed","sticky":false,"template":"","format":"standard","meta":[],"categories":[20],"tags":[],"_links":{"self":[{"href":"http:\/\/cordobainforma.info\/index.php\/wp-json\/wp\/v2\/posts\/176250"}],"collection":[{"href":"http:\/\/cordobainforma.info\/index.php\/wp-json\/wp\/v2\/posts"}],"about":[{"href":"http:\/\/cordobainforma.info\/index.php\/wp-json\/wp\/v2\/types\/post"}],"author":[{"embeddable":true,"href":"http:\/\/cordobainforma.info\/index.php\/wp-json\/wp\/v2\/users\/1"}],"replies":[{"embeddable":true,"href":"http:\/\/cordobainforma.info\/index.php\/wp-json\/wp\/v2\/comments?post=176250"}],"version-history":[{"count":0,"href":"http:\/\/cordobainforma.info\/index.php\/wp-json\/wp\/v2\/posts\/176250\/revisions"}],"wp:featuredmedia":[{"embeddable":true,"href":"http:\/\/cordobainforma.info\/index.php\/wp-json\/wp\/v2\/media\/176251"}],"wp:attachment":[{"href":"http:\/\/cordobainforma.info\/index.php\/wp-json\/wp\/v2\/media?parent=176250"}],"wp:term":[{"taxonomy":"category","embeddable":true,"href":"http:\/\/cordobainforma.info\/index.php\/wp-json\/wp\/v2\/categories?post=176250"},{"taxonomy":"post_tag","embeddable":true,"href":"http:\/\/cordobainforma.info\/index.php\/wp-json\/wp\/v2\/tags?post=176250"}],"curies":[{"name":"wp","href":"https:\/\/api.w.org\/{rel}","templated":true}]}}