{"id":176248,"date":"2025-11-29T20:38:59","date_gmt":"2025-11-29T20:38:59","guid":{"rendered":"https:\/\/somoscordobeses.com\/2025\/11\/29\/el-ministro-de-salud-mario-lugones-asegura-que-las-vacunas-son-seguras-y-salvan-vidas\/"},"modified":"2025-11-29T20:38:59","modified_gmt":"2025-11-29T20:38:59","slug":"el-ministro-de-salud-mario-lugones-asegura-que-las-vacunas-son-seguras-y-salvan-vidas","status":"publish","type":"post","link":"http:\/\/cordobainforma.info\/index.php\/2025\/11\/29\/el-ministro-de-salud-mario-lugones-asegura-que-las-vacunas-son-seguras-y-salvan-vidas\/","title":{"rendered":"El ministro de Salud Mario Lugones asegura que \u00ablas vacunas son seguras y salvan vidas\u00bb"},"content":{"rendered":"<div><img src=\"http:\/\/cordobainforma.info\/wp-content\/uploads\/2025\/11\/el-ministro-de-salud-mario-lugones-asegura-que-las-vacunas-son-seguras-y-salvan-vidas.jpg\" class=\"ff-og-image-inserted\"><\/div>\n<p>El ministro de Salud de la Naci\u00f3n, Mario Lugones, comparti\u00f3 este s\u00e1bado un comunicado en el que expresa que \u00ablas vacunas del Calendario Nacional de Vacunaci\u00f3n son herramientas fundamentales de la salud\u00bb.<\/p>\n<p>El comunicado, consensuado con la casi totalidad de los ministros de Salud provinciales, surge tras la presentaci\u00f3n por parte de la diputada del PRO por Chaco, Maril\u00fa Quiroz, que llev\u00f3 al \u00e1mbito del Congreso una pol\u00e9mica exposici\u00f3n antivacunas en la que se denunciaron \u00abefectos colaterales\u00bb como \u00abmagnetismo\u00bb en el cuerpo.<\/p>\n<p>La presentaci\u00f3n del pasado jueves se volvi\u00f3 viral en las redes sociales y naturalmente provoc\u00f3 un inmediato rechazo de la comunidad cient\u00edfica. El 11 de noviembre Quiroz present\u00f3 un proyecto de declaraci\u00f3n en la C\u00e1mara de Diputados donde solicit\u00f3 revisar el car\u00e1cter obligatorio de la vacunaci\u00f3n establecido por la Ley 27.491.<\/p>\n<p>El comunicado compartido por Lugones tuvo el aval de 22 de los 24 distritos de Argentina. Las sorpresivas ausencias provienen de Formosa y provincia de Buenos Aires. Sin embargo, el responsable de la cartera de Salud del Gobierno de Axel Kicillof, Nicol\u00e1s Kreplak, critic\u00f3 la presentaci\u00f3n y asegur\u00f3 que quienes promueven este tipo de pol\u00e9micas buscan la \u00abdestrucci\u00f3n del derecho a la salud\u201d.<\/p>\n<p>En el comunicado puede leerse que cada vacuna del calendario \u00abcuenta con d\u00e9cadas de uso seguro, est\u00e1 respaldada por evidencia cient\u00edfica s\u00f3lida y ha demostrado su eficacia para prevenir enfermedades graves y la muerte de millones de personas\u00bb.<\/p>\n<p>\u00abAntes de ser incorporadas al Calendario, todas las vacunas atraviesan evaluaciones rigurosas que garantizan su calidad, seguridad y efectividad. Ese mismo est\u00e1ndar se mantiene a lo largo del tiempo mediante procesos permanentes de control y seguimiento\u00bb, agrega el texto compartido por Lugones.<\/p>\n<figure data-html data-tadevel-template=\"web\/multimedia\" data-type=\"rich\" data-url=\"https:\/\/twitter.com\/Mariolugones_ar\/status\/1994792419389575517\"><figcaption>\n<p>X de Mario Lugones<\/p>\n<\/figcaption><\/figure>\n<h4>La pol\u00e9mica<\/h4>\n<p>La iniciativa impulsada por Quiroz fue autorizada por el presidente de la C\u00e1mara baja, Mart\u00edn Menem. El evento, publicitado bajo el t\u00edtulo \u201c\u00bfQu\u00e9 contienen realmente las vacunas Covid-19?\u201d, fue se\u00f1alado por promover desinformaci\u00f3n en un tema especialmente sensible.<\/p>\n<p>El momento \u201cviral\u201d ocurri\u00f3 cuando un hombre subi\u00f3 al escenario con el torso desnudo para simular que experimentaba \u201cmagnetismo\u201d en su cuerpo atribuido a la vacuna contra el coronavirus.<\/p>\n<p>La evidencia internacional es contundente. La Organizaci\u00f3n Mundial de la Salud ratific\u00f3 en 2021 que \u201clas vacunas est\u00e1n libres de metales que causar\u00edan una atracci\u00f3n magn\u00e9tica al cuerpo\u201d.<\/p>\n","protected":false},"excerpt":{"rendered":"<p>El ministro de Salud de la Naci\u00f3n, Mario Lugones, comparti\u00f3 este s\u00e1bado un comunicado en el que expresa que \u00ablas vacunas del Calendario Nacional de Vacunaci\u00f3n son herramientas fundamentales de la salud\u00bb. El comunicado, consensuado con la casi totalidad de los ministros de Salud provinciales, surge tras la presentaci\u00f3n por parte de la diputada del [&hellip;]<\/p>\n","protected":false},"author":1,"featured_media":176249,"comment_status":"closed","ping_status":"closed","sticky":false,"template":"","format":"standard","meta":[],"categories":[2],"tags":[],"_links":{"self":[{"href":"http:\/\/cordobainforma.info\/index.php\/wp-json\/wp\/v2\/posts\/176248"}],"collection":[{"href":"http:\/\/cordobainforma.info\/index.php\/wp-json\/wp\/v2\/posts"}],"about":[{"href":"http:\/\/cordobainforma.info\/index.php\/wp-json\/wp\/v2\/types\/post"}],"author":[{"embeddable":true,"href":"http:\/\/cordobainforma.info\/index.php\/wp-json\/wp\/v2\/users\/1"}],"replies":[{"embeddable":true,"href":"http:\/\/cordobainforma.info\/index.php\/wp-json\/wp\/v2\/comments?post=176248"}],"version-history":[{"count":0,"href":"http:\/\/cordobainforma.info\/index.php\/wp-json\/wp\/v2\/posts\/176248\/revisions"}],"wp:featuredmedia":[{"embeddable":true,"href":"http:\/\/cordobainforma.info\/index.php\/wp-json\/wp\/v2\/media\/176249"}],"wp:attachment":[{"href":"http:\/\/cordobainforma.info\/index.php\/wp-json\/wp\/v2\/media?parent=176248"}],"wp:term":[{"taxonomy":"category","embeddable":true,"href":"http:\/\/cordobainforma.info\/index.php\/wp-json\/wp\/v2\/categories?post=176248"},{"taxonomy":"post_tag","embeddable":true,"href":"http:\/\/cordobainforma.info\/index.php\/wp-json\/wp\/v2\/tags?post=176248"}],"curies":[{"name":"wp","href":"https:\/\/api.w.org\/{rel}","templated":true}]}}