{"id":176208,"date":"2025-11-29T16:01:03","date_gmt":"2025-11-29T16:01:03","guid":{"rendered":"http:\/\/cordobainforma.info\/index.php\/2025\/11\/29\/rubio-no-asistiria-a-una-reunion-de-la-otan-en-medio-de-los-esfuerzos-por-negociar-la-paz-en-ucrania\/"},"modified":"2025-11-29T16:01:03","modified_gmt":"2025-11-29T16:01:03","slug":"rubio-no-asistiria-a-una-reunion-de-la-otan-en-medio-de-los-esfuerzos-por-negociar-la-paz-en-ucrania","status":"publish","type":"post","link":"http:\/\/cordobainforma.info\/index.php\/2025\/11\/29\/rubio-no-asistiria-a-una-reunion-de-la-otan-en-medio-de-los-esfuerzos-por-negociar-la-paz-en-ucrania\/","title":{"rendered":"Rubio no asistir\u00eda a una reuni\u00f3n de la OTAN en medio de los esfuerzos por negociar la paz en Ucrania"},"content":{"rendered":"<p><img src=\"http:\/\/cordobainforma.info\/wp-content\/uploads\/2025\/11\/rubio-no-asistiria-a-una-reunion-de-la-otan-en-medio-de-los-esfuerzos-por-negociar-la-paz-en-ucrania.jpg\"><\/p>\n<p>El secretario de Estado de EE.UU., Marco Rubio, no planea asistir a la reuni\u00f3n de ministros de Exteriores de los pa\u00edses miembros de la OTAN que tendr\u00e1 lugar&nbsp;el 3 de diciembre en Bruselas, seg\u00fan&nbsp;<a href=\"https:\/\/www.reuters.com\/world\/us\/rubio-plans-skip-nato-meeting-key-moment-ukraine-sources-say-2025-11-28\/\" target=\"_blank\" rel=\"noopener noreferrer\">reporta<\/a> Reuters citando a dos funcionarios estadounidenses.<\/p>\n<p>La agencia se\u00f1ala que <strong>\u00abes extremadamente raro\u00bb<\/strong> que un secretario de Estado de EE.UU. no acuda a la cumbre y no hay informaci\u00f3n acerca de la causa de la posible ausencia.<\/p>\n<p>Uno de los informantes indic\u00f3 que el&nbsp;subsecretario de Estado, Christopher Landau, representar\u00e1 al pa\u00eds norteamericano en el encuentro.<\/p>\n<h3>\u00abUn momento especialmente tenso\u00bb para Ucrania<\/h3>\n<p>El medio destaca que la noticia se produce mientras se suceden las discusiones sobre el plan de Donald Trump para poner fin al conflicto ucraniano y diversos diplom\u00e1ticos europeos denuncian que est\u00e1n quedando fuera del proceso de negociaciones.<\/p>\n<div class=\"ReadMore-root Section-root Section-is1to3-xs_is1to1\" data-widgets=\"ReadMore\">\n<div class=\"Section-container Section-isRow-isTop-isWrap\">\n<article class=\"Card-root Card-is1to1 Card-default \">\n<div class=\"Card-imageWrap\">\n<div class=\"Card-picture\"> <picture class=\"Picture-root Picture-default\"><!--[if IE 9]><video style=\"display: none;\"><![endif]--><source media=\"(-webkit-min-device-pixel-ratio: 2) and (min-resolution: 120dpi)\" srcset=\"http:\/\/cordobainforma.info\/wp-content\/uploads\/2025\/11\/rubio-no-asistiria-a-una-reunion-de-la-otan-en-medio-de-los-esfuerzos-por-negociar-la-paz-en-ucrania-2.jpg 850w, http:\/\/cordobainforma.info\/wp-content\/uploads\/2025\/11\/rubio-no-asistiria-a-una-reunion-de-la-otan-en-medio-de-los-esfuerzos-por-negociar-la-paz-en-ucrania-3.jpg 1960w\"><source srcset=\"http:\/\/cordobainforma.info\/wp-content\/uploads\/2025\/11\/rubio-no-asistiria-a-una-reunion-de-la-otan-en-medio-de-los-esfuerzos-por-negociar-la-paz-en-ucrania-2.jpg, https:\/\/actualidad.rt.com\/actualidad\/460, http:\/\/cordobainforma.info\/wp-content\/uploads\/2025\/11\/rubio-no-asistiria-a-una-reunion-de-la-otan-en-medio-de-los-esfuerzos-por-negociar-la-paz-en-ucrania-3.jpg 980w\"><!--[if IE 9]><\/video><![endif]--><img data-sizes=\"auto\" src=\"http:\/\/cordobainforma.info\/wp-content\/uploads\/2025\/11\/rubio-no-asistiria-a-una-reunion-de-la-otan-en-medio-de-los-esfuerzos-por-negociar-la-paz-en-ucrania-2.jpg\" class=\"Picture-root Picture-default lazyload\" alt=\"&quot;Un irritador&quot; que necesita int\u00e9rprete: por qu\u00e9 en EE.UU. quer\u00edan la salida de la mano derecha de Zelenski\"><\/picture><!-- noscript pattern --><noscript><img src=\"http:\/\/cordobainforma.info\/wp-content\/uploads\/2025\/11\/rubio-no-asistiria-a-una-reunion-de-la-otan-en-medio-de-los-esfuerzos-por-negociar-la-paz-en-ucrania-3.jpg\" alt=\"&quot;Un irritador&quot; que necesita int\u00e9rprete: por qu\u00e9 en EE.UU. quer\u00edan la salida de la mano derecha de Zelenski\"><\/noscript> <\/div><\/div>\n<\/article><\/div><\/div>\n<p>El art\u00edculo se\u00f1ala que la ausencia de Rubio se producir\u00eda \u00aben un momento especialmente tenso\u00bb para Ucrania, no solo debido a los intentos de negociar la paz, sino tambi\u00e9n por la <a href=\"https:\/\/esrt.space\/actualidad\/573616-renuncia-mano-derecha-zelenski-megaescandalo\" target=\"_blank\" rel=\"noopener noreferrer\">renuncia<\/a> del jefe de la Oficina de Zelenski, Andr\u00e9i Yermak, cuyo domicilio fue objeto de registros en medio de las investigaciones&nbsp;del <a href=\"https:\/\/esrt.space\/actualidad\/572742-corrupcion-politica-ucrania\" target=\"_blank\" rel=\"noopener noreferrer\">megaesc\u00e1ndalo<\/a> de corrupci\u00f3n en el r\u00e9gimen de Kiev.<\/p>\n<p>Seg\u00fan Reuters, la no asistencia de Rubio podr\u00eda tambi\u00e9n profundizar las dudas respecto al compromiso de Washington a contribuir a la seguridad europea.<\/p>\n<h3>Es&nbsp;\u00abcompletamente inviable\u00bb asistir a cada reuni\u00f3n<\/h3>\n<p>El Departamento de Estado de EE.UU. se neg\u00f3 a comentar los reportes, pero un portavoz del organismo record\u00f3 que Rubio se reuni\u00f3 con varios funcionarios europeos recientemente y \u00abtambi\u00e9n se re\u00fane y <strong>habla con los aliados de la OTAN con regularidad<\/strong>\u00ab.<\/p>\n<p>\u00abEl secretario Rubio ya ha asistido a decenas de reuniones con los aliados de la OTAN, y ser\u00eda completamente inviable esperar que estuviera presente en cada reuni\u00f3n\u00bb, declar\u00f3 un alto funcionario del departamento.<\/p>\n<h3>El plan de paz de Trump<\/h3>\n<ul>\n<li>El plan de Donald Trump, revelado la semana pasada,&nbsp;<a href=\"https:\/\/actualidad.rt.com\/actualidad\/573898-publica-presunto-texto-plan-paz\" target=\"_blank\" rel=\"noopener noreferrer\">incluye<\/a>&nbsp;el reconocimiento de Crimea y Donbass como territorios rusos leg\u00edtimos, la renuncia de Kiev a varias categor\u00edas clave de armamento y garant\u00edas de que Ucrania ceder\u00e1 a Rusia&nbsp;<strong>toda la regi\u00f3n de Donbass<\/strong>, otorgar\u00e1 a la lengua rusa el estatus de idioma estatal y reconocer\u00e1 formalmente a la hoy perseguida Iglesia ortodoxa ucraniana can\u00f3nica (UPTs).<\/li>\n<\/ul>\n<ul>\n<li>Adem\u00e1s,&nbsp;el plan&nbsp;<strong>contempla que Ucrania no entre en la OTAN<\/strong>, el levantamiento gradual de las sanciones impuestas a Rusia y la celebraci\u00f3n de elecciones presidenciales en Ucrania cien d\u00edas despu\u00e9s de que el documento entre en vigor, as\u00ed como la reducci\u00f3n del n\u00famero de efectivos del Ej\u00e9rcito ucraniano.<\/li>\n<\/ul>\n","protected":false},"excerpt":{"rendered":"<p>El secretario de Estado de EE.UU., Marco Rubio, no planea asistir a la reuni\u00f3n de ministros de Exteriores de los pa\u00edses miembros de la OTAN que tendr\u00e1 lugar&nbsp;el 3 de diciembre en Bruselas, seg\u00fan&nbsp;reporta Reuters citando a dos funcionarios estadounidenses. La agencia se\u00f1ala que \u00abes extremadamente raro\u00bb que un secretario de Estado de EE.UU. no [&hellip;]<\/p>\n","protected":false},"author":1,"featured_media":176209,"comment_status":"closed","ping_status":"closed","sticky":false,"template":"","format":"standard","meta":[],"categories":[22],"tags":[],"_links":{"self":[{"href":"http:\/\/cordobainforma.info\/index.php\/wp-json\/wp\/v2\/posts\/176208"}],"collection":[{"href":"http:\/\/cordobainforma.info\/index.php\/wp-json\/wp\/v2\/posts"}],"about":[{"href":"http:\/\/cordobainforma.info\/index.php\/wp-json\/wp\/v2\/types\/post"}],"author":[{"embeddable":true,"href":"http:\/\/cordobainforma.info\/index.php\/wp-json\/wp\/v2\/users\/1"}],"replies":[{"embeddable":true,"href":"http:\/\/cordobainforma.info\/index.php\/wp-json\/wp\/v2\/comments?post=176208"}],"version-history":[{"count":0,"href":"http:\/\/cordobainforma.info\/index.php\/wp-json\/wp\/v2\/posts\/176208\/revisions"}],"wp:featuredmedia":[{"embeddable":true,"href":"http:\/\/cordobainforma.info\/index.php\/wp-json\/wp\/v2\/media\/176209"}],"wp:attachment":[{"href":"http:\/\/cordobainforma.info\/index.php\/wp-json\/wp\/v2\/media?parent=176208"}],"wp:term":[{"taxonomy":"category","embeddable":true,"href":"http:\/\/cordobainforma.info\/index.php\/wp-json\/wp\/v2\/categories?post=176208"},{"taxonomy":"post_tag","embeddable":true,"href":"http:\/\/cordobainforma.info\/index.php\/wp-json\/wp\/v2\/tags?post=176208"}],"curies":[{"name":"wp","href":"https:\/\/api.w.org\/{rel}","templated":true}]}}