{"id":176188,"date":"2025-11-29T12:11:24","date_gmt":"2025-11-29T12:11:24","guid":{"rendered":"https:\/\/cordoba.gob.ar\/?p=83773"},"modified":"2025-11-29T12:11:24","modified_gmt":"2025-11-29T12:11:24","slug":"nuevo-relevamiento-sobre-comportamiento-vial-en-la-ciudad-de-cordoba-a-cargo-de-conicet-y-la-universidad-johns-hopkins","status":"publish","type":"post","link":"http:\/\/cordobainforma.info\/index.php\/2025\/11\/29\/nuevo-relevamiento-sobre-comportamiento-vial-en-la-ciudad-de-cordoba-a-cargo-de-conicet-y-la-universidad-johns-hopkins\/","title":{"rendered":"Nuevo relevamiento sobre comportamiento vial en la ciudad de C\u00f3rdoba a cargo de CONICET y la Universidad Johns Hopkins"},"content":{"rendered":"<div><img src=\"http:\/\/cordobainforma.info\/wp-content\/uploads\/2025\/11\/nuevo-relevamiento-sobre-comportamiento-vial-en-la-ciudad-de-cordoba-a-cargo-de-conicet-y-la-universidad-johns-hopkins.jpg\" class=\"ff-og-image-inserted\"><\/div>\n<ul>\n<li data-prosemirror-content-type=\"node\" data-prosemirror-node-name=\"paragraph\" data-prosemirror-node-block=\"true\"><strong>En el marco del trabajo articulado junto a la Iniciativa Bloomberg para la Seguridad Vial.<\/strong><\/li>\n<li data-prosemirror-content-type=\"node\" data-prosemirror-node-name=\"paragraph\" data-prosemirror-node-block=\"true\"><strong><strong>Se realiza sin fines de fiscalizaci\u00f3n ni control, por lo que conductores y veh\u00edculos no son identificados. Se observa el uso de casco en motos, cintur\u00f3n de seguridad y sistemas de retenci\u00f3n infantil en veh\u00edculos.<\/strong><\/strong><br \/>\n<hr>\n<\/li>\n<\/ul>\n<p data-prosemirror-content-type=\"node\" data-prosemirror-node-name=\"paragraph\" data-prosemirror-node-block=\"true\">El Consejo Nacional de Investigaciones Cient\u00edficas y T\u00e9cnicas (Conicet) y la Universidad Johns Hopkins llevan adelante un relevamiento de datos en la v\u00eda p\u00fablica. Este estudio consiste en observar el uso de casco en motocicletas, cintur\u00f3n de seguridad y sistemas de retenci\u00f3n infantil en veh\u00edculos.<\/p>\n<p data-prosemirror-content-type=\"node\" data-prosemirror-node-name=\"paragraph\" data-prosemirror-node-block=\"true\">Vale aclarar que esta instancia se realiza de forma simult\u00e1nea a las mediciones de velocidad con labrado de actas que se llevan a cabo desde la Municipalidad de C\u00f3rdoba.<\/p>\n<p data-prosemirror-content-type=\"node\" data-prosemirror-node-name=\"paragraph\" data-prosemirror-node-block=\"true\">Esta acci\u00f3n representa la continuidad del trabajo observacional que se realiz\u00f3 en 2023, con relaci\u00f3n al comportamiento de las y los cordobeses en lo que respecta a dichos factores de riesgo. Asimismo, forma parte del mismo trabajo que tambi\u00e9n efect\u00faa observaciones del factor de riesgo velocidad a cargo del mismo equipo.<\/p>\n<p data-prosemirror-content-type=\"node\" data-prosemirror-node-name=\"paragraph\" data-prosemirror-node-block=\"true\">Se realiza en el marco del trabajo que la Municipalidad viene realizando junto a la Iniciativa Bloomberg para la Seguridad Vial (BIGRS), cuyo fin es impulsar acciones orientadas a mejorar la seguridad vial y reducir la cantidad de siniestros, muertes y personas lesionadas.<\/p>\n<p data-prosemirror-content-type=\"node\" data-prosemirror-node-name=\"paragraph\" data-prosemirror-node-block=\"true\">El relevamiento ser\u00e1 llevado a cabo hasta diciembre, sin fines de fiscalizaci\u00f3n y control, por lo que los veh\u00edculos y conductores no son identificados. Es realizado por estudiantes universitarios que est\u00e1n identificados con chalecos refractarios con logotipo y nombre del Conicet. No cuentan con puestos visibles, ya que el objetivo es registrar el comportamiento habitual de las personas al circular, sin intervenir en sus decisiones.<\/p>\n<p data-prosemirror-content-type=\"node\" data-prosemirror-node-name=\"paragraph\" data-prosemirror-node-block=\"true\">Este estudio forma parte de las pol\u00edticas sostenidas que la Municipalidad de C\u00f3rdoba desarrolla para promover una movilidad segura, fortalecer la toma de decisiones basadas en evidencia y fomentar h\u00e1bitos responsables al momento de conducir.<\/p>\n<p data-prosemirror-content-type=\"node\" data-prosemirror-node-name=\"paragraph\" data-prosemirror-node-block=\"true\">En el siguiente <a href=\"https:\/\/gobiernoabierto.cordoba.gob.ar\/data\/datos-abiertos\/categoria\/seguridad-vial\/informe-de-factores-de-riesgo\/3457\" data-prosemirror-content-type=\"mark\" data-prosemirror-mark-name=\"link\">link<\/a> se puede acceder a los informes que realizan desde la Iniciativa Bloomberg para la Seguridad Vial sobre la ciudad de C\u00f3rdoba.<\/p>\n","protected":false},"excerpt":{"rendered":"<p>En el marco del trabajo articulado junto a la Iniciativa Bloomberg para la Seguridad Vial. Se realiza sin fines de fiscalizaci\u00f3n ni control, por lo que conductores y veh\u00edculos no son identificados. Se observa el uso de casco en motos, cintur\u00f3n de seguridad y sistemas de retenci\u00f3n infantil en veh\u00edculos. El Consejo Nacional de Investigaciones [&hellip;]<\/p>\n","protected":false},"author":1,"featured_media":176189,"comment_status":"closed","ping_status":"closed","sticky":false,"template":"","format":"standard","meta":[],"categories":[2],"tags":[],"_links":{"self":[{"href":"http:\/\/cordobainforma.info\/index.php\/wp-json\/wp\/v2\/posts\/176188"}],"collection":[{"href":"http:\/\/cordobainforma.info\/index.php\/wp-json\/wp\/v2\/posts"}],"about":[{"href":"http:\/\/cordobainforma.info\/index.php\/wp-json\/wp\/v2\/types\/post"}],"author":[{"embeddable":true,"href":"http:\/\/cordobainforma.info\/index.php\/wp-json\/wp\/v2\/users\/1"}],"replies":[{"embeddable":true,"href":"http:\/\/cordobainforma.info\/index.php\/wp-json\/wp\/v2\/comments?post=176188"}],"version-history":[{"count":0,"href":"http:\/\/cordobainforma.info\/index.php\/wp-json\/wp\/v2\/posts\/176188\/revisions"}],"wp:featuredmedia":[{"embeddable":true,"href":"http:\/\/cordobainforma.info\/index.php\/wp-json\/wp\/v2\/media\/176189"}],"wp:attachment":[{"href":"http:\/\/cordobainforma.info\/index.php\/wp-json\/wp\/v2\/media?parent=176188"}],"wp:term":[{"taxonomy":"category","embeddable":true,"href":"http:\/\/cordobainforma.info\/index.php\/wp-json\/wp\/v2\/categories?post=176188"},{"taxonomy":"post_tag","embeddable":true,"href":"http:\/\/cordobainforma.info\/index.php\/wp-json\/wp\/v2\/tags?post=176188"}],"curies":[{"name":"wp","href":"https:\/\/api.w.org\/{rel}","templated":true}]}}