{"id":176186,"date":"2025-11-29T14:24:05","date_gmt":"2025-11-29T14:24:05","guid":{"rendered":"https:\/\/cordoba.gob.ar\/?p=83784"},"modified":"2025-11-29T14:24:05","modified_gmt":"2025-11-29T14:24:05","slug":"la-municipalidad-de-cordoba-realizara-una-jornada-de-prevencion-testeo-y-sensibilizacion-por-el-dia-mundial-de-lucha-contra-el-vih","status":"publish","type":"post","link":"http:\/\/cordobainforma.info\/index.php\/2025\/11\/29\/la-municipalidad-de-cordoba-realizara-una-jornada-de-prevencion-testeo-y-sensibilizacion-por-el-dia-mundial-de-lucha-contra-el-vih\/","title":{"rendered":"La Municipalidad de C\u00f3rdoba realizar\u00e1 una jornada de prevenci\u00f3n, testeo y sensibilizaci\u00f3n por el D\u00eda Mundial de Lucha contra el VIH"},"content":{"rendered":"<div><img src=\"http:\/\/cordobainforma.info\/wp-content\/uploads\/2025\/11\/la-municipalidad-de-cordoba-realizara-una-jornada-de-prevencion-testeo-y-sensibilizacion-por-el-dia-mundial-de-lucha-contra-el-vih.jpg\" class=\"ff-og-image-inserted\"><\/div>\n<p dir=\"auto\">En el marco del D\u00eda Mundial de Lucha contra el VIH, la Municipalidad de C\u00f3rdoba desarrollar\u00e1 <span dir=\"ltr\">este lunes 1 de diciembre<\/span> una jornada integral de prevenci\u00f3n, sensibilizaci\u00f3n y testeo comunitario, impulsada por el Programa Municipal de VIH, ITS y Hepatitis Virales, dependiente de la Secretar\u00eda de Salud.<\/p>\n<p dir=\"auto\">El Virus de la Inmunodeficiencia Humana (VIH) afecta el sistema inmunitario y puede transmitirse a trav\u00e9s de relaciones sexuales sin protecci\u00f3n, sangre o de madre a hijo durante el embarazo, el parto o la lactancia.<\/p>\n<p dir=\"auto\">En Argentina, se estima que m\u00e1s de 140.000 personas viven con VIH, y que alrededor del 13 % desconoce su diagn\u00f3stico. La v\u00eda de transmisi\u00f3n m\u00e1s frecuente contin\u00faa siendo sexual, lo que destaca la importancia de las acciones preventivas y del testeo regular.<\/p>\n<p dir=\"auto\">Por tal motivo, m\u00e1s all\u00e1 de las tareas preventivas que se llevan a cabo a lo largo del a\u00f1o y con el objetivo de fortalecer el acceso a la informaci\u00f3n, el diagn\u00f3stico oportuno y la educaci\u00f3n en salud sexual, <span dir=\"ltr\">este lunes<\/span>, se desplegar\u00e1n actividades abiertas a la comunidad en tres puntos de la ciudad seg\u00fan el siguiente cronograma:\u200c<\/p>\n<ul>\n<li>Plaza San Mart\u00edn: <span dir=\"ltr\">de 09:30 a 16:30<\/span> se realizar\u00e1n testeos r\u00e1pidos, gratuitos y confidenciales de VIH e ITS. Asesoramiento y consejer\u00eda personalizada. La actividad se articula con organizaciones de la sociedad civil, universidades y el Programa Provincial de VIH.<\/li>\n<li>Direcci\u00f3n de Medicina Preventiva (Santa rosa 360): <span dir=\"ltr\">07:00<\/span> <span dir=\"ltr\">a 13:00<\/span> horas se realizar\u00e1n asesor\u00edas y educaci\u00f3n a las sobre c\u00f3mo tener una vida sexual positiva, segura y saludable y testeos de ITS.<\/li>\n<li>Club Instituto: <span dir=\"ltr\">desde las 17:00<\/span> horas se llevar\u00e1 a cabo la formaci\u00f3n del tradicional lazo humano, como gesto colectivo de sensibilizaci\u00f3n y apoyo comunitario.<\/li>\n<\/ul>\n<p dir=\"auto\"><strong>20 a\u00f1os de trabajo territorial y acompa\u00f1amiento a la comunidad<\/strong><\/p>\n<p dir=\"auto\">Ese mismo d\u00eda, el Concejo Deliberante entregar\u00e1 una distinci\u00f3n al Programa Municipal al cumplirse 20 a\u00f1os de su creaci\u00f3n, en reconocimiento a su trayectoria, su trabajo territorial y su aporte sostenido al cuidado de la salud p\u00fablica en la ciudad.<\/p>\n<p dir=\"auto\">Dicho reconocimiento pone en valor la labor del Programa Municipal de VIH, ITS y Hepatitis Virales, que hace dos d\u00e9cadas desarrolla estrategias de prevenci\u00f3n, consejer\u00eda, acceso al testeo y acompa\u00f1amiento en todos los barrios de la ciudad.<\/p>\n<p dir=\"auto\">A lo largo de estos a\u00f1os, la presencia sostenida del programa en escuelas, centros de salud, espacios comunitarios y actividades p\u00fablicas permiti\u00f3 ampliar el acceso al diagn\u00f3stico, derribar barreras de informaci\u00f3n y fortalecer redes de apoyo para quienes atraviesan diagn\u00f3sticos vinculados al VIH y otras infecciones.<\/p>\n<p dir=\"auto\">El acompa\u00f1amiento, la informaci\u00f3n clara y la presencia sostenida del Estado siguen siendo herramientas centrales para garantizar una respuesta efectiva frente al VIH.<\/p>\n","protected":false},"excerpt":{"rendered":"<p>En el marco del D\u00eda Mundial de Lucha contra el VIH, la Municipalidad de C\u00f3rdoba desarrollar\u00e1 este lunes 1 de diciembre una jornada integral de prevenci\u00f3n, sensibilizaci\u00f3n y testeo comunitario, impulsada por el Programa Municipal de VIH, ITS y Hepatitis Virales, dependiente de la Secretar\u00eda de Salud. El Virus de la Inmunodeficiencia Humana (VIH) afecta [&hellip;]<\/p>\n","protected":false},"author":1,"featured_media":176187,"comment_status":"closed","ping_status":"closed","sticky":false,"template":"","format":"standard","meta":[],"categories":[2],"tags":[],"_links":{"self":[{"href":"http:\/\/cordobainforma.info\/index.php\/wp-json\/wp\/v2\/posts\/176186"}],"collection":[{"href":"http:\/\/cordobainforma.info\/index.php\/wp-json\/wp\/v2\/posts"}],"about":[{"href":"http:\/\/cordobainforma.info\/index.php\/wp-json\/wp\/v2\/types\/post"}],"author":[{"embeddable":true,"href":"http:\/\/cordobainforma.info\/index.php\/wp-json\/wp\/v2\/users\/1"}],"replies":[{"embeddable":true,"href":"http:\/\/cordobainforma.info\/index.php\/wp-json\/wp\/v2\/comments?post=176186"}],"version-history":[{"count":0,"href":"http:\/\/cordobainforma.info\/index.php\/wp-json\/wp\/v2\/posts\/176186\/revisions"}],"wp:featuredmedia":[{"embeddable":true,"href":"http:\/\/cordobainforma.info\/index.php\/wp-json\/wp\/v2\/media\/176187"}],"wp:attachment":[{"href":"http:\/\/cordobainforma.info\/index.php\/wp-json\/wp\/v2\/media?parent=176186"}],"wp:term":[{"taxonomy":"category","embeddable":true,"href":"http:\/\/cordobainforma.info\/index.php\/wp-json\/wp\/v2\/categories?post=176186"},{"taxonomy":"post_tag","embeddable":true,"href":"http:\/\/cordobainforma.info\/index.php\/wp-json\/wp\/v2\/tags?post=176186"}],"curies":[{"name":"wp","href":"https:\/\/api.w.org\/{rel}","templated":true}]}}