{"id":176176,"date":"2025-11-29T02:19:50","date_gmt":"2025-11-29T02:19:50","guid":{"rendered":"http:\/\/cordobainforma.info\/index.php\/2025\/11\/29\/nueva-linea-de-financiamiento-el-gobierno-implementara-una-linea-de-creditos-para-logistica\/"},"modified":"2025-11-29T02:19:50","modified_gmt":"2025-11-29T02:19:50","slug":"nueva-linea-de-financiamiento-el-gobierno-implementara-una-linea-de-creditos-para-logistica","status":"publish","type":"post","link":"http:\/\/cordobainforma.info\/index.php\/2025\/11\/29\/nueva-linea-de-financiamiento-el-gobierno-implementara-una-linea-de-creditos-para-logistica\/","title":{"rendered":"<b>Nueva<\/b> l\u00ednea de financiamiento: el gobierno implementar\u00e1 una l\u00ednea de cr\u00e9ditos para log\u00edstica"},"content":{"rendered":"<p>El ministro Rodolfo Vargas Arizu comunic\u00f3 la medida para beneficiar al sector. Qu\u00e9 particularidades tendr\u00e1 el financiamiento. <\/p>\n","protected":false},"excerpt":{"rendered":"<p>El ministro Rodolfo Vargas Arizu comunic\u00f3 la medida para beneficiar al sector. Qu\u00e9 particularidades tendr\u00e1 el financiamiento.<\/p>\n","protected":false},"author":1,"featured_media":0,"comment_status":"closed","ping_status":"closed","sticky":false,"template":"","format":"standard","meta":[],"categories":[23],"tags":[],"_links":{"self":[{"href":"http:\/\/cordobainforma.info\/index.php\/wp-json\/wp\/v2\/posts\/176176"}],"collection":[{"href":"http:\/\/cordobainforma.info\/index.php\/wp-json\/wp\/v2\/posts"}],"about":[{"href":"http:\/\/cordobainforma.info\/index.php\/wp-json\/wp\/v2\/types\/post"}],"author":[{"embeddable":true,"href":"http:\/\/cordobainforma.info\/index.php\/wp-json\/wp\/v2\/users\/1"}],"replies":[{"embeddable":true,"href":"http:\/\/cordobainforma.info\/index.php\/wp-json\/wp\/v2\/comments?post=176176"}],"version-history":[{"count":0,"href":"http:\/\/cordobainforma.info\/index.php\/wp-json\/wp\/v2\/posts\/176176\/revisions"}],"wp:attachment":[{"href":"http:\/\/cordobainforma.info\/index.php\/wp-json\/wp\/v2\/media?parent=176176"}],"wp:term":[{"taxonomy":"category","embeddable":true,"href":"http:\/\/cordobainforma.info\/index.php\/wp-json\/wp\/v2\/categories?post=176176"},{"taxonomy":"post_tag","embeddable":true,"href":"http:\/\/cordobainforma.info\/index.php\/wp-json\/wp\/v2\/tags?post=176176"}],"curies":[{"name":"wp","href":"https:\/\/api.w.org\/{rel}","templated":true}]}}