{"id":176175,"date":"2025-11-29T08:06:58","date_gmt":"2025-11-29T08:06:58","guid":{"rendered":"http:\/\/cordobainforma.info\/index.php\/2025\/11\/29\/el-2026-ya-comenzo-en-el-universo-politico-la-nueva-provincia\/"},"modified":"2025-11-29T08:06:58","modified_gmt":"2025-11-29T08:06:58","slug":"el-2026-ya-comenzo-en-el-universo-politico-la-nueva-provincia","status":"publish","type":"post","link":"http:\/\/cordobainforma.info\/index.php\/2025\/11\/29\/el-2026-ya-comenzo-en-el-universo-politico-la-nueva-provincia\/","title":{"rendered":"El 2026 ya comenz\u00f3 en el universo pol\u00edtico &#8211; La Nueva Provincia"},"content":{"rendered":"<p>En ese contexto, el gobernador precisa la aprobaci\u00f3n de un pack de tres leyes econ\u00f3micas &#8230; <b>C\u00f3rdoba<\/b> &middot; <b>ECONOM\u00cdA<\/b> Y CAMPO&nbsp;&#8230; <\/p>\n","protected":false},"excerpt":{"rendered":"<p>En ese contexto, el gobernador precisa la aprobaci\u00f3n de un pack de tres leyes econ\u00f3micas &#8230; C\u00f3rdoba &middot; ECONOM\u00cdA Y CAMPO&nbsp;&#8230;<\/p>\n","protected":false},"author":1,"featured_media":0,"comment_status":"closed","ping_status":"closed","sticky":false,"template":"","format":"standard","meta":[],"categories":[23],"tags":[],"_links":{"self":[{"href":"http:\/\/cordobainforma.info\/index.php\/wp-json\/wp\/v2\/posts\/176175"}],"collection":[{"href":"http:\/\/cordobainforma.info\/index.php\/wp-json\/wp\/v2\/posts"}],"about":[{"href":"http:\/\/cordobainforma.info\/index.php\/wp-json\/wp\/v2\/types\/post"}],"author":[{"embeddable":true,"href":"http:\/\/cordobainforma.info\/index.php\/wp-json\/wp\/v2\/users\/1"}],"replies":[{"embeddable":true,"href":"http:\/\/cordobainforma.info\/index.php\/wp-json\/wp\/v2\/comments?post=176175"}],"version-history":[{"count":0,"href":"http:\/\/cordobainforma.info\/index.php\/wp-json\/wp\/v2\/posts\/176175\/revisions"}],"wp:attachment":[{"href":"http:\/\/cordobainforma.info\/index.php\/wp-json\/wp\/v2\/media?parent=176175"}],"wp:term":[{"taxonomy":"category","embeddable":true,"href":"http:\/\/cordobainforma.info\/index.php\/wp-json\/wp\/v2\/categories?post=176175"},{"taxonomy":"post_tag","embeddable":true,"href":"http:\/\/cordobainforma.info\/index.php\/wp-json\/wp\/v2\/tags?post=176175"}],"curies":[{"name":"wp","href":"https:\/\/api.w.org\/{rel}","templated":true}]}}