{"id":176135,"date":"2025-11-29T14:13:07","date_gmt":"2025-11-29T14:13:07","guid":{"rendered":"https:\/\/www.clarin.com\/deportes\/mauricio-macri-pronuncio-escandalo-afa-disparo-claudio-tapia-chiqui-producto-decadencia_0_5SQCcjIH6w.html"},"modified":"2025-11-29T14:13:07","modified_gmt":"2025-11-29T14:13:07","slug":"mauricio-macri-se-pronuncio-sobre-el-escandalo-en-la-afa-y-disparo-contra-claudio-tapia-chiqui-es-producto-de-una-decadencia","status":"publish","type":"post","link":"http:\/\/cordobainforma.info\/index.php\/2025\/11\/29\/mauricio-macri-se-pronuncio-sobre-el-escandalo-en-la-afa-y-disparo-contra-claudio-tapia-chiqui-es-producto-de-una-decadencia\/","title":{"rendered":"Mauricio Macri se pronunci\u00f3 sobre el esc\u00e1ndalo en la AFA y dispar\u00f3 contra Claudio Tapia: \u00abChiqui es producto de una decadencia\u00bb"},"content":{"rendered":"<p><img src=\"http:\/\/cordobainforma.info\/wp-content\/uploads\/2025\/11\/mauricio-macri-se-pronuncio-sobre-el-escandalo-en-la-afa-y-disparo-contra-claudio-tapia-chiqui-es-producto-de-una-decadencia.jpg\"><\/p>\n<div><img src=\"http:\/\/cordobainforma.info\/wp-content\/uploads\/2025\/11\/mauricio-macri-se-pronuncio-sobre-el-escandalo-en-la-afa-y-disparo-contra-claudio-tapia-chiqui-es-producto-de-una-decadencia-2.jpg\" class=\"ff-og-image-inserted\"><\/div>\n<div id=\"element-body-0\" readability=\"62\">\n<p>Con la sanci\u00f3n que le impuso a <strong>Juan Sebasti\u00e1n Ver\u00f3n<\/strong> y al plantel de Estudiantes, la AFA<strong> <\/strong>recrudeci\u00f3 las internas e hizo que muchas figuras vinculadas al f\u00fatbol se pronunciaran sobre el tema. Una de ellas fue <strong>Mauricio Macri<\/strong>, quien aprovech\u00f3 la ocasi\u00f3n para cuestionar la gesti\u00f3n de Claudio Tapia en la Casa Madre.<\/p>\n<\/div>\n<div id=\"element-body-1\" readability=\"63\">\n<p>\u00ab<strong>Chiqui es producto de una decadencia<\/strong>\u00ab, lanz\u00f3 el ex presidente de la Rep\u00fablica Argentina en TN. Luego, asegur\u00f3: \u00abPasaron muchas cosas, muchos accidentes desgraciados para que estemos donde estamos. <strong>Vamos en contra de lo que est\u00e1 haciendo el mundo entero. <\/strong>Las consecuencias las vamos a seguir pagando\u00bb.<\/p>\n<\/div>\n<div id=\"element-body-2\" readability=\"62\">\n<p>A su vez, volvi\u00f3 a la carga con un fuerte balance sobre el impacto que tendr\u00e1 a mediano y corto plazo el momento que atraviesa la competencia en nuestro pa\u00eds. \u00ab<strong>Algo tan apasionante y lindo como es el f\u00fatbol, hoy est\u00e1 sumergido en la oscuridad<\/strong>\u00ab, sentenci\u00f3.<\/p>\n<\/div>\n<p><h2>La resoluci\u00f3n del Tribunal de Disciplina de la AFA para sancionar a Estudiantes por el pasillo que le hizo de espaldas a Rosario Central<\/h2>\n<\/p>\n<div id=\"element-body-5\" readability=\"60\">\n<p>\u00abEste Tribunal ha considerado la gravedad del hecho y la necesidad de sentar un precedente disuasivo ante este tipo de actitudes (art. 23 del C\u00f3digo). Por ello, el Tribunal de Disciplina de la Asociaci\u00f3n del F\u00fatbol Argentino resuelve:<\/p>\n<\/div>\n<div id=\"element-body-6\" readability=\"60\">\n<p>1\u00b0) SANCIONAR al presidente del Club Juan Sebasti\u00e1n Ver\u00f3n con una suspensi\u00f3n de SEIS (6) meses para toda actividad relacionada con el f\u00fatbol, por infracci\u00f3n al art. 12 del C\u00f3digo Disciplinario.<\/p>\n<\/div>\n<div id=\"element-body-7\" readability=\"71\">\n<p>2\u00ba) SANCIONAR con DOS (2) FECHAS DE SUSPENSI\u00d3N a los jugadores del Club Estudiantes de La Plata que participaron del pasillo de homenaje y adoptaron la conducta reprochada, individualizados en las presentes actuaciones \u2014entre ellos Muslera Micol N\u00e9stor Fernando, G\u00f3mez Rom\u00e1n Agust\u00edn, N\u00fa\u00f1ez Santiago Misael, Palacios Tiago Asael, Far\u00edas Facundo Hern\u00e1n, Gonz\u00e1lez P\u00edrez Leandro Mart\u00edn, Arzamendia Santiago Daniel, Cetre Angulo Edwuin Stiven, Piovi Lucas Ezequiel, Medina Cristian Nicol\u00e1s y Amondarain Mikel Jes\u00fas, por infracci\u00f3n al art. 12 del C\u00f3digo Disciplinario.<\/p>\n<\/div>\n<div id=\"element-body-8\" readability=\"62\">\n<p>3\u00ba) DISPONER que las suspensiones impuestas en el punto 2\u00ba se computar\u00e1n en el PR\u00d3XIMO torneo oficial en el que el Club Estudiantes de La Plata intervenga con su plantel profesional masculino, debiendo cumplirse sobre la base de partidos efectivamente disputados por el equipo, y de modo tal que la sanci\u00f3n resulte proporcionada y no afecte la integridad de la competici\u00f3n en curso.<\/p>\n<\/div>\n<div id=\"element-body-9\" readability=\"64\">\n<p>4\u00ba) IMPONER al jugador N\u00ba 6 N\u00da\u00d1EZ SANTIAGO MISAEL, capit\u00e1n del primer equipo del Club Estudiantes de La Plata, adem\u00e1s de la sanci\u00f3n establecida en el punto anterior, la PROHIBICI\u00d3N DE EJERCER LA FUNCI\u00d3N DE CAPIT\u00c1N de cualquier equipo oficial del citado club por el t\u00e9rmino de TRES (3) MESES, como medida accesoria fundada en su especial condici\u00f3n de liderazgo y en las facultades disciplinarias de este Tribunal.<\/p>\n<\/div>\n<div id=\"element-body-10\" readability=\"63\">\n<p>5\u00ba) SANCIONAR al CLUB ESTUDIANTES DE LA PLATA con multa de CUATRO MIL (4.000) v.e., por conducta ofensiva y violaci\u00f3n de los principios del juego limpio, al haberse desnaturalizado el pasillo de homenaje al campe\u00f3n mediante gestos colectivos de desprecio, en los t\u00e9rminos del art. 12 del C\u00f3digo Disciplinario.<\/p>\n<\/div>\n<div id=\"element-body-11\" readability=\"62\">\n<p>6\u00ba) DISPONER la continuaci\u00f3n de las presentes actuaciones respecto de los restantes miembros de la Comisi\u00f3n Directiva del Club Estudiantes de La Plata, a fin de determinar, en su caso, las responsabilidades disciplinarias que pudieran corresponderles en relaci\u00f3n con los hechos investigados\u00bb.<\/p>\n<\/div>\n","protected":false},"excerpt":{"rendered":"<p>Con la sanci\u00f3n que le impuso a Juan Sebasti\u00e1n Ver\u00f3n y al plantel de Estudiantes, la AFA recrudeci\u00f3 las internas e hizo que muchas figuras vinculadas al f\u00fatbol se pronunciaran sobre el tema. Una de ellas fue Mauricio Macri, quien aprovech\u00f3 la ocasi\u00f3n para cuestionar la gesti\u00f3n de Claudio Tapia en la Casa Madre. \u00abChiqui [&hellip;]<\/p>\n","protected":false},"author":1,"featured_media":176136,"comment_status":"closed","ping_status":"closed","sticky":false,"template":"","format":"standard","meta":[],"categories":[20],"tags":[],"_links":{"self":[{"href":"http:\/\/cordobainforma.info\/index.php\/wp-json\/wp\/v2\/posts\/176135"}],"collection":[{"href":"http:\/\/cordobainforma.info\/index.php\/wp-json\/wp\/v2\/posts"}],"about":[{"href":"http:\/\/cordobainforma.info\/index.php\/wp-json\/wp\/v2\/types\/post"}],"author":[{"embeddable":true,"href":"http:\/\/cordobainforma.info\/index.php\/wp-json\/wp\/v2\/users\/1"}],"replies":[{"embeddable":true,"href":"http:\/\/cordobainforma.info\/index.php\/wp-json\/wp\/v2\/comments?post=176135"}],"version-history":[{"count":0,"href":"http:\/\/cordobainforma.info\/index.php\/wp-json\/wp\/v2\/posts\/176135\/revisions"}],"wp:featuredmedia":[{"embeddable":true,"href":"http:\/\/cordobainforma.info\/index.php\/wp-json\/wp\/v2\/media\/176136"}],"wp:attachment":[{"href":"http:\/\/cordobainforma.info\/index.php\/wp-json\/wp\/v2\/media?parent=176135"}],"wp:term":[{"taxonomy":"category","embeddable":true,"href":"http:\/\/cordobainforma.info\/index.php\/wp-json\/wp\/v2\/categories?post=176135"},{"taxonomy":"post_tag","embeddable":true,"href":"http:\/\/cordobainforma.info\/index.php\/wp-json\/wp\/v2\/tags?post=176135"}],"curies":[{"name":"wp","href":"https:\/\/api.w.org\/{rel}","templated":true}]}}