{"id":176092,"date":"2025-11-28T16:13:08","date_gmt":"2025-11-28T16:13:08","guid":{"rendered":"http:\/\/cordobainforma.info\/index.php\/2025\/11\/28\/el-dia-que-zelenski-prometio-que-andrei-yermak-se-iria-con-el\/"},"modified":"2025-11-28T16:13:08","modified_gmt":"2025-11-28T16:13:08","slug":"el-dia-que-zelenski-prometio-que-andrei-yermak-se-iria-con-el","status":"publish","type":"post","link":"http:\/\/cordobainforma.info\/index.php\/2025\/11\/28\/el-dia-que-zelenski-prometio-que-andrei-yermak-se-iria-con-el\/","title":{"rendered":"El d\u00eda que Zelenski prometi\u00f3 que Andr\u00e9i Yermak se ir\u00eda con \u00e9l"},"content":{"rendered":"<p><img src=\"http:\/\/cordobainforma.info\/wp-content\/uploads\/2025\/11\/el-dia-que-zelenski-prometio-que-andrei-yermak-se-iria-con-el.jpg\"><\/p>\n<div><img src=\"http:\/\/cordobainforma.info\/wp-content\/uploads\/2025\/11\/el-dia-que-zelenski-prometio-que-andrei-yermak-se-iria-con-el-2.jpg\" class=\"ff-og-image-inserted\"><\/div>\n<div class=\"Text-root Text-type_5 ArticleView-text ViewText-root \">\n<p>Vlad\u00edmir Zelenski anunci\u00f3 este viernes que el jefe de su Oficina, Andr\u00e9i Yermak, renunci\u00f3 despu\u00e9s de que agencias anticorrupci\u00f3n registraran su casa investigando su presunta implicaci\u00f3n en el megaesc\u00e1ndalo de corrupci\u00f3n desatado en el r\u00e9gimen de Kiev. En el sitio web de la Presidencia ucraniana ya apareci\u00f3 el decreto de Zelenski certificando la destituci\u00f3n de Yermak.<\/p>\n<p>Andr\u00e9i Yermak es la &#8216;mano derecha&#8217; de Zelenski y considerado como el hombre que&nbsp;<strong>amas\u00f3 el poder en Ucrania<\/strong>&nbsp;hasta convertirse en una especie de &#8216;cardenal gris&#8217;. As\u00ed, en junio de 2021, el l\u00edder del r\u00e9gimen de Kiev hab\u00eda prometido que Yermak abandonar\u00eda la pol\u00edtica solo junto a \u00e9l.<\/p>\n<p>\u00abVino conmigo y se ir\u00e1 conmigo. Y no se quedar\u00e1 en cualquier puesto\u00bb, asegur\u00f3 Zelenski en aquel entonces. \u00abNo es casualidad que Yermak est\u00e9 a mi lado; conf\u00edo en \u00e9l. El servicio de seguridad me proporciona y me ha proporcionado informaci\u00f3n sobre todo mi c\u00edrculo, toda mi gente. No es cuesti\u00f3n de desconfianza. Simplemente s\u00e9 que no querr\u00eda perder a ninguno de ellos m\u00e1s adelante\u00bb, destac\u00f3.<\/p>\n<p><strong><em>M\u00e1s informaci\u00f3n, en breve.<\/em><\/strong><\/p>\n<\/div>\n","protected":false},"excerpt":{"rendered":"<p>Vlad\u00edmir Zelenski anunci\u00f3 este viernes que el jefe de su Oficina, Andr\u00e9i Yermak, renunci\u00f3 despu\u00e9s de que agencias anticorrupci\u00f3n registraran su casa investigando su presunta implicaci\u00f3n en el megaesc\u00e1ndalo de corrupci\u00f3n desatado en el r\u00e9gimen de Kiev. En el sitio web de la Presidencia ucraniana ya apareci\u00f3 el decreto de Zelenski certificando la destituci\u00f3n de [&hellip;]<\/p>\n","protected":false},"author":1,"featured_media":176093,"comment_status":"closed","ping_status":"closed","sticky":false,"template":"","format":"standard","meta":[],"categories":[22],"tags":[],"_links":{"self":[{"href":"http:\/\/cordobainforma.info\/index.php\/wp-json\/wp\/v2\/posts\/176092"}],"collection":[{"href":"http:\/\/cordobainforma.info\/index.php\/wp-json\/wp\/v2\/posts"}],"about":[{"href":"http:\/\/cordobainforma.info\/index.php\/wp-json\/wp\/v2\/types\/post"}],"author":[{"embeddable":true,"href":"http:\/\/cordobainforma.info\/index.php\/wp-json\/wp\/v2\/users\/1"}],"replies":[{"embeddable":true,"href":"http:\/\/cordobainforma.info\/index.php\/wp-json\/wp\/v2\/comments?post=176092"}],"version-history":[{"count":0,"href":"http:\/\/cordobainforma.info\/index.php\/wp-json\/wp\/v2\/posts\/176092\/revisions"}],"wp:featuredmedia":[{"embeddable":true,"href":"http:\/\/cordobainforma.info\/index.php\/wp-json\/wp\/v2\/media\/176093"}],"wp:attachment":[{"href":"http:\/\/cordobainforma.info\/index.php\/wp-json\/wp\/v2\/media?parent=176092"}],"wp:term":[{"taxonomy":"category","embeddable":true,"href":"http:\/\/cordobainforma.info\/index.php\/wp-json\/wp\/v2\/categories?post=176092"},{"taxonomy":"post_tag","embeddable":true,"href":"http:\/\/cordobainforma.info\/index.php\/wp-json\/wp\/v2\/tags?post=176092"}],"curies":[{"name":"wp","href":"https:\/\/api.w.org\/{rel}","templated":true}]}}