{"id":176062,"date":"2025-11-28T12:36:19","date_gmt":"2025-11-28T12:36:19","guid":{"rendered":"http:\/\/cordobainforma.info\/index.php\/2025\/11\/28\/el-gobierno-autorizo-a-otra-aerolinea-a-ofrecer-vuelos-entre-peru-y-siete-ciudades-argentinas\/"},"modified":"2025-11-28T12:36:19","modified_gmt":"2025-11-28T12:36:19","slug":"el-gobierno-autorizo-a-otra-aerolinea-a-ofrecer-vuelos-entre-peru-y-siete-ciudades-argentinas","status":"publish","type":"post","link":"http:\/\/cordobainforma.info\/index.php\/2025\/11\/28\/el-gobierno-autorizo-a-otra-aerolinea-a-ofrecer-vuelos-entre-peru-y-siete-ciudades-argentinas\/","title":{"rendered":"El Gobierno autoriz\u00f3 a otra aerol\u00ednea a ofrecer vuelos entre Per\u00fa y siete ciudades argentinas"},"content":{"rendered":"<p>El gobierno de Javier Milei sigue adelante con su pol\u00edtica de cielos abiertos y autoriz\u00f3 este viernes a una <b>nueva<\/b> &#8230; <b>C\u00f3rdoba<\/b>, Rosario, Salta&nbsp;&#8230; <\/p>\n","protected":false},"excerpt":{"rendered":"<p>El gobierno de Javier Milei sigue adelante con su pol\u00edtica de cielos abiertos y autoriz\u00f3 este viernes a una nueva &#8230; C\u00f3rdoba, Rosario, Salta&nbsp;&#8230;<\/p>\n","protected":false},"author":1,"featured_media":0,"comment_status":"closed","ping_status":"closed","sticky":false,"template":"","format":"standard","meta":[],"categories":[23],"tags":[],"_links":{"self":[{"href":"http:\/\/cordobainforma.info\/index.php\/wp-json\/wp\/v2\/posts\/176062"}],"collection":[{"href":"http:\/\/cordobainforma.info\/index.php\/wp-json\/wp\/v2\/posts"}],"about":[{"href":"http:\/\/cordobainforma.info\/index.php\/wp-json\/wp\/v2\/types\/post"}],"author":[{"embeddable":true,"href":"http:\/\/cordobainforma.info\/index.php\/wp-json\/wp\/v2\/users\/1"}],"replies":[{"embeddable":true,"href":"http:\/\/cordobainforma.info\/index.php\/wp-json\/wp\/v2\/comments?post=176062"}],"version-history":[{"count":0,"href":"http:\/\/cordobainforma.info\/index.php\/wp-json\/wp\/v2\/posts\/176062\/revisions"}],"wp:attachment":[{"href":"http:\/\/cordobainforma.info\/index.php\/wp-json\/wp\/v2\/media?parent=176062"}],"wp:term":[{"taxonomy":"category","embeddable":true,"href":"http:\/\/cordobainforma.info\/index.php\/wp-json\/wp\/v2\/categories?post=176062"},{"taxonomy":"post_tag","embeddable":true,"href":"http:\/\/cordobainforma.info\/index.php\/wp-json\/wp\/v2\/tags?post=176062"}],"curies":[{"name":"wp","href":"https:\/\/api.w.org\/{rel}","templated":true}]}}