{"id":176061,"date":"2025-11-28T12:38:57","date_gmt":"2025-11-28T12:38:57","guid":{"rendered":"http:\/\/cordobainforma.info\/index.php\/2025\/11\/28\/como-avanza-la-nueva-planta-de-facyt-la-inversion-de-us8-m-y-las-ofertas-que-recibio\/"},"modified":"2025-11-28T12:38:57","modified_gmt":"2025-11-28T12:38:57","slug":"como-avanza-la-nueva-planta-de-facyt-la-inversion-de-us8-m-y-las-ofertas-que-recibio","status":"publish","type":"post","link":"http:\/\/cordobainforma.info\/index.php\/2025\/11\/28\/como-avanza-la-nueva-planta-de-facyt-la-inversion-de-us8-m-y-las-ofertas-que-recibio\/","title":{"rendered":"C\u00f3mo avanza la <b>nueva<\/b> planta de Facyt, la inversi\u00f3n de US$8 M y las ofertas que recibi\u00f3 &#8230;"},"content":{"rendered":"<p>El comercio lidera la actividad <b>econ\u00f3mica<\/b> en <b>C\u00f3rdoba<\/b>, pero enfrenta una \u201ctriple amenaza\u201d y p\u00e9rdida de competitividad. por Punto a Punto. El sector&nbsp;&#8230; <\/p>\n","protected":false},"excerpt":{"rendered":"<p>El comercio lidera la actividad econ\u00f3mica en C\u00f3rdoba, pero enfrenta una \u201ctriple amenaza\u201d y p\u00e9rdida de competitividad. por Punto a Punto. El sector&nbsp;&#8230;<\/p>\n","protected":false},"author":1,"featured_media":0,"comment_status":"closed","ping_status":"closed","sticky":false,"template":"","format":"standard","meta":[],"categories":[23],"tags":[],"_links":{"self":[{"href":"http:\/\/cordobainforma.info\/index.php\/wp-json\/wp\/v2\/posts\/176061"}],"collection":[{"href":"http:\/\/cordobainforma.info\/index.php\/wp-json\/wp\/v2\/posts"}],"about":[{"href":"http:\/\/cordobainforma.info\/index.php\/wp-json\/wp\/v2\/types\/post"}],"author":[{"embeddable":true,"href":"http:\/\/cordobainforma.info\/index.php\/wp-json\/wp\/v2\/users\/1"}],"replies":[{"embeddable":true,"href":"http:\/\/cordobainforma.info\/index.php\/wp-json\/wp\/v2\/comments?post=176061"}],"version-history":[{"count":0,"href":"http:\/\/cordobainforma.info\/index.php\/wp-json\/wp\/v2\/posts\/176061\/revisions"}],"wp:attachment":[{"href":"http:\/\/cordobainforma.info\/index.php\/wp-json\/wp\/v2\/media?parent=176061"}],"wp:term":[{"taxonomy":"category","embeddable":true,"href":"http:\/\/cordobainforma.info\/index.php\/wp-json\/wp\/v2\/categories?post=176061"},{"taxonomy":"post_tag","embeddable":true,"href":"http:\/\/cordobainforma.info\/index.php\/wp-json\/wp\/v2\/tags?post=176061"}],"curies":[{"name":"wp","href":"https:\/\/api.w.org\/{rel}","templated":true}]}}