{"id":176022,"date":"2025-11-28T12:19:19","date_gmt":"2025-11-28T12:19:19","guid":{"rendered":"https:\/\/www.clarin.com\/deportes\/juan-sebastian-veron-rompio-silencio-hablo-sancion-afa-estudiantes-justifico-espaldazo-rosario-central_0_lXrc1NyUh1.html"},"modified":"2025-11-28T12:19:19","modified_gmt":"2025-11-28T12:19:19","slug":"juan-sebastian-veron-rompio-el-silencio-hablo-de-la-sancion-de-la-afa-a-estudiantes-y-justifico-el-espaldazo-no-fue-en-contra-de-rosario-central","status":"publish","type":"post","link":"http:\/\/cordobainforma.info\/index.php\/2025\/11\/28\/juan-sebastian-veron-rompio-el-silencio-hablo-de-la-sancion-de-la-afa-a-estudiantes-y-justifico-el-espaldazo-no-fue-en-contra-de-rosario-central\/","title":{"rendered":"Juan Sebasti\u00e1n Ver\u00f3n rompi\u00f3 el silencio, habl\u00f3 de la sanci\u00f3n de la AFA a Estudiantes y justific\u00f3 el espaldazo: \u00abNo fue en contra de Rosario Central\u00bb"},"content":{"rendered":"<p><img src=\"http:\/\/cordobainforma.info\/wp-content\/uploads\/2025\/11\/juan-sebastian-veron-rompio-el-silencio-hablo-de-la-sancion-de-la-afa-a-estudiantes-y-justifico-el-espaldazo-no-fue-en-contra-de-rosario-central.jpg\"><\/p>\n<div class=\"sc-45461e9c-0 eqiBeF container-text text-embed \" id=\"element-body-0\" readability=\"63\">\n<p><strong>Juan Sebasti\u00e1n Ver\u00f3n<\/strong> rompi\u00f3 el silencio y decidi\u00f3 hablar de la delicada situaci\u00f3n que atraviesa <strong>Estudiantes de La Plata<\/strong>, club que preside, en pleno conflicto con la <strong>AFA <\/strong>de <strong>Claudio Tapia<\/strong>. Todo comenz\u00f3 con el t\u00edtulo que la Liga le entreg\u00f3 de manera irregular a <strong>Rosario Central<\/strong>, situaci\u00f3n que inici\u00f3 un ida y vuelta que incluy\u00f3 el \u00abespaldazo\u00bb de los jugadores del Pincha a los del Canalla y una in\u00e9dita sanci\u00f3n que el <strong>Tribunal de Disciplina<\/strong> decidi\u00f3 aplicarles como castigo.<\/p>\n<\/div>\n<div class=\"sc-45461e9c-0 eqiBeF container-text text-embed \" id=\"element-body-1\" readability=\"67\">\n<p>Cuando el Canalla recibi\u00f3 el t\u00edtulo en una oficina de Puerto Madero, sorprendiendo a todo el ambiente del f\u00fatbol, Estudiantes fue el \u00fanico club que manifest\u00f3 su rechazo a la decisi\u00f3n, a trav\u00e9s de un comunicado. En represalia, la AFA lo oblig\u00f3 a hacer un pasillo porque casualmente deb\u00edan enfrentarse en los octavos del Clausura, pero los futbolistas del Le\u00f3n a \u00faltimo momento les dieron la espalda. Ese gesto provoc\u00f3 que el Tribunal de Discplina fallara en contra del club, su presidente y los jugadores, que ser\u00e1n suspendidos por dos fechas a cumplir en el pr\u00f3ximo torneo.<\/p>\n<\/div>\n<div class=\"sc-45461e9c-0 eqiBeF container-text text-embed \" id=\"element-body-2\" readability=\"64\">\n<p>La Bruja, por su parte, qued\u00f3 inhabilitado por seis meses de ejercer \u201ctoda actividad relacionada con el f\u00fatbol\u201d, por haber infringido el art\u00edculo 12 del C\u00f3digo Disciplinario. La sanci\u00f3n alcanza funciones dirigenciales, representativas y cualquier rol institucional dentro del \u00e1mbito de la AFA.<\/p>\n<\/div>\n<div class=\"sc-45461e9c-0 eqiBeF container-text text-embed \" id=\"element-body-3\" readability=\"66\">\n<p>\u00abLo viv\u00ed con tranquilidad, uno tiene que estar tranquilo con su cociencia. Desde ah\u00ed no siento intranquilidad, al contrario. Estoy muy seguro de todo lo que se fue dando desde nuestra parte como club y tambi\u00e9n como futbolero\u00bb, comenz\u00f3 diciendo Ver\u00f3n en su charla con <strong>Ernesto Tenembaum<\/strong>, periodista e hincha del Pincha, en su ciclo de Radio con Vos, <em>Y ahora qui\u00e9n podr\u00e1 ayudarnos<\/em>.<\/p>\n<\/div>\n<div class=\"sc-45461e9c-0 eqiBeF container-text text-embed \" id=\"element-body-4\" readability=\"66\">\n<p>Con tono serio y muy calmo, Ver\u00f3n fue relatando el paso a paso de estos d\u00edas que tuvieron a su club en el centro de la escena: \u00abYo nac\u00ed en el f\u00fatbol, jugu\u00e9 y viv\u00ed todo tipo de situaciones. Conozco c\u00f3mo son los manejos, qu\u00e9 se hace y qu\u00e9 no. No es que me lo pueden esconder porque no vengo de otro palo. Yo las viv\u00ed todas, en el f\u00fatbol local y el internacional. Todo lo que me puedan describir yo ya lo v\u00edv\u00ed en carne propia. Hay momentos en los cuales uno se tiene que manifestar, y el club lo hizo\u00bb, explic\u00f3.<\/p>\n<\/div>\n<div class=\"sc-98b114a2-0 bkqiHH image-embed image-embed \" id=\"element-body-5\"><picture class=\"sc-98b114a2-1 jRUlDm\"><source media=\"(min-width: 975px)\" width=\"720\" height=\"480\" srcset=\"http:\/\/cordobainforma.info\/wp-content\/uploads\/2025\/11\/juan-sebastian-veron-rompio-el-silencio-hablo-de-la-sancion-de-la-afa-a-estudiantes-y-justifico-el-espaldazo-no-fue-en-contra-de-rosario-central-2.jpg\"><img alt=\"Juan Sebasti\u00e1n Ver\u00f3n, al frente de Estudiantes desde el a\u00f1o 2014, con dos presidencias y una vicepresidencia. Foto: Mauricio Nievas.\" loading=\"eager\" width=\"720\" height=\"480\" decoding=\"async\" data-nimg=\"1\" src=\"http:\/\/cordobainforma.info\/wp-content\/uploads\/2025\/11\/juan-sebastian-veron-rompio-el-silencio-hablo-de-la-sancion-de-la-afa-a-estudiantes-y-justifico-el-espaldazo-no-fue-en-contra-de-rosario-central-2.jpg\"><span class=\"epigraphe\">Juan Sebasti\u00e1n Ver\u00f3n, al frente de Estudiantes desde el a\u00f1o 2014, con dos presidencias y una vicepresidencia. Foto: Mauricio Nievas.<\/span><span class=\"picture-open\"><button class=\"open-image\" aria-label=\"Open Image\"><\/button><\/span><\/picture><\/div>\n<div class=\"sc-45461e9c-0 eqiBeF container-text text-embed \" id=\"element-body-6\" readability=\"62\">\n<p>\u00abFue una situaci\u00f3n anormal y eso hizo que las cosas fueran escalando, y no por parte del club. Nosotros lo \u00fanico que hicimos fue largar un comunicado\u00bb, mencion\u00f3 la Bruja en relaci\u00f3n al t\u00edtulo para Rosario Central, otorgado sin votaci\u00f3n del Comit\u00e9 Ejecutivo.<\/p>\n<\/div>\n<div class=\"sc-45461e9c-0 eqiBeF container-text text-embed \" id=\"element-body-7\" readability=\"63\">\n<p>\u00abLa idea era darle un reconocimiento, no un t\u00edtulo\u00bb, insisti\u00f3 Ver\u00f3n sobre el trofeo de campe\u00f3n otorgado a Rosario Central. Y record\u00f3: \u00abMe dijeron que no hubo votaci\u00f3n, no se decidi\u00f3 por la mayor\u00eda, era algo que ya estaba. No hab\u00eda otra instancia\u00bb.<\/p>\n<\/div>\n<div class=\"sc-45461e9c-0 eqiBeF container-text text-embed \" id=\"element-body-8\" readability=\"71\">\n<p>\u00abCuando se convoc\u00f3 era para hablar del nuevo torneo y algo del reglamento del playoff de este torneo. Todo lo otro viene ya armado, impuesto sobre algo que termina siendo un campeonato, cuando lo que se hab\u00eda puesto en consideraci\u00f3n era hacer un reconocimiento. Es muy distinto a darle una estrella a un equipo. <strong>No es contra Central, podr\u00eda haber sido otro equipo, no es contra alguien<\/strong>. Cuando me informan de esta situaci\u00f3n, yo pregunto: \u2018\u00bfPero esto se vot\u00f3?, \u00bfQu\u00e9 pas\u00f3?\u2019.<strong> No hubo votaci\u00f3n<\/strong>. <strong>\u00bfHubo un debate? No, ya estaba armado, ya estaba decidido<\/strong>. Era algo que ya estaba, no hab\u00eda otra instancia\u201d, explic\u00f3 la Brujita sobre la reuni\u00f3n del Comit\u00e9 Ejecutivo, donde se tom\u00f3 la determinaci\u00f3n de premiar al Canalla. <\/p>\n<\/div>\n<div class=\"sc-45461e9c-0 eqiBeF container-text text-embed \" id=\"element-body-9\" readability=\"63\">\n<p>\u201c\u00bfQui\u00e9n se opuso hasta hoy? Dej\u00e9 de ir porque las discusiones son otras. Yo por qu\u00e9 tendr\u00eda que oponerme si no se opone nadie, si todo va camino a\u2026 Es una decisi\u00f3n conjunta ad\u00f3nde quer\u00e9s llevar el f\u00fatbol\u00bb, apunt\u00f3 contra la falta de critica del resto de los dirigentes del futbol argentino, motivo por el cual no asiste a las reuniones dirigenciales organizadas por la AFA. <\/p>\n<\/div>\n<div class=\"sc-45461e9c-0 eqiBeF container-text text-embed \" id=\"element-body-10\" readability=\"66\">\n<p>\u00abNo se puede dar este tipo de chicanas\u00bb, dijo el exfutbolista sobre los insultos que recibi\u00f3 a trav\u00e9s de las redes de parte de <strong>Pablo Toviggino<\/strong>, mano derecha de Claudio Tapia, quien lleg\u00f3 a tildarlo de \u00abpecho fr\u00edo\u00bb. \u00abYo represento a Estudiantes y no estoy para dirimir esos temas personales en redes sociales, lo que s\u00ed es grave es la amenaza a un dirigente y a un club grande como Estudiantes. Eso me llama la atenci\u00f3n y me pone alerta\u00bb, coment\u00f3 Ver\u00f3n sobre los dichos de Toviggino, quien habl\u00f3 del 2026 como un a\u00f1o en el que van a pasar cosas. <\/p>\n<\/div>\n<div class=\"sc-98b114a2-0 bkqiHH image-embed image-embed \" id=\"element-body-11\"><picture class=\"sc-98b114a2-1 jRUlDm\"><source media=\"(min-width: 975px)\" width=\"720\" height=\"480\" srcset=\"http:\/\/cordobainforma.info\/wp-content\/uploads\/2025\/11\/juan-sebastian-veron-rompio-el-silencio-hablo-de-la-sancion-de-la-afa-a-estudiantes-y-justifico-el-espaldazo-no-fue-en-contra-de-rosario-central-3.jpg\"><img alt=\"Juan Sebasti\u00e1n Ver\u00f3n, inhabilitado por la AFA por seis meses.\" loading=\"eager\" width=\"720\" height=\"480\" decoding=\"async\" data-nimg=\"1\" src=\"http:\/\/cordobainforma.info\/wp-content\/uploads\/2025\/11\/juan-sebastian-veron-rompio-el-silencio-hablo-de-la-sancion-de-la-afa-a-estudiantes-y-justifico-el-espaldazo-no-fue-en-contra-de-rosario-central-3.jpg\"><span class=\"epigraphe\">Juan Sebasti\u00e1n Ver\u00f3n, inhabilitado por la AFA por seis meses.<\/span><span class=\"picture-open\"><button class=\"open-image\" aria-label=\"Open Image\"><\/button><\/span><\/picture><\/div>\n<div class=\"sc-45461e9c-0 eqiBeF container-text text-embed \" id=\"element-body-12\" readability=\"62\">\n<p>\u00abPuede ser un descenso o malos arbitrajes, y hoy lo estamos pasando. Hay buenos y malos arbitrajes pero hay una cuesti\u00f3n que sobrevuela todos los partidos, se decide todo en el VAR\u00bb, lament\u00f3 el presidente de Estudiantes.<\/p>\n<\/div>\n<div class=\"sc-45461e9c-0 eqiBeF container-text text-embed \" id=\"element-body-13\" readability=\"59\">\n<p>\u201cLo primero que preguntamos siempre es qu\u00e9 \u00e1rbitro nos toca y qui\u00e9n va a estar en el VAR porque en definitiva ah\u00ed se resuelve todo\u201d, agreg\u00f3. <\/p>\n<\/div>\n<div class=\"sc-45461e9c-0 eqiBeF container-text text-embed \" id=\"element-body-14\" readability=\"62\">\n<p>\u00abNos sentimos amenazados y obligados a hacer algo que no se hizo en otros partidos ni con otros equipos, \u00bfpor qu\u00e9 nosotros s\u00ed? Es coartar con la libertad de expresi\u00f3n de los jugadores en su \u00e1mbito. Son cosas que van direccionadas y un \u00e1nimo contra Estudiantes. No fue en contra de Central\u00bb, manifest\u00f3 el exfutbolista de la Selecci\u00f3n Argentina.<\/p>\n<\/div>\n<div class=\"sc-98b114a2-0 bkqiHH image-embed image-embed \" id=\"element-body-15\"><picture class=\"sc-98b114a2-1 jRUlDm\"><source media=\"(min-width: 975px)\" width=\"720\" height=\"480\" srcset=\"http:\/\/cordobainforma.info\/wp-content\/uploads\/2025\/11\/juan-sebastian-veron-rompio-el-silencio-hablo-de-la-sancion-de-la-afa-a-estudiantes-y-justifico-el-espaldazo-no-fue-en-contra-de-rosario-central-4.jpg\"><img alt=\"Ver\u00f3n y Tapia, antes de que la relaci\u00f3n entre la AFA y Estudiantes estallara.\" loading=\"eager\" width=\"720\" height=\"480\" decoding=\"async\" data-nimg=\"1\" src=\"http:\/\/cordobainforma.info\/wp-content\/uploads\/2025\/11\/juan-sebastian-veron-rompio-el-silencio-hablo-de-la-sancion-de-la-afa-a-estudiantes-y-justifico-el-espaldazo-no-fue-en-contra-de-rosario-central-4.jpg\"><span class=\"epigraphe\">Ver\u00f3n y Tapia, antes de que la relaci\u00f3n entre la AFA y Estudiantes estallara.<\/span><span class=\"picture-open\"><button class=\"open-image\" aria-label=\"Open Image\"><\/button><\/span><\/picture><\/div>\n<div class=\"sc-45461e9c-0 eqiBeF container-text text-embed \" id=\"element-body-16\" readability=\"61\">\n<p>Sobre el final, tras repetir en varias oportunidades que no desea ser presidente de la AFA, Ver\u00f3n agreg\u00f3 un comentario m\u00e1s sobre el t\u00edtulo otorgado a Central y su falta de validez para ser considerado como liga: \u00abJug\u00f3 contra la mitad de los equipos\u00bb.<\/p>\n<\/div>\n<div class=\"sc-45461e9c-0 eqiBeF container-text text-embed \" id=\"element-body-17\" readability=\"66\">\n<p>\u201cNunca me interes\u00f3 ni lo tengo en mis objetivos (ser presidente de AFA), s\u00ed me interesa en lo deportivo y en lo social, que los campeonatos sean mejores, los recursos sean m\u00e1s, que la gente pueda ir a ver a su equipo de local y de visitante. Un f\u00fatbol mejor, pero no necesariamente tengo que ser presidente de AFA\u201d, cerr\u00f3. <\/p>\n<\/div>\n","protected":false},"excerpt":{"rendered":"<p>Juan Sebasti\u00e1n Ver\u00f3n rompi\u00f3 el silencio y decidi\u00f3 hablar de la delicada situaci\u00f3n que atraviesa Estudiantes de La Plata, club que preside, en pleno conflicto con la AFA de Claudio Tapia. Todo comenz\u00f3 con el t\u00edtulo que la Liga le entreg\u00f3 de manera irregular a Rosario Central, situaci\u00f3n que inici\u00f3 un ida y vuelta que [&hellip;]<\/p>\n","protected":false},"author":1,"featured_media":176023,"comment_status":"closed","ping_status":"closed","sticky":false,"template":"","format":"standard","meta":[],"categories":[20],"tags":[],"_links":{"self":[{"href":"http:\/\/cordobainforma.info\/index.php\/wp-json\/wp\/v2\/posts\/176022"}],"collection":[{"href":"http:\/\/cordobainforma.info\/index.php\/wp-json\/wp\/v2\/posts"}],"about":[{"href":"http:\/\/cordobainforma.info\/index.php\/wp-json\/wp\/v2\/types\/post"}],"author":[{"embeddable":true,"href":"http:\/\/cordobainforma.info\/index.php\/wp-json\/wp\/v2\/users\/1"}],"replies":[{"embeddable":true,"href":"http:\/\/cordobainforma.info\/index.php\/wp-json\/wp\/v2\/comments?post=176022"}],"version-history":[{"count":0,"href":"http:\/\/cordobainforma.info\/index.php\/wp-json\/wp\/v2\/posts\/176022\/revisions"}],"wp:featuredmedia":[{"embeddable":true,"href":"http:\/\/cordobainforma.info\/index.php\/wp-json\/wp\/v2\/media\/176023"}],"wp:attachment":[{"href":"http:\/\/cordobainforma.info\/index.php\/wp-json\/wp\/v2\/media?parent=176022"}],"wp:term":[{"taxonomy":"category","embeddable":true,"href":"http:\/\/cordobainforma.info\/index.php\/wp-json\/wp\/v2\/categories?post=176022"},{"taxonomy":"post_tag","embeddable":true,"href":"http:\/\/cordobainforma.info\/index.php\/wp-json\/wp\/v2\/tags?post=176022"}],"curies":[{"name":"wp","href":"https:\/\/api.w.org\/{rel}","templated":true}]}}