{"id":176020,"date":"2025-11-28T12:30:42","date_gmt":"2025-11-28T12:30:42","guid":{"rendered":"https:\/\/www.clarin.com\/deportes\/sorteo-mundial-2026-primera-polemica-iran-boicoteara-gala-washington-falta-visas-estados-unidos_0_43CPk5Hdyt.html"},"modified":"2025-11-28T12:30:42","modified_gmt":"2025-11-28T12:30:42","slug":"el-sorteo-del-mundial-2026-tiene-su-primera-polemica-iran-boicoteara-la-gala-en-washington-por-falta-de-visas-de-estados-unidos","status":"publish","type":"post","link":"http:\/\/cordobainforma.info\/index.php\/2025\/11\/28\/el-sorteo-del-mundial-2026-tiene-su-primera-polemica-iran-boicoteara-la-gala-en-washington-por-falta-de-visas-de-estados-unidos\/","title":{"rendered":"El sorteo del Mundial 2026 tiene su primera pol\u00e9mica: Ir\u00e1n boicotear\u00e1 la gala en Washington por falta de visas de Estados Unidos"},"content":{"rendered":"<p><img src=\"http:\/\/cordobainforma.info\/wp-content\/uploads\/2025\/11\/el-sorteo-del-mundial-2026-tiene-su-primera-polemica-iran-boicoteara-la-gala-en-washington-por-falta-de-visas-de-estados-unidos.jpg\"><\/p>\n<div><img src=\"http:\/\/cordobainforma.info\/wp-content\/uploads\/2025\/11\/el-sorteo-del-mundial-2026-tiene-su-primera-polemica-iran-boicoteara-la-gala-en-washington-por-falta-de-visas-de-estados-unidos-2.jpg\" class=\"ff-og-image-inserted\"><\/div>\n<div id=\"element-body-0\" readability=\"60\">\n<p><strong>Ir\u00e1n <\/strong>boicotear\u00e1 el sorteo del <strong>Mundial de F\u00fatbol 2026<\/strong> que se celebrar\u00e1 en <strong>Washington <\/strong>el viernes 5 de diciembre porque <strong>Estados Unidos<\/strong> no ha emitido visas para todos los miembros de la delegaci\u00f3n iran\u00ed, inform\u00f3 este viernes la Federaci\u00f3n de F\u00fatbol del pa\u00eds persa.<\/p>\n<\/div>\n<div id=\"element-body-1\" readability=\"62\">\n<p>\u0093Hemos informado a la FIFA de que la decisi\u00f3n (de EE.UU.) no tiene nada que ver con el deporte y que los miembros de la delegaci\u00f3n iran\u00ed no participar\u00e1n en el sorteo del Mundial\u0094, dijo el portavoz de la Federaci\u00f3n iran\u00ed de F\u00fatbol, <strong>Amir Mehdi Alavi<\/strong>, a medios iran\u00edes.<\/p>\n<\/div>\n<div id=\"element-body-2\" readability=\"62\">\n<p>Seg\u00fan el diario <em>Tehran Times<\/em>, Estados Unidos ha emitido visas para cuatro miembros de la delegaci\u00f3n iran\u00ed, entre ellos el entrenador <strong>Amir Ghalenoei <\/strong>y Alavi, pero rechaz\u00f3 las de al menos otras tres personas.<\/p>\n<\/div>\n<div id=\"element-body-3\" readability=\"60\">\n<p>El sorteo oficial del Mundial de F\u00fatbol 2026 se celebrar\u00e1 el pr\u00f3ximo viernes en la capital de Estados Unidos, pa\u00eds con el que la Rep\u00fablica Isl\u00e1mica mantiene un v\u00ednculo cargado de tensi\u00f3n desde su fundaci\u00f3n en 1979.<\/p>\n<\/div>\n<div id=\"element-body-5\" readability=\"60\">\n<p>La selecci\u00f3n de f\u00fatbol iran\u00ed se clasific\u00f3 en marzo para el Mundial de Canad\u00e1, Estados Unidos y M\u00e9xico 2026, en la que ser\u00e1 <strong>su s\u00e9ptima participaci\u00f3n <\/strong>en la competici\u00f3n internacional.<\/p>\n<\/div>\n<div id=\"element-body-6\" readability=\"63\">\n<p>En el Mundial de Qatar 2022, Ir\u00e1n perdi\u00f3 ante la selecci\u00f3n de Estados Unidos, lo que supuso su eliminaci\u00f3n de esa competici\u00f3n, lo que algunos aficionados celebraron con gritos desde las ventanas contra su Gobierno en medio de las protestas por la muerte de Mahsa Amini tras ser detenida por no llevar bien puesto el velo. <\/p>\n<\/div>\n<div id=\"element-body-7\" readability=\"57\">\n<p><em>Con informaci\u00f3n de Agencias<\/em><\/p>\n<\/div>\n","protected":false},"excerpt":{"rendered":"<p>Ir\u00e1n boicotear\u00e1 el sorteo del Mundial de F\u00fatbol 2026 que se celebrar\u00e1 en Washington el viernes 5 de diciembre porque Estados Unidos no ha emitido visas para todos los miembros de la delegaci\u00f3n iran\u00ed, inform\u00f3 este viernes la Federaci\u00f3n de F\u00fatbol del pa\u00eds persa. \u0093Hemos informado a la FIFA de que la decisi\u00f3n (de EE.UU.) [&hellip;]<\/p>\n","protected":false},"author":1,"featured_media":176021,"comment_status":"closed","ping_status":"closed","sticky":false,"template":"","format":"standard","meta":[],"categories":[20],"tags":[],"_links":{"self":[{"href":"http:\/\/cordobainforma.info\/index.php\/wp-json\/wp\/v2\/posts\/176020"}],"collection":[{"href":"http:\/\/cordobainforma.info\/index.php\/wp-json\/wp\/v2\/posts"}],"about":[{"href":"http:\/\/cordobainforma.info\/index.php\/wp-json\/wp\/v2\/types\/post"}],"author":[{"embeddable":true,"href":"http:\/\/cordobainforma.info\/index.php\/wp-json\/wp\/v2\/users\/1"}],"replies":[{"embeddable":true,"href":"http:\/\/cordobainforma.info\/index.php\/wp-json\/wp\/v2\/comments?post=176020"}],"version-history":[{"count":0,"href":"http:\/\/cordobainforma.info\/index.php\/wp-json\/wp\/v2\/posts\/176020\/revisions"}],"wp:featuredmedia":[{"embeddable":true,"href":"http:\/\/cordobainforma.info\/index.php\/wp-json\/wp\/v2\/media\/176021"}],"wp:attachment":[{"href":"http:\/\/cordobainforma.info\/index.php\/wp-json\/wp\/v2\/media?parent=176020"}],"wp:term":[{"taxonomy":"category","embeddable":true,"href":"http:\/\/cordobainforma.info\/index.php\/wp-json\/wp\/v2\/categories?post=176020"},{"taxonomy":"post_tag","embeddable":true,"href":"http:\/\/cordobainforma.info\/index.php\/wp-json\/wp\/v2\/tags?post=176020"}],"curies":[{"name":"wp","href":"https:\/\/api.w.org\/{rel}","templated":true}]}}