{"id":176012,"date":"2025-11-27T18:41:41","date_gmt":"2025-11-27T18:41:41","guid":{"rendered":"https:\/\/somoscordobeses.com\/2025\/11\/27\/alta-gracia-sobreseyeron-a-la-madre-acusada-de-matar-a-sus-hijos-discapacitados\/"},"modified":"2025-11-27T18:41:41","modified_gmt":"2025-11-27T18:41:41","slug":"alta-gracia-sobreseyeron-a-la-madre-acusada-de-matar-a-sus-hijos-discapacitados","status":"publish","type":"post","link":"http:\/\/cordobainforma.info\/index.php\/2025\/11\/27\/alta-gracia-sobreseyeron-a-la-madre-acusada-de-matar-a-sus-hijos-discapacitados\/","title":{"rendered":"Alta Gracia: Sobreseyeron a la madre acusada de matar a sus hijos discapacitados"},"content":{"rendered":"<div><img src=\"http:\/\/cordobainforma.info\/wp-content\/uploads\/2025\/11\/alta-gracia-sobreseyeron-a-la-madre-acusada-de-matar-a-sus-hijos-discapacitados.jpg\" class=\"ff-og-image-inserted\"><\/div>\n<p><strong>La justicia decidi\u00f3 sobreseer a la mujer que estaba acusada de haber matado a sus dos hijos con discapacidad, en un impactante hechos ocurrido el a\u00f1o pasado&nbsp;en la ciudad de Alta Gracia.&nbsp;El juez Claudio Lasso consider\u00f3 que la conducta de la mujer fue&nbsp;at\u00edpica y la declar\u00f3 inimputable, luego que trascendiera que hab\u00eda convivido meses con los cad\u00e1veres.<\/strong><\/p>\n<p>El caso se registr\u00f3 en una vivienda del barrio Villa Camiares y los fallecidos eran dos adolescentes de&nbsp;15 y 17 a\u00f1os,&nbsp;quienes depend\u00edan de terceros para sobrevivir y requer\u00edan de cuidados extremos de parte de la mujer.<\/p>\n<p>El magistrado consider\u00f3 que la mujer tuvo un marcado deterioro emocional al hacerse cargo sola de la crianza de los menores, sin redes ni apoyo que le permitieran afrontar esta dif\u00edcil situaci\u00f3n. Seg\u00fan se estableci\u00f3, la&nbsp;mujer no contaba con \u00abposibilidades reales y concretas\u00bb&nbsp;de evitar el tr\u00e1gico final, debido a su estado psic\u00f3tico, la ausencia de apoyos y la carga absoluta del cuidado.<\/p>\n","protected":false},"excerpt":{"rendered":"<p>La justicia decidi\u00f3 sobreseer a la mujer que estaba acusada de haber matado a sus dos hijos con discapacidad, en un impactante hechos ocurrido el a\u00f1o pasado&nbsp;en la ciudad de Alta Gracia.&nbsp;El juez Claudio Lasso consider\u00f3 que la conducta de la mujer fue&nbsp;at\u00edpica y la declar\u00f3 inimputable, luego que trascendiera que hab\u00eda convivido meses con [&hellip;]<\/p>\n","protected":false},"author":1,"featured_media":176013,"comment_status":"closed","ping_status":"closed","sticky":false,"template":"","format":"standard","meta":[],"categories":[2],"tags":[],"_links":{"self":[{"href":"http:\/\/cordobainforma.info\/index.php\/wp-json\/wp\/v2\/posts\/176012"}],"collection":[{"href":"http:\/\/cordobainforma.info\/index.php\/wp-json\/wp\/v2\/posts"}],"about":[{"href":"http:\/\/cordobainforma.info\/index.php\/wp-json\/wp\/v2\/types\/post"}],"author":[{"embeddable":true,"href":"http:\/\/cordobainforma.info\/index.php\/wp-json\/wp\/v2\/users\/1"}],"replies":[{"embeddable":true,"href":"http:\/\/cordobainforma.info\/index.php\/wp-json\/wp\/v2\/comments?post=176012"}],"version-history":[{"count":0,"href":"http:\/\/cordobainforma.info\/index.php\/wp-json\/wp\/v2\/posts\/176012\/revisions"}],"wp:featuredmedia":[{"embeddable":true,"href":"http:\/\/cordobainforma.info\/index.php\/wp-json\/wp\/v2\/media\/176013"}],"wp:attachment":[{"href":"http:\/\/cordobainforma.info\/index.php\/wp-json\/wp\/v2\/media?parent=176012"}],"wp:term":[{"taxonomy":"category","embeddable":true,"href":"http:\/\/cordobainforma.info\/index.php\/wp-json\/wp\/v2\/categories?post=176012"},{"taxonomy":"post_tag","embeddable":true,"href":"http:\/\/cordobainforma.info\/index.php\/wp-json\/wp\/v2\/tags?post=176012"}],"curies":[{"name":"wp","href":"https:\/\/api.w.org\/{rel}","templated":true}]}}