{"id":175984,"date":"2025-11-27T14:44:38","date_gmt":"2025-11-27T14:44:38","guid":{"rendered":"https:\/\/www.escribiendocine.com\/noticias\/2025\/11\/27\/21033-todos-los-nominados-a-los-premios-feroz-2026"},"modified":"2025-11-27T14:44:38","modified_gmt":"2025-11-27T14:44:38","slug":"todos-los-nominados-a-los-premios-feroz-2026","status":"publish","type":"post","link":"http:\/\/cordobainforma.info\/index.php\/2025\/11\/27\/todos-los-nominados-a-los-premios-feroz-2026\/","title":{"rendered":"Todos los nominados a los Premios Feroz 2026"},"content":{"rendered":"<div class=\"media_block\"><\/div>\n<div><img src=\"http:\/\/cordobainforma.info\/wp-content\/uploads\/2025\/11\/todos-los-nominados-a-los-premios-feroz-2026.jpg\" class=\"ff-og-image-inserted\"><\/div>\n<p>El 24 de enero de 2026 se celebrar\u00e1 en el Palacio de Cultura de Pontevedra la decimotercera edici\u00f3n de los Premios Feroz, los galardones que entrega la Asociaci\u00f3n de Informadores Cinematogr\u00e1ficos de Espa\u00f1a (AICE). La lectura de nominaciones estuvo a cargo de Manu R\u00edos y Milena Smit, quienes dieron inicio a una edici\u00f3n marcada por la diversidad de t\u00edtulos y por el equilibrio entre cine y televisi\u00f3n.<\/p>\n<p class=\"noticia-relacionada noEditable\" data-id=\"20502\"><ampiframe src=\"https:\/\/www.escribiendocine.com\/api\/noticias\/20502\/relacionadas?amp=1\" layout=\"fixed-height\" sandbox=\"allow-top-navigation allow-top-navigation-by-user-activation allow-scripts \" height=\"100px\"> <b placeholder>Lee tambi\u00e9n: Cr\u00edtica de \u201cMaspalomas\u201d: una mirada inc\u00f3moda sobre la vejez y la homosexualidad<\/b> <\/ampiframe><\/p>\n<p>En el apartado cinematogr\u00e1fico, <strong>Los domingos <\/strong>encabez\u00f3 la lista con nueve menciones, posicion\u00e1ndose como la producci\u00f3n con mayor presencia en las categor\u00edas de direcci\u00f3n, interpretaci\u00f3n y guion. Detr\u00e1s se ubicaron <strong>Maspalomas <\/strong>y <strong>Sirat<\/strong>, ambas con siete nominaciones, mientras que <strong>Romer\u00eda <\/strong>y <strong>Sorda<\/strong> reunieron seis candidaturas cada una, reafirmando un a\u00f1o especialmente activo para la producci\u00f3n espa\u00f1ola.<\/p>\n<p class=\"noticia-relacionada noEditable\" data-id=\"20509\"><ampiframe src=\"https:\/\/www.escribiendocine.com\/api\/noticias\/20509\/relacionadas?amp=1\" layout=\"fixed-height\" sandbox=\"allow-top-navigation allow-top-navigation-by-user-activation allow-scripts \" height=\"100px\"> <b placeholder>Lee tambi\u00e9n: Cr\u00edtica de \u00abLos domingos\u00bb: Alauda Ruiz de Az\u00faa indaga en la fe y sus efectos dentro del n\u00facleo familiar<\/b> <\/ampiframe><\/p>\n<p>En televisi\u00f3n, el panorama qued\u00f3 repartido entre dos t\u00edtulos. <strong>Poquita fe<\/strong> y <strong>Superestar<\/strong> alcanzaron seis nominaciones, seguidas de cerca por <strong>Anatom\u00eda de un instante <\/strong>y <strong>Yakarta<\/strong>, que sumaron cinco. Las categor\u00edas interpretativas tambi\u00e9n mostraron una fuerte presencia femenina y un abanico amplio de nuevas voces, consolidando el rumbo que la ficci\u00f3n espa\u00f1ola viene transitando en las \u00faltimas temporadas.<\/p>\n<p class=\"noticia-relacionada noEditable\" data-id=\"20083\"><ampiframe src=\"https:\/\/www.escribiendocine.com\/api\/noticias\/20083\/relacionadas?amp=1\" layout=\"fixed-height\" sandbox=\"allow-top-navigation allow-top-navigation-by-user-activation allow-scripts \" height=\"100px\"> <b placeholder>Lee tambi\u00e9n: Cr\u00edtica de \u00abSuperstar\u00bb: lo friki bajo la lupa de Nacho Vigalondo<\/b> <\/ampiframe><\/p>\n<p>La gala de los Feroz se ha convertido en un term\u00f3metro del audiovisual ib\u00e9rico y en la antesala inevitable de los grandes premios de la temporada. La edici\u00f3n 2026 parece confirmar esa tendencia, con t\u00edtulos que ya vienen generando conversaci\u00f3n y que prometen marcar el pulso del a\u00f1o cinematogr\u00e1fico.<\/p>\n<p>NOMINADOS A LOS PREMIOS FEROZ 2026<\/p>\n<p>Mejor pel\u00edcula dram\u00e1tica<br \/><strong>Los domingos <\/strong>\u2014 Prod. Marisa Fern\u00e1ndez Armenteros, Sandra Hermida, Nahikari Ipi\u00f1a, Manu Calvo<br \/><strong>Maspalomas<\/strong> \u2014 Prod. Ander Barinaga-Rementeria Arano, Ander Sagardoy M\u00fagica, Fernando Larrondo, Xabier Berzosa<br \/><strong>Romer\u00eda <\/strong>\u2014 Prod. Mar\u00eda Zamora, Olimpia Pont Ch\u00e1fer, \u00c0ngels Masclans<br \/><strong>Sirat <\/strong>\u2014 Prod. Agust\u00edn Almod\u00f3var, Esther Garc\u00eda, Oriol Maym\u00f3, Xavi Font<br \/><strong>Sorda<\/strong> \u2014 Prod. Miriam Port\u00e9, Nuria Mu\u00f1oz Ort\u00edn, Adolfo Blanco, Gerard Marginedas<br \/>&nbsp;<br \/>Mejor pel\u00edcula de comedia<br \/><strong>La cena <\/strong>\u2014 Prod. Crist\u00f3bal Garc\u00eda, Lina Badenes, Roberto Butrague\u00f1o<br \/><strong>Decorado <\/strong>\u2014 Prod. Chelo Loureiro, Iv\u00e1n Mi\u00f1ambres, Jose Mar\u00eda Fern\u00e1ndez de Vega, Nuno Beato<br \/><strong>Mi amiga Eva<\/strong> \u2014 Prod. Marta Esteban, Laia Bosch<br \/><strong>Rondallas<\/strong> \u2014 Prod. Ram\u00f3n Campos, Victor Fandi\u00f1o<br \/><strong>Wolfgang<\/strong> \u2014 Prod. N\u00faria Valls, Marta S\u00e1nchez de Miguel, Gerard Verdaguer, Ghislain Barrois<br \/>&nbsp;<br \/>Mejor direcci\u00f3n<br \/>Jose Mari Goenaga y Aitor Arregi \u2014 <strong>Maspalomas<\/strong><br \/>Oliver Laxe \u2014 <strong>Sirat<\/strong><br \/>Eva Libertad \u2014 <strong>Sorda<\/strong><br \/>Alauda Ruiz de Az\u00faa \u2014 <strong>Los domingos<\/strong><br \/>Carla Sim\u00f3n \u2014 <strong>Romer\u00eda<\/strong><br \/>&nbsp;<br \/>Mejor actriz protagonista de una pel\u00edcula<br \/>\u00c1ngela Cervantes \u2014 <strong>La furia<\/strong><br \/>Miriam Garlo \u2014 <strong>Sorda<\/strong><br \/>Patricia L\u00f3pez Arnaiz \u2014 <strong>Los domingos<\/strong><br \/>Nora Navas \u2014 <strong>Mi amiga Eva<\/strong><br \/>Blanca Soroa \u2014 <strong>Los domingos<\/strong><br \/>&nbsp;<br \/>Mejor actor protagonista de una pel\u00edcula<br \/>Mario Casas \u2014 <strong>Muy lejos<\/strong><br \/>\u00c1lvaro Cervantes \u2014 <strong>Sorda<\/strong><br \/>Sergi L\u00f3pez \u2014 <strong>Sirat<\/strong><br \/>Jos\u00e9 Ram\u00f3n Soroiz \u2014 <strong>Maspalomas<\/strong><br \/>Alberto San Juan \u2014 <strong>La cena<\/strong><br \/>&nbsp;<br \/>Mejor actriz de reparto de una pel\u00edcula<br \/>Nagore Aranburu \u2014 <strong>Los domingos<\/strong><br \/>Iraia Elias \u2014 <strong>Un fantasma en la batalla<\/strong><br \/>Elena Irureta \u2014 <strong>Sorda<\/strong><br \/>Maria de Medeiros \u2014 <strong>Una quinta portuguesa<\/strong><br \/>Elvira M\u00ednguez \u2014 <strong>La cena<\/strong><br \/>&nbsp;<br \/>Mejor actor de reparto de una pel\u00edcula<br \/>Asier Etxeandia \u2014 <strong>La cena<\/strong><br \/>Miguel Garc\u00e9s \u2014 <strong>Los domingos<\/strong><br \/>Joaqu\u00edn N\u00fa\u00f1ez \u2014 <strong>Los Tigres<\/strong><br \/>Miguel Rell\u00e1n \u2014 <strong>El cautivo<\/strong><br \/>Kandido Uranga \u2014 <strong>Maspalomas<\/strong><br \/>&nbsp;<br \/>Premio Feroz DAMA al mejor guion de una pel\u00edcula<br \/>Alauda Ruiz de Az\u00faa \u2014 <strong>Los domingos<\/strong><br \/>Jose Mari Goenaga \u2014 <strong>Maspalomas<\/strong><br \/>Carla Sim\u00f3n \u2014 <strong>Romer\u00eda<\/strong><br \/>Oliver Laxe, Santiago Fillol \u2014 <strong>Sirat<\/strong><br \/>Eva Libertad \u2014 <strong>Sorda<\/strong><br \/>&nbsp;<br \/>Mejor m\u00fasica original<br \/>Alejandro Amen\u00e1bar \u2014 <strong>El cautivo<\/strong><br \/>Hidrogenesse (Carlos Ballesteros y Gen\u00eds Segarra) \u2014 <strong>Daniela Forever<\/strong><br \/>Ar\u00e1nzazu Calleja \u2014 <strong>Maspalomas<\/strong><br \/>Ernest Pip\u00f3 \u2014 <strong>Romer\u00eda<\/strong><br \/>Kangding Ray \u2014<strong> Sirat<\/strong><br \/>&nbsp;<br \/>Mejor tr\u00e1iler<br \/>Alberto de Toro \u2014 <strong>La cena<\/strong><br \/>Mikel Garmilla \u2014 <strong>Maspalomas<\/strong><br \/>Aitor Tapia, Manel Barriere \u2014 <strong>Los domingos <\/strong>(tr\u00e1iler final)<br \/>Miguel \u00c1ngel Trudu \u2014 <strong>Romer\u00eda<\/strong><br \/>Aitor Tapia \u2014 <strong>Sirat<\/strong><br \/>&nbsp;<br \/>Mejor cartel<br \/>Jimena Merino, \u00c1lvaro Le\u00f3n, Luis Le\u00f3n, David Herranz \u2014 <strong>Los domingos <\/strong>(cartel final)<br \/>Dan Petris, Jaume Cald\u00e9s \u2014 <strong>Muy lejos<\/strong><br \/>Jose A. Pe\u00f1a, Quim Vives \u2014 <strong>Romer\u00eda<\/strong><br \/>Daniel Requena, Alba Vence, Quim Vives \u2014 <strong>Sirat<\/strong><br \/>Ana Dominguez, Rafa Casta\u00f1er \u2014<strong> Tardes de soledad<\/strong><br \/>&nbsp;<br \/>Mejor serie dram\u00e1tica<br \/><strong>Anatom\u00eda de un instante<\/strong> \u2014 Prod. Jos\u00e9 Manuel Lorenzo, Domingo Corral, Manuela Oc\u00f3n Aburto, Fran Ara\u00fajo<br \/><strong>La canci\u00f3n<\/strong> \u2014 Prod. Susana Herreras, Fran Ara\u00fajo, Pepe Coira, Ignacio Corrales<br \/><strong>Pubertat <\/strong>\u2014 Prod. Oriol Maym\u00f3, Miriam Port\u00e9<br \/><strong>La ruta Vol 2: Ibiza<\/strong> \u2014 Prod. Montse Garc\u00eda, Nacho Lavilla, Eduardo Villanueva<br \/><strong>Yakarta <\/strong>\u2014 Prod. Fran Ara\u00fajo, Diego San Jos\u00e9, Alejandro Fl\u00f3rez, Javier M\u00e9ndez<br \/>&nbsp;<br \/>Mejor serie de comedia<br \/><strong>Animal <\/strong>\u2014 Prod. Aitor Gabilondo, Jota Aceytuno<br \/><strong>D\u00edas de furia<\/strong> \u2014 Prod. Santi Botello, Tedy Villalba Jr., Antonio Trashorras, Jos\u00e9 Mar\u00eda Caro<br \/><strong>Poquita fe <\/strong>\u2014 Prod. Juan Maidag\u00e1n, Pep\u00f3n Montero, Fran Ara\u00fajo, Pepe Ripoll<br \/><strong>La suerte. Una serie de casualidades<\/strong> \u2014 Prod. Sof\u00eda F\u00e1bregas, Luis Santamar\u00eda, Pablo Guerrero, Paco Plaza<br \/><strong>Superestar <\/strong>\u2014 Prod. Javier Ambrossi, Javier Calvo<br \/><strong>La vida breve <\/strong>\u2014 Prod. Crist\u00f3bal Garrido, Adolfo Valor, Antonio Asensio, Susana Herreras<br \/>&nbsp;<br \/>Mejor actriz protagonista de una serie<br \/>Anna Castillo \u2014 <strong>Su Majestad<\/strong><br \/>Ingrid Garc\u00eda Jonsson \u2014 <strong>Superestar<\/strong><br \/>Esperanza Pedre\u00f1o \u2014 <strong>Poquita fe<\/strong><br \/>Candela Pe\u00f1a \u2014 <strong>D\u00edas de furia<\/strong><br \/>Carla Qu\u00edlez \u2014 <strong>Yakarta<\/strong><br \/>Carolina Yuste \u2014 <strong>La canci\u00f3n<\/strong><br \/>&nbsp;<br \/>Mejor actor protagonista de una serie<br \/>Javier C\u00e1mara \u2014 <strong>Yakarta<\/strong><br \/>Ra\u00fal Cimas \u2014 <strong>Poquita fe<\/strong><br \/>Ricardo G\u00f3mez \u2014 <strong>La suerte. Una serie de casualidades<\/strong><br \/>\u00c1lvaro Morte \u2014 <strong>Anatom\u00eda de un instante<\/strong><br \/>Luis Zahera \u2014 <strong>Animal<\/strong><br \/>&nbsp;<br \/>Mejor actriz de reparto de una serie<br \/>Julia de Castro \u2014 <strong>Poquita fe<\/strong><br \/>Mar\u00eda Jes\u00fas Hoyos \u2014 <strong>Poquita fe<\/strong><br \/>Roc\u00edo Ib\u00e1\u00f1ez \u2014 <strong>Superestar<\/strong><br \/>Natalia de Molina \u2014 <strong>Superestar<\/strong><br \/>Betsy T\u00farnez \u2014 <strong>Pubertat<\/strong><br \/>Leonor Watling \u2014 <strong>La vida breve<\/strong><br \/>&nbsp;<br \/>Mejor actor de reparto de una serie<br \/>Carlos Bernardino \u2014 <strong>La suerte. Una serie de casualidades<\/strong><br \/>Eduard Fern\u00e1ndez \u2014 <strong>Anatom\u00eda de un instante<\/strong><br \/>David Lorente \u2014 <strong>Yakarta<\/strong><br \/>Secun de la Rosa \u2014 <strong>Superestar<\/strong><br \/>Manolo Solo \u2014 <strong>Anatom\u00eda de un instante<\/strong><br \/>&nbsp;<br \/>Premio Feroz DAMA al mejor guion de una serie<br \/>Rafael Cobos, Fran Ara\u00fajo, Alberto Rodr\u00edguez \u2014 <strong>Anatom\u00eda de un instante<\/strong><br \/>F\u00e9lix Sabroso, Juan Flahn \u2014 <strong>D\u00edas de furia<\/strong><br \/>Juan Maidag\u00e1n, Pep\u00f3n Montero \u2014 <strong>Poquita fe<\/strong><br \/>Nacho Vigalondo, Mar\u00eda Bastar\u00f3s, Paco Bezerra, Claudia Costafreda \u2014 <strong>Superestar<\/strong><br \/>Diego San Jos\u00e9, Daniel Castro, Fernando Delgado-Hierro \u2014 <strong>Yakarta<\/strong><br \/>&nbsp;<br \/>Premio Feroz Audi de Honor<br \/><strong>Marta Fern\u00e1ndez-Muro<\/strong><\/p>\n","protected":false},"excerpt":{"rendered":"<p>El 24 de enero de 2026 se celebrar\u00e1 en el Palacio de Cultura de Pontevedra la decimotercera edici\u00f3n de los Premios Feroz, los galardones que entrega la Asociaci\u00f3n de Informadores Cinematogr\u00e1ficos de Espa\u00f1a (AICE). La lectura de nominaciones estuvo a cargo de Manu R\u00edos y Milena Smit, quienes dieron inicio a una edici\u00f3n marcada por [&hellip;]<\/p>\n","protected":false},"author":1,"featured_media":175985,"comment_status":"open","ping_status":"closed","sticky":false,"template":"","format":"standard","meta":[],"categories":[21],"tags":[],"_links":{"self":[{"href":"http:\/\/cordobainforma.info\/index.php\/wp-json\/wp\/v2\/posts\/175984"}],"collection":[{"href":"http:\/\/cordobainforma.info\/index.php\/wp-json\/wp\/v2\/posts"}],"about":[{"href":"http:\/\/cordobainforma.info\/index.php\/wp-json\/wp\/v2\/types\/post"}],"author":[{"embeddable":true,"href":"http:\/\/cordobainforma.info\/index.php\/wp-json\/wp\/v2\/users\/1"}],"replies":[{"embeddable":true,"href":"http:\/\/cordobainforma.info\/index.php\/wp-json\/wp\/v2\/comments?post=175984"}],"version-history":[{"count":0,"href":"http:\/\/cordobainforma.info\/index.php\/wp-json\/wp\/v2\/posts\/175984\/revisions"}],"wp:featuredmedia":[{"embeddable":true,"href":"http:\/\/cordobainforma.info\/index.php\/wp-json\/wp\/v2\/media\/175985"}],"wp:attachment":[{"href":"http:\/\/cordobainforma.info\/index.php\/wp-json\/wp\/v2\/media?parent=175984"}],"wp:term":[{"taxonomy":"category","embeddable":true,"href":"http:\/\/cordobainforma.info\/index.php\/wp-json\/wp\/v2\/categories?post=175984"},{"taxonomy":"post_tag","embeddable":true,"href":"http:\/\/cordobainforma.info\/index.php\/wp-json\/wp\/v2\/tags?post=175984"}],"curies":[{"name":"wp","href":"https:\/\/api.w.org\/{rel}","templated":true}]}}