{"id":175949,"date":"2025-11-27T08:17:02","date_gmt":"2025-11-27T08:17:02","guid":{"rendered":"http:\/\/cordobainforma.info\/index.php\/2025\/11\/27\/denuncian-al-menos-8-casos-de-mala-praxis-en-la-nueva-maternidad-de-cordoba\/"},"modified":"2025-11-27T08:17:02","modified_gmt":"2025-11-27T08:17:02","slug":"denuncian-al-menos-8-casos-de-mala-praxis-en-la-nueva-maternidad-de-cordoba","status":"publish","type":"post","link":"http:\/\/cordobainforma.info\/index.php\/2025\/11\/27\/denuncian-al-menos-8-casos-de-mala-praxis-en-la-nueva-maternidad-de-cordoba\/","title":{"rendered":"Denuncian al menos 8 casos de mala praxis en la <b>Nueva<\/b> Maternidad de <b>C\u00f3rdoba<\/b>"},"content":{"rendered":"<p>El fiscal Ernesto de Arag\u00f3n dispuso un allanamiento en la Maternidad Provincial para secuestrar historias cl\u00ednicas y documentaci\u00f3n m\u00e9dica. <\/p>\n","protected":false},"excerpt":{"rendered":"<p>El fiscal Ernesto de Arag\u00f3n dispuso un allanamiento en la Maternidad Provincial para secuestrar historias cl\u00ednicas y documentaci\u00f3n m\u00e9dica.<\/p>\n","protected":false},"author":1,"featured_media":0,"comment_status":"closed","ping_status":"closed","sticky":false,"template":"","format":"standard","meta":[],"categories":[23],"tags":[],"_links":{"self":[{"href":"http:\/\/cordobainforma.info\/index.php\/wp-json\/wp\/v2\/posts\/175949"}],"collection":[{"href":"http:\/\/cordobainforma.info\/index.php\/wp-json\/wp\/v2\/posts"}],"about":[{"href":"http:\/\/cordobainforma.info\/index.php\/wp-json\/wp\/v2\/types\/post"}],"author":[{"embeddable":true,"href":"http:\/\/cordobainforma.info\/index.php\/wp-json\/wp\/v2\/users\/1"}],"replies":[{"embeddable":true,"href":"http:\/\/cordobainforma.info\/index.php\/wp-json\/wp\/v2\/comments?post=175949"}],"version-history":[{"count":0,"href":"http:\/\/cordobainforma.info\/index.php\/wp-json\/wp\/v2\/posts\/175949\/revisions"}],"wp:attachment":[{"href":"http:\/\/cordobainforma.info\/index.php\/wp-json\/wp\/v2\/media?parent=175949"}],"wp:term":[{"taxonomy":"category","embeddable":true,"href":"http:\/\/cordobainforma.info\/index.php\/wp-json\/wp\/v2\/categories?post=175949"},{"taxonomy":"post_tag","embeddable":true,"href":"http:\/\/cordobainforma.info\/index.php\/wp-json\/wp\/v2\/tags?post=175949"}],"curies":[{"name":"wp","href":"https:\/\/api.w.org\/{rel}","templated":true}]}}