{"id":175925,"date":"2025-11-27T13:43:14","date_gmt":"2025-11-27T13:43:14","guid":{"rendered":"https:\/\/www.clarin.com\/deportes\/odisea-palermo-salvar-fortaleza-descenso-impresionante-racha-gigantes-debera-bajar-milagro_0_HgLgieyWua.html"},"modified":"2025-11-27T13:43:14","modified_gmt":"2025-11-27T13:43:14","slug":"la-odisea-de-palermo-para-salvar-al-fortaleza-del-descenso-su-impresionante-racha-y-los-gigantes-que-debera-bajar-para-el-milagro","status":"publish","type":"post","link":"http:\/\/cordobainforma.info\/index.php\/2025\/11\/27\/la-odisea-de-palermo-para-salvar-al-fortaleza-del-descenso-su-impresionante-racha-y-los-gigantes-que-debera-bajar-para-el-milagro\/","title":{"rendered":"La odisea de Palermo para salvar al Fortaleza del descenso: su impresionante racha y los gigantes que deber\u00e1 bajar para el milagro"},"content":{"rendered":"<p><img src=\"http:\/\/cordobainforma.info\/wp-content\/uploads\/2025\/11\/la-odisea-de-palermo-para-salvar-al-fortaleza-del-descenso-su-impresionante-racha-y-los-gigantes-que-debera-bajar-para-el-milagro.jpg\"><\/p>\n<div><img src=\"http:\/\/cordobainforma.info\/wp-content\/uploads\/2025\/11\/la-odisea-de-palermo-para-salvar-al-fortaleza-del-descenso-su-impresionante-racha-y-los-gigantes-que-debera-bajar-para-el-milagro-2.jpg\" class=\"ff-og-image-inserted\"><\/div>\n<div id=\"element-body-0\" readability=\"63\">\n<p><strong>Mart\u00edn Palermo<\/strong> hace camino al andar. Despu\u00e9s de su impresionante carrera como futbolista en la que convirti\u00f3 298 goles, la mayor\u00eda de ellos (236) en <strong>Boca<\/strong> donde adem\u00e1s fue campe\u00f3n de la <strong>Libertadores<\/strong> y de la Intercontinental, el Tit\u00e1n va dando pasos firmes en su carrera como DT. Fue subcampe\u00f3n con Platense en la Argentina, campe\u00f3n con Olimpia en Paraguay y ahora arranc\u00f3 una carrera contra la corriente sumando una catarata de puntos para salvar a <strong>Fortaleza<\/strong> de Brasil del descenso. Y est\u00e1 cerca de lograrlo.<\/p>\n<\/div>\n<div id=\"element-body-1\" readability=\"62\">\n<p>Mart\u00edn Palermo asumi\u00f3 como director t\u00e9cnico de Fortaleza en septiembre de 2025 en reemplaz\u00f3 del portugu\u00e9s Renato Paiva, quien con una victoria en 10 partidos fuera el sucesor de Juan Pablo Vojvoda, el DT con m\u00e1s partidos en la historia del club. El equipo marchaba ante\u00faltimo con 15 puntos y en zona de descenso en el Brasileir\u00e3o.<\/p>\n<\/div>\n<div id=\"element-body-2\" readability=\"60\">\n<p>\u00abEl desaf\u00edo que tenemos como prioridad es dejar a Fortaleza en Primera Divisi\u00f3n y ese es el mayor reto que me sedujo\u00bb, dijo Palermo a su llegada. Pero el arranque fue dif\u00edcil. Y el primer mes de terror. <\/p>\n<\/div>\n<div id=\"element-body-3\" readability=\"58\">\n<p>El exBoca y Estudiantes agarr\u00f3 al club que m\u00e1s partidos hab\u00eda perdido en el campeonato brasile\u00f1o. Y en su primer sus n\u00fameros no cambiaron: gan\u00f3 3 partidos pero perdi\u00f3 los cuatro restantes.<\/p>\n<\/div>\n<div id=\"element-body-4\" readability=\"63\">\n<p>Fortaleza no pierde desde la fecha 29 cuando cay\u00f3 1-0 con Cruzeiro, el equipo de Belo Horizonte que con una gran campa\u00f1a volver\u00e1 a jugar la Copa Libertadores en 2026. Despu\u00e9s, super\u00f3 a Flamengo, meti\u00f3 tres empates (entre ellos antes Santos de Neymar que tambi\u00e9n lucha por mantener la categor\u00eda) y anoche volvi\u00f3 a la victoria ante Bragantino (en puestos de Sudamericana) con gol de Adam Bareiro.<\/p>\n<\/div>\n<div id=\"element-body-5\" readability=\"28.984326018809\">\n<blockquote class=\"twitter-tweet\" readability=\"8.6520376175549\">\n<p lang=\"es\" dir=\"ltr\">EN RACHA<\/p>\n<p>Con el gol de Adam Bareiro\ud83c\uddf5\ud83c\uddfe, Fortaleza derrot\u00f3 1-0 a Bragantino y alcanz\u00f3 37 puntos. Qued\u00f3 a dos de Vit\u00f3ria, el equipo que est\u00e1 fuera de la zona de descenso.<\/p>\n<p>\u26bd\ufe0fEl paraguayo registra 5 goles en las \u00faltimas cinco jornadas.<a href=\"https:\/\/t.co\/RIcoEckh6J\">pic.twitter.com\/RIcoEckh6J<\/a><\/p>\n<p>\u2014 Tigo Sports (@TigoSportsPY) <a href=\"https:\/\/twitter.com\/TigoSportsPY\/status\/1993848288261623987?ref_src=twsrc%5Etfw\">November 27, 2025<\/a><\/p><\/blockquote><\/div>\n<div id=\"element-body-6\" readability=\"58\">\n<p>Fortaleza ocupa el puesto 18 del Brasileirao. Vale recordar: por ahora est\u00e1 en posici\u00f3n de descenso ya que los ubicados entre el 17 y el 20 de la tabla perder\u00e1n la categor\u00eda.<\/p>\n<\/div>\n<div id=\"element-body-7\" readability=\"66\">\n<p>El Tit\u00e1n gan\u00f3 seis partidos de los 14 que dirigi\u00f3, mientras que <strong>en las otras 31 fechas Fortaleza hab\u00eda anotado apenas 3 victorias<\/strong>. Si contin\u00faa con la racha, podr\u00eda salvarse, pero ahora vienen verdaderos pesos pesados: visita al Atl\u00e9tico Mineiro el domingo, recibe a Corinthians el mi\u00e9rcoles 3 de diciembre y cierra el siguiente fin de semana ante Botafogo en R\u00edo. Palermo, que supo de milagros adentro de la cancha, ahora va por un nuevo pero del otro lado de la l\u00ednea de cal.<\/p>\n<\/div>\n","protected":false},"excerpt":{"rendered":"<p>Mart\u00edn Palermo hace camino al andar. Despu\u00e9s de su impresionante carrera como futbolista en la que convirti\u00f3 298 goles, la mayor\u00eda de ellos (236) en Boca donde adem\u00e1s fue campe\u00f3n de la Libertadores y de la Intercontinental, el Tit\u00e1n va dando pasos firmes en su carrera como DT. Fue subcampe\u00f3n con Platense en la Argentina, [&hellip;]<\/p>\n","protected":false},"author":1,"featured_media":175926,"comment_status":"closed","ping_status":"closed","sticky":false,"template":"","format":"standard","meta":[],"categories":[20],"tags":[],"_links":{"self":[{"href":"http:\/\/cordobainforma.info\/index.php\/wp-json\/wp\/v2\/posts\/175925"}],"collection":[{"href":"http:\/\/cordobainforma.info\/index.php\/wp-json\/wp\/v2\/posts"}],"about":[{"href":"http:\/\/cordobainforma.info\/index.php\/wp-json\/wp\/v2\/types\/post"}],"author":[{"embeddable":true,"href":"http:\/\/cordobainforma.info\/index.php\/wp-json\/wp\/v2\/users\/1"}],"replies":[{"embeddable":true,"href":"http:\/\/cordobainforma.info\/index.php\/wp-json\/wp\/v2\/comments?post=175925"}],"version-history":[{"count":0,"href":"http:\/\/cordobainforma.info\/index.php\/wp-json\/wp\/v2\/posts\/175925\/revisions"}],"wp:featuredmedia":[{"embeddable":true,"href":"http:\/\/cordobainforma.info\/index.php\/wp-json\/wp\/v2\/media\/175926"}],"wp:attachment":[{"href":"http:\/\/cordobainforma.info\/index.php\/wp-json\/wp\/v2\/media?parent=175925"}],"wp:term":[{"taxonomy":"category","embeddable":true,"href":"http:\/\/cordobainforma.info\/index.php\/wp-json\/wp\/v2\/categories?post=175925"},{"taxonomy":"post_tag","embeddable":true,"href":"http:\/\/cordobainforma.info\/index.php\/wp-json\/wp\/v2\/tags?post=175925"}],"curies":[{"name":"wp","href":"https:\/\/api.w.org\/{rel}","templated":true}]}}