{"id":175921,"date":"2025-11-27T01:13:23","date_gmt":"2025-11-27T01:13:23","guid":{"rendered":"https:\/\/somoscordobeses.com\/2025\/11\/26\/la-afa-no-sancionaria-a-los-jugadores-de-estudiantes-por-darse-vuelta-ante-rosario-central\/"},"modified":"2025-11-27T01:13:23","modified_gmt":"2025-11-27T01:13:23","slug":"la-afa-no-sancionaria-a-los-jugadores-de-estudiantes-por-darse-vuelta-ante-rosario-central","status":"publish","type":"post","link":"http:\/\/cordobainforma.info\/index.php\/2025\/11\/27\/la-afa-no-sancionaria-a-los-jugadores-de-estudiantes-por-darse-vuelta-ante-rosario-central\/","title":{"rendered":"La AFA no sancionar\u00eda a los jugadores de Estudiantes por darse vuelta ante Rosario Central"},"content":{"rendered":"<div><img src=\"http:\/\/cordobainforma.info\/wp-content\/uploads\/2025\/11\/la-afa-no-sancionaria-a-los-jugadores-de-estudiantes-por-darse-vuelta-ante-rosario-central.jpg\" class=\"ff-og-image-inserted\"><\/div>\n<header readability=\"3\">\n<h2 readability=\"1\">\n<p>El Tribunal de Disciplina determinar\u00eda que los futbolistas del Pincha no cometieron falta, luego de que Juan Sebasti\u00e1n Ver\u00f3n asumiera la responsabilidad. Adem\u00e1s, el esc\u00e1ndalo de los PDF influir\u00eda en lo que ser\u00eda una penalizaci\u00f3n menor a la esperada.<\/p>\n<\/h2>\n<\/header>\n<ul>\n<li>\n<h2> Futbolistas Argentinos Agremiados cuestion\u00f3 el pasillo de espaldas y pidi\u00f3 \u00abrespeto y juego limpio\u00bb <\/h2>\n<\/li>\n<li>\n<h2> Ins\u00f3lito: la AFA falsific\u00f3 un documento para sancionar a Estudiantes por el pasillo de espaldas <\/h2>\n<\/li>\n<\/ul>\n<div>\n<figure readability=\"2\"><figcaption readability=\"4\">\n<p>Los jugadores de Estudiantes no ser\u00edan sancionados por el pasillo. Ma\u00f1ana, la resoluci\u00f3n completa.<\/p>\n<\/figcaption><\/figure>\n<\/div>\n<p>El Tribunal de Disciplina de la <strong>Asociaci\u00f3n del F\u00fatbol Argentino (AFA)<\/strong> habr\u00eda decidido <strong>no sancionar a los jugadores de Estudiantes de La Plata<\/strong> que realizaron el <strong>pasillo de espaldas<\/strong> ante <strong>Rosario Central,<\/strong> cuando el conjunto rosarino festejaba el <strong>pol\u00e9mico t\u00edtulo de \u00abcampe\u00f3n de Liga\u00bb <\/strong>por haber sido el equipo que m\u00e1s puntos sac\u00f3 en el a\u00f1o.<\/p>\n<p>El ente disciplinario hab\u00eda iniciado una investigaci\u00f3n formal por la protesta realizada por el plantel de <strong>Estudiantes<\/strong> en el <strong>Gigante de Arroyito<\/strong>, otorgando 48 horas para que se presentara un descargo por los <strong>12 jugadores<\/strong> que se dieron vuelta durante el ingreso de los futbolistas de <strong>Rosario Central<\/strong>.<\/p>\n<p>Si bien el fallo se emitir\u00e1 oficialmente este jueves, esta noticia se dio a conocer luego de que la instituci\u00f3n Pincha presentara su descargo, en el que <strong>Juan Sebasti\u00e1n Ver\u00f3n<\/strong>, presidente del club, <strong>se hizo cargo de la decisi\u00f3n ante el Tribunal de \u00c9tica y Moral.<\/strong><\/p>\n<figure id=\"8017391-Libre-251219541_wrap\" contenteditable=\"false\" readability=\"2\">\n<p>veron estudiantes.jpg <span onclick=\"parent.parent.TinyMCETdcuerpo.preview_embed('8017391-Libre-251219541')\" id=\"8017391-Libre-251219541_colapse\"> <\/span> <span onclick=\"parent.parent.TinyMCETdcuerpo.delete_embed('8017391-Libre-251219541')\" id=\"8017391-Libre-251219541_delete\"><\/span><\/p><figcaption readability=\"4\">\n<p>En el descargo de Estudiantes, Juan Sebasti\u00e1n Ver\u00f3n asumi\u00f3 la responsabilidad por el pol\u00e9mico pasillo de espaldas.<\/p>\n<p>@EdelpOficial<\/p>\n<\/figcaption><\/figure>\n<p>En su presentaci\u00f3n, Estudiantes explic\u00f3 que la instrucci\u00f3n de darse vuelta en el pasillo fue una <strong>decisi\u00f3n directa del mandatario<\/strong>, con el fin de expresar el desacuerdo institucional por el reconocimiento otorgado al Canalla. As\u00ed, <strong>los jugadores quedaron desligados<\/strong> de una eventual responsabilidad disciplinaria.<\/p>\n<p>Adem\u00e1s, en medio ocurri\u00f3 el esc\u00e1ndalo con los PDF, en el que que la AFA habr\u00eda falsificado un documento para sancionar a Estudiantes por incumplir las reglas del pasillo. Es que el ente mayor del f\u00fatbol argentino comenz\u00f3 a hablar de una penalizaci\u00f3n ampar\u00e1ndose en el <strong>Bolet\u00edn N\u00b06625<\/strong>, cuya fecha databa del <strong>12 de febrero del 2025<\/strong>, y su contenido era sospechosamente hecho \u00aba medida\u00bb de lo ocurrido en el encuentro. Claro, cuando se ingresa a los detalles del <strong>PDF<\/strong> se observa que<strong> fue creado el 23 de noviembre a las 19.21<\/strong>, en pleno encuentro entre el \u201cPincha\u201d y Rosario Central.<\/p>\n<p>Este bochorno fue mencionado en el descargo de la instituci\u00f3n platense, y es tambi\u00e9n un motivo por el cual se cree que la sanci\u00f3n ser\u00eda menos agresiva de lo que se esperaba y <strong>todo podr\u00eda resolverse con una multa econ\u00f3mica.<\/strong><\/p>\n<h2>C\u00f3mo surgi\u00f3 la pol\u00e9mica entre Estudiantes, Rosario Central, la AFA y el pasillo<\/h2>\n<p>Todo el conflicto comenz\u00f3 el jueves pasado, cuando una delegaci\u00f3n de <strong>Rosario Central<\/strong> viaj\u00f3 a Buenos Aires para recibir una copa por haber ganado la tabla anual, un t\u00edtulo que hasta ese momento <strong>ning\u00fan club sab\u00eda que exist\u00eda<\/strong> en la temporada 2025. Los dirigentes hab\u00edan sido convocados para conocer la estructura de los torneos del a\u00f1o pr\u00f3ximo y, en ese contexto, <strong>se les comunic\u00f3 que se otorgar\u00eda un reconocimiento por puntos acumulados<\/strong>, sin anticipar que ser\u00eda considerado una estrella.<\/p>\n<p>Las reacciones no se hicieron esperar. Los hinchas de distintos clubes manifestaron su descontento en redes y responsabilizaron a sus dirigencias por supuestamente haber aprobado el galard\u00f3n. La tensi\u00f3n escal\u00f3 cuando <strong>Estudiantes<\/strong> afirm\u00f3 p\u00fablicamente que <strong>no hubo votaci\u00f3n<\/strong>, mientras que la Liga Profesional aseguraba exactamente lo contrario.<\/p>\n<p>En ese marco, <strong>Pablo Toviggino<\/strong> notific\u00f3 a Estudiantes -tambi\u00e9n a trav\u00e9s de redes sociales y con cierta prepotencia- que<strong> deb\u00eda realizar el pasillo de campe\u00f3n en el Gigante de Arroyito<\/strong>. Luego de d\u00edas de especulaciones, el homenaje se llev\u00f3 a cabo, pero con la particularidad de que los jugadores del Pincha <strong>se dieron vuelta<\/strong> cuando <strong>\u00c1ngel Di Mar\u00eda<\/strong> y compa\u00f1\u00eda salieron a la cancha con la copa.<\/p>\n<p>El \u00e1rbitro <strong>Pablo D\u00f3valo<\/strong> dej\u00f3 asentada la situaci\u00f3n en su informe, se\u00f1alando que el pasillo no se cumpli\u00f3 seg\u00fan lo estipulado en el reglamento, motivo por el cual el Tribunal analiz\u00f3 una posible sanci\u00f3n. Finalmente, <strong>la decisi\u00f3n ser\u00eda no penalizar a los futbolistas.<\/strong><\/p>\n","protected":false},"excerpt":{"rendered":"<p>El Tribunal de Disciplina determinar\u00eda que los futbolistas del Pincha no cometieron falta, luego de que Juan Sebasti\u00e1n Ver\u00f3n asumiera la responsabilidad. Adem\u00e1s, el esc\u00e1ndalo de los PDF influir\u00eda en lo que ser\u00eda una penalizaci\u00f3n menor a la esperada. Futbolistas Argentinos Agremiados cuestion\u00f3 el pasillo de espaldas y pidi\u00f3 \u00abrespeto y juego limpio\u00bb Ins\u00f3lito: la [&hellip;]<\/p>\n","protected":false},"author":1,"featured_media":175922,"comment_status":"closed","ping_status":"closed","sticky":false,"template":"","format":"standard","meta":[],"categories":[20,2],"tags":[],"_links":{"self":[{"href":"http:\/\/cordobainforma.info\/index.php\/wp-json\/wp\/v2\/posts\/175921"}],"collection":[{"href":"http:\/\/cordobainforma.info\/index.php\/wp-json\/wp\/v2\/posts"}],"about":[{"href":"http:\/\/cordobainforma.info\/index.php\/wp-json\/wp\/v2\/types\/post"}],"author":[{"embeddable":true,"href":"http:\/\/cordobainforma.info\/index.php\/wp-json\/wp\/v2\/users\/1"}],"replies":[{"embeddable":true,"href":"http:\/\/cordobainforma.info\/index.php\/wp-json\/wp\/v2\/comments?post=175921"}],"version-history":[{"count":0,"href":"http:\/\/cordobainforma.info\/index.php\/wp-json\/wp\/v2\/posts\/175921\/revisions"}],"wp:featuredmedia":[{"embeddable":true,"href":"http:\/\/cordobainforma.info\/index.php\/wp-json\/wp\/v2\/media\/175922"}],"wp:attachment":[{"href":"http:\/\/cordobainforma.info\/index.php\/wp-json\/wp\/v2\/media?parent=175921"}],"wp:term":[{"taxonomy":"category","embeddable":true,"href":"http:\/\/cordobainforma.info\/index.php\/wp-json\/wp\/v2\/categories?post=175921"},{"taxonomy":"post_tag","embeddable":true,"href":"http:\/\/cordobainforma.info\/index.php\/wp-json\/wp\/v2\/tags?post=175921"}],"curies":[{"name":"wp","href":"https:\/\/api.w.org\/{rel}","templated":true}]}}