{"id":175919,"date":"2025-11-27T01:36:36","date_gmt":"2025-11-27T01:36:36","guid":{"rendered":"https:\/\/somoscordobeses.com\/2025\/11\/26\/facundo-tello-sera-el-arbitro-de-la-final-entre-estudiantes-y-deportivo-madryn-2\/"},"modified":"2025-11-27T01:36:36","modified_gmt":"2025-11-27T01:36:36","slug":"facundo-tello-sera-el-arbitro-de-la-final-entre-estudiantes-y-deportivo-madryn","status":"publish","type":"post","link":"http:\/\/cordobainforma.info\/index.php\/2025\/11\/27\/facundo-tello-sera-el-arbitro-de-la-final-entre-estudiantes-y-deportivo-madryn\/","title":{"rendered":"Facundo Tello ser\u00e1 el \u00e1rbitro de la final entre Estudiantes y Deportivo Madryn"},"content":{"rendered":"<div><img src=\"http:\/\/cordobainforma.info\/wp-content\/uploads\/2025\/11\/facundo-tello-sera-el-arbitro-de-la-final-entre-estudiantes-y-deportivo-madryn.jpg\" class=\"ff-og-image-inserted\"><\/div>\n<p>La Asociaci\u00f3n del F\u00fatbol Argentino confirm\u00f3 oficialmente que <strong>Facundo Tello<\/strong> ser\u00e1 el \u00e1rbitro de la final del pr\u00f3ximo domingo entre <strong>Estudiantes de R\u00edo Cuarto<\/strong> y <strong>Deportivo Madryn<\/strong>, encuentro decisivo que definir\u00e1 el ascenso a la Liga Profesional.&nbsp;<\/p>\n<p>El partido se jugar\u00e1 desde las 17 en el sur del pa\u00eds y tendr\u00e1 a uno de los jueces argentinos de mayor trayectoria internacional al mando, hoy candidato de la AFA a integrar la terna arbitral del pr\u00f3ximo Mundial.<\/p>\n<figure data-tadevel-template=\"web\/multimedia\" data-type=\"photo\"> <\/figure>\n<p>Tello estar\u00e1 acompa\u00f1ado por <strong>Juan Pablo Bellati<\/strong> y <strong>Diego Bonf\u00e1<\/strong> como asistentes, con <strong>Edgardo Zamora<\/strong> como cuarto \u00e1rbitro. En la cabina VAR estar\u00e1n <strong>Nicol\u00e1s Lamolina<\/strong> y <strong>Lucas Germanota<\/strong>. Ser\u00e1 la <strong>segunda final<\/strong> que dirige en la categor\u00eda y la <strong>duod\u00e9cima<\/strong> de su carrera en partidos definitorios, tanto a nivel local como en torneos Conmebol y FIFA.<\/p>\n<p>Adem\u00e1s, el bahiense registra un antecedente con el <strong>\u201cLe\u00f3n\u201d<\/strong>: fue el \u00e1rbitro del duelo ante Talleres por los octavos de la Copa Argentina 2020 (jugado en 2021), en el estadio de Newell\u2019s.<\/p>\n<figure data-tadevel-template=\"web\/multimedia\" data-type=\"photo\"> <\/figure>\n<p>La final no solo define un ascenso: tambi\u00e9n puede significar un cap\u00edtulo hist\u00f3rico para C\u00f3rdoba. <strong>La provincia nunca tuvo cuatro equipos en Primera Divisi\u00f3n al mismo tiempo<\/strong>, y un eventual salto de categor\u00eda de Estudiantes de R\u00edo Cuarto se sumar\u00eda a la presencia de Talleres, Belgrano e Instituto.<\/p>\n","protected":false},"excerpt":{"rendered":"<p>La Asociaci\u00f3n del F\u00fatbol Argentino confirm\u00f3 oficialmente que Facundo Tello ser\u00e1 el \u00e1rbitro de la final del pr\u00f3ximo domingo entre Estudiantes de R\u00edo Cuarto y Deportivo Madryn, encuentro decisivo que definir\u00e1 el ascenso a la Liga Profesional.&nbsp; El partido se jugar\u00e1 desde las 17 en el sur del pa\u00eds y tendr\u00e1 a uno de los [&hellip;]<\/p>\n","protected":false},"author":1,"featured_media":175920,"comment_status":"closed","ping_status":"closed","sticky":false,"template":"","format":"standard","meta":[],"categories":[2],"tags":[],"_links":{"self":[{"href":"http:\/\/cordobainforma.info\/index.php\/wp-json\/wp\/v2\/posts\/175919"}],"collection":[{"href":"http:\/\/cordobainforma.info\/index.php\/wp-json\/wp\/v2\/posts"}],"about":[{"href":"http:\/\/cordobainforma.info\/index.php\/wp-json\/wp\/v2\/types\/post"}],"author":[{"embeddable":true,"href":"http:\/\/cordobainforma.info\/index.php\/wp-json\/wp\/v2\/users\/1"}],"replies":[{"embeddable":true,"href":"http:\/\/cordobainforma.info\/index.php\/wp-json\/wp\/v2\/comments?post=175919"}],"version-history":[{"count":0,"href":"http:\/\/cordobainforma.info\/index.php\/wp-json\/wp\/v2\/posts\/175919\/revisions"}],"wp:featuredmedia":[{"embeddable":true,"href":"http:\/\/cordobainforma.info\/index.php\/wp-json\/wp\/v2\/media\/175920"}],"wp:attachment":[{"href":"http:\/\/cordobainforma.info\/index.php\/wp-json\/wp\/v2\/media?parent=175919"}],"wp:term":[{"taxonomy":"category","embeddable":true,"href":"http:\/\/cordobainforma.info\/index.php\/wp-json\/wp\/v2\/categories?post=175919"},{"taxonomy":"post_tag","embeddable":true,"href":"http:\/\/cordobainforma.info\/index.php\/wp-json\/wp\/v2\/tags?post=175919"}],"curies":[{"name":"wp","href":"https:\/\/api.w.org\/{rel}","templated":true}]}}