{"id":175879,"date":"2025-11-26T15:49:50","date_gmt":"2025-11-26T15:49:50","guid":{"rendered":"http:\/\/cordobainforma.info\/index.php\/2025\/11\/26\/detienen-en-peru-a-una-peligrosa-banda-liderada-por-una-mujer-en-silla-de-ruedas\/"},"modified":"2025-11-26T15:49:50","modified_gmt":"2025-11-26T15:49:50","slug":"detienen-en-peru-a-una-peligrosa-banda-liderada-por-una-mujer-en-silla-de-ruedas","status":"publish","type":"post","link":"http:\/\/cordobainforma.info\/index.php\/2025\/11\/26\/detienen-en-peru-a-una-peligrosa-banda-liderada-por-una-mujer-en-silla-de-ruedas\/","title":{"rendered":"Detienen en Per\u00fa a una peligrosa banda liderada por una mujer en silla de ruedas"},"content":{"rendered":"<p><img src=\"http:\/\/cordobainforma.info\/wp-content\/uploads\/2025\/11\/detienen-en-peru-a-una-peligrosa-banda-liderada-por-una-mujer-en-silla-de-ruedas.jpg\"><\/p>\n<div><img src=\"http:\/\/cordobainforma.info\/wp-content\/uploads\/2025\/11\/detienen-en-peru-a-una-peligrosa-banda-liderada-por-una-mujer-en-silla-de-ruedas-2.jpg\" class=\"ff-og-image-inserted\"><\/div>\n<div class=\"Text-root Text-type_5 ArticleView-text ViewText-root \">\n<p>Un operativo de la Polic\u00eda Nacional de Per\u00fa, realizado en Lima, permiti\u00f3 la <a href=\"https:\/\/trome.com\/actualidad\/policiales\/cercado-de-lima-detienen-a-la-senora-x-y-los-x-men-de-caylloma-acusados-de-vender-droga-video-noticia\/?ref=tr\" target=\"_blank\" rel=\"noopener noreferrer\">detenci\u00f3n<\/a> de la <strong>banda narco<\/strong> conocida como <strong>&#8216;Los X-Men de Caylloma&#8217;<\/strong>. En total, fueron cinco los apresados, entre los que est\u00e1 la supuesta cabecilla de la organizaci\u00f3n, Diana Rodr\u00edguez Tello, de 44 a\u00f1os, alias <strong>&#8216;Se\u00f1ora X&#8217;<\/strong>, seg\u00fan&nbsp;<a href=\"https:\/\/elcomercio.pe\/lima\/policiales\/cercado-de-lima-cae-banda-los-x-men-de-caylloma-liderada-por-mujer-en-silla-de-ruedas-ultimas-noticia\/?ref=ecr\" target=\"_blank\" rel=\"noopener noreferrer\">publicaron<\/a> medios locales.<\/p>\n<p>Al tratar de defenderse, la mujer, que estaba en una silla de ruedas, neg\u00f3 cualquier v\u00ednculo con los otros arrestados y&nbsp;su participaci\u00f3n en actividades de comercializaci\u00f3n de <strong>coca\u00edna y pasta base de coca\u00edna<\/strong> (PBC). Sin embargo, en el operativo realizado en una vivienda, los agentes encontraron centenares de envoltorios de PBC.<\/p>\n<p>La &#8216;Se\u00f1ora X&#8217;&nbsp;agreg\u00f3 que&nbsp;esa droga \u00able fue sembrada\u00bb y acus\u00f3 a sus vecinos de haberla delatado.<\/p>\n<\/div>\n","protected":false},"excerpt":{"rendered":"<p>Un operativo de la Polic\u00eda Nacional de Per\u00fa, realizado en Lima, permiti\u00f3 la detenci\u00f3n de la banda narco conocida como &#8216;Los X-Men de Caylloma&#8217;. En total, fueron cinco los apresados, entre los que est\u00e1 la supuesta cabecilla de la organizaci\u00f3n, Diana Rodr\u00edguez Tello, de 44 a\u00f1os, alias &#8216;Se\u00f1ora X&#8217;, seg\u00fan&nbsp;publicaron medios locales. Al tratar de [&hellip;]<\/p>\n","protected":false},"author":1,"featured_media":175880,"comment_status":"closed","ping_status":"closed","sticky":false,"template":"","format":"standard","meta":[],"categories":[22],"tags":[],"_links":{"self":[{"href":"http:\/\/cordobainforma.info\/index.php\/wp-json\/wp\/v2\/posts\/175879"}],"collection":[{"href":"http:\/\/cordobainforma.info\/index.php\/wp-json\/wp\/v2\/posts"}],"about":[{"href":"http:\/\/cordobainforma.info\/index.php\/wp-json\/wp\/v2\/types\/post"}],"author":[{"embeddable":true,"href":"http:\/\/cordobainforma.info\/index.php\/wp-json\/wp\/v2\/users\/1"}],"replies":[{"embeddable":true,"href":"http:\/\/cordobainforma.info\/index.php\/wp-json\/wp\/v2\/comments?post=175879"}],"version-history":[{"count":0,"href":"http:\/\/cordobainforma.info\/index.php\/wp-json\/wp\/v2\/posts\/175879\/revisions"}],"wp:featuredmedia":[{"embeddable":true,"href":"http:\/\/cordobainforma.info\/index.php\/wp-json\/wp\/v2\/media\/175880"}],"wp:attachment":[{"href":"http:\/\/cordobainforma.info\/index.php\/wp-json\/wp\/v2\/media?parent=175879"}],"wp:term":[{"taxonomy":"category","embeddable":true,"href":"http:\/\/cordobainforma.info\/index.php\/wp-json\/wp\/v2\/categories?post=175879"},{"taxonomy":"post_tag","embeddable":true,"href":"http:\/\/cordobainforma.info\/index.php\/wp-json\/wp\/v2\/tags?post=175879"}],"curies":[{"name":"wp","href":"https:\/\/api.w.org\/{rel}","templated":true}]}}