{"id":175864,"date":"2025-11-26T14:55:45","date_gmt":"2025-11-26T14:55:45","guid":{"rendered":"https:\/\/playfmradio.com\/?p=13043"},"modified":"2025-11-26T14:55:45","modified_gmt":"2025-11-26T14:55:45","slug":"faltan-80-dias-para-cosquin-rock-2026-arranca-la-cuenta-regresiva-del-festival-mas-querido-del-pais","status":"publish","type":"post","link":"http:\/\/cordobainforma.info\/index.php\/2025\/11\/26\/faltan-80-dias-para-cosquin-rock-2026-arranca-la-cuenta-regresiva-del-festival-mas-querido-del-pais\/","title":{"rendered":"FALTAN 80 D\u00cdAS PARA COSQU\u00cdN ROCK 2026: ARRANCA LA CUENTA REGRESIVA DEL FESTIVAL M\u00c1S QUERIDO DEL PA\u00cdS"},"content":{"rendered":"<p>La emoci\u00f3n empieza a sentirse: faltan solo 80 d\u00edas para que Cosqu\u00edn Rock 2026 vuelva a encender las sierras cordobesas. El festival m\u00e1s hist\u00f3rico y diverso de la m\u00fasica argentina tendr\u00e1 lugar el 14 y 15 de febrero de 2026 en el Aer\u00f3dromo Santa Mar\u00eda de Punilla, y todo<br \/>indica que ser\u00e1 una edici\u00f3n gigante.<\/p>\n<p><strong>M\u00daSICA, MONTA\u00d1AS Y MEMORIAS: COSQU\u00cdN ROCK 2026 TE ESPERA<\/strong><br \/>Cosqu\u00edn Rock 2026 llega con m\u00e1s de 100 artistas confirmados y una combinaci\u00f3n de estilos que define a la nueva escena del pa\u00eds, sin perder la tradici\u00f3n rockera que lo vio nacer.<br \/><img loading=\"lazy\" fetchpriority=\"high\" decoding=\"async\" src=\"http:\/\/cordobainforma.info\/wp-content\/uploads\/2025\/11\/faltan-80-dias-para-cosquin-rock-2026-arranca-la-cuenta-regresiva-del-festival-mas-querido-del-pais.png\" alt width=\"300\" height=\"169\" class=\"alignnone size-medium wp-image-13046\" srcset=\"http:\/\/cordobainforma.info\/wp-content\/uploads\/2025\/11\/faltan-80-dias-para-cosquin-rock-2026-arranca-la-cuenta-regresiva-del-festival-mas-querido-del-pais.png 300w, http:\/\/cordobainforma.info\/wp-content\/uploads\/2025\/11\/faltan-80-dias-para-cosquin-rock-2026-arranca-la-cuenta-regresiva-del-festival-mas-querido-del-pais-1.png 1024w, http:\/\/cordobainforma.info\/wp-content\/uploads\/2025\/11\/faltan-80-dias-para-cosquin-rock-2026-arranca-la-cuenta-regresiva-del-festival-mas-querido-del-pais-2.png 768w, http:\/\/cordobainforma.info\/wp-content\/uploads\/2025\/11\/faltan-80-dias-para-cosquin-rock-2026-arranca-la-cuenta-regresiva-del-festival-mas-querido-del-pais-3.png 1536w, http:\/\/cordobainforma.info\/wp-content\/uploads\/2025\/11\/faltan-80-dias-para-cosquin-rock-2026-arranca-la-cuenta-regresiva-del-festival-mas-querido-del-pais-4.png 1920w\" sizes=\"(max-width: 300px) 100vw, 300px\"><br \/>Entre los nombres m\u00e1s destacados aparecen:<br \/>Internacionales:<br \/>Franz Ferdinand, The Chemical Brothers (DJ set), Devendra Banhart, Los Hermanos Guti\u00e9rrez, Morat, La Vela Puerca y otros artistas que llegan para ampliar el sonido del festival.<\/p>\n<p>Nacionales:<br \/>Divididos, Babas\u00f3nicos, Fito P\u00e1ez, Ciro y Los Persas, Las Pastillas del Abuelo, Airbag, Dillom, Marilina Bertoldi, Abel Pintos, Las Pelotas, Los Caligaris, Viejas Locas (Fachi y Abel), Turf y una larga lista que combina consagrados con artistas en pleno crecimiento.<br \/>Una edici\u00f3n que mezcla distintas generaciones de m\u00fasicos y una programaci\u00f3n amplia, s\u00f3lida y curada con identidad, como Cosqu\u00edn sabe hacer.<\/p>\n<p><strong>UNA PROPUESTA QUE TRASCIENDE LO MUSICAL<\/strong><br \/>Cosqu\u00edn Rock no es solo un festival: es un encuentro que forma parte del verano argentino. Su mezcla de p\u00fablico, paisaje serrano, organizaci\u00f3n y energ\u00eda colectiva lo convierten en una experiencia que los asistentes recuerdan a\u00f1o tras a\u00f1o.<br \/>Los organizadores anticipan escenarios renovados, propuestas gastron\u00f3micas ampliadas, zonas de experiencia y un dise\u00f1o de producci\u00f3n pensado para disfrutar el festival de forma c\u00f3moda y fluida.<\/p>\n<p><strong>POR QU\u00c9 ESTA EDICI\u00d3N PROMETE<\/strong><br \/>\u25cf La grilla es amplia, diversa y equilibrada entre cl\u00e1sicos y nuevas figuras.<br \/>\u25cf El festival viene creciendo sin perder su esencia, agregando propuestas sin resignar identidad.<br \/>\u25cf El marco de Punilla y la m\u00edstica del p\u00fablico cordob\u00e9s siguen siendo un diferencial \u00fanico.<br \/>\u25cf La combinaci\u00f3n de verano, sierras y m\u00fasica convierte cada edici\u00f3n en una cita imperdible.<br \/>La cuenta regresiva ya empez\u00f3. Faltan 80 d\u00edas para volver a vivir el esp\u00edritu Cosqu\u00edn Rock en uno de los escenarios m\u00e1s emblem\u00e1ticos del pa\u00eds.<\/p>\n<p> <!-- AUTHOR PART ========================= --> <!-- AUTHOR PART END ========================= --> <\/p>\n","protected":false},"excerpt":{"rendered":"<p>La emoci\u00f3n empieza a sentirse: faltan solo 80 d\u00edas para que Cosqu\u00edn Rock 2026 vuelva a encender las sierras cordobesas. El festival m\u00e1s hist\u00f3rico y diverso de la m\u00fasica argentina tendr\u00e1 lugar el 14 y 15 de febrero de 2026 en el Aer\u00f3dromo Santa Mar\u00eda de Punilla, y todoindica que ser\u00e1 una edici\u00f3n gigante. M\u00daSICA, [&hellip;]<\/p>\n","protected":false},"author":1,"featured_media":175865,"comment_status":"closed","ping_status":"closed","sticky":false,"template":"","format":"standard","meta":[],"categories":[23,2],"tags":[],"_links":{"self":[{"href":"http:\/\/cordobainforma.info\/index.php\/wp-json\/wp\/v2\/posts\/175864"}],"collection":[{"href":"http:\/\/cordobainforma.info\/index.php\/wp-json\/wp\/v2\/posts"}],"about":[{"href":"http:\/\/cordobainforma.info\/index.php\/wp-json\/wp\/v2\/types\/post"}],"author":[{"embeddable":true,"href":"http:\/\/cordobainforma.info\/index.php\/wp-json\/wp\/v2\/users\/1"}],"replies":[{"embeddable":true,"href":"http:\/\/cordobainforma.info\/index.php\/wp-json\/wp\/v2\/comments?post=175864"}],"version-history":[{"count":0,"href":"http:\/\/cordobainforma.info\/index.php\/wp-json\/wp\/v2\/posts\/175864\/revisions"}],"wp:featuredmedia":[{"embeddable":true,"href":"http:\/\/cordobainforma.info\/index.php\/wp-json\/wp\/v2\/media\/175865"}],"wp:attachment":[{"href":"http:\/\/cordobainforma.info\/index.php\/wp-json\/wp\/v2\/media?parent=175864"}],"wp:term":[{"taxonomy":"category","embeddable":true,"href":"http:\/\/cordobainforma.info\/index.php\/wp-json\/wp\/v2\/categories?post=175864"},{"taxonomy":"post_tag","embeddable":true,"href":"http:\/\/cordobainforma.info\/index.php\/wp-json\/wp\/v2\/tags?post=175864"}],"curies":[{"name":"wp","href":"https:\/\/api.w.org\/{rel}","templated":true}]}}