{"id":173526,"date":"2025-11-06T13:43:10","date_gmt":"2025-11-06T13:43:10","guid":{"rendered":"http:\/\/cordobainforma.info\/index.php\/2025\/11\/06\/parece-que-va-en-pijama-polemica-por-atuendo-de-directora-de-la-guardia-civil-espanola-en-acto-conmemorativo\/"},"modified":"2025-11-06T13:43:10","modified_gmt":"2025-11-06T13:43:10","slug":"parece-que-va-en-pijama-polemica-por-atuendo-de-directora-de-la-guardia-civil-espanola-en-acto-conmemorativo","status":"publish","type":"post","link":"http:\/\/cordobainforma.info\/index.php\/2025\/11\/06\/parece-que-va-en-pijama-polemica-por-atuendo-de-directora-de-la-guardia-civil-espanola-en-acto-conmemorativo\/","title":{"rendered":"\u00abParece que va en pijama\u00bb: pol\u00e9mica por atuendo de directora de la Guardia Civil espa\u00f1ola en acto conmemorativo"},"content":{"rendered":"<p><img src=\"http:\/\/cordobainforma.info\/wp-content\/uploads\/2025\/11\/parece-que-va-en-pijama-polemica-por-atuendo-de-directora-de-la-guardia-civil-espanola-en-acto-conmemorativo.jpg\"><\/p>\n<div><img src=\"http:\/\/cordobainforma.info\/wp-content\/uploads\/2025\/11\/parece-que-va-en-pijama-polemica-por-atuendo-de-directora-de-la-guardia-civil-espanola-en-acto-conmemorativo-2.jpg\" class=\"ff-og-image-inserted\"><\/div>\n<div class=\"Text-root Text-type_5 ArticleView-text ViewText-root \">\n<p>Una <a href=\"https:\/\/www.ondacero.es\/noticias\/sociedad\/polemica-vestimenta-directora-guardia-civil-acto-homenaje-victimas-parece-pijama_20251105690b94705d5dad37ab7f62a7.html\" target=\"_blank\" rel=\"noopener noreferrer\">pol\u00e9mica<\/a> se desat\u00f3 en Espa\u00f1a&nbsp;por la vestimenta&nbsp;de la directora general de la Guardia Civil durante un acto para honrar a los miembros de la instituci\u00f3n ca\u00eddos en cumplimiento de su deber. En las redes sociales afirmaron que fue \u00abinapropiada\u00bb y que <strong>parec\u00eda \u00abun pijama\u00bb<\/strong>.<\/p>\n<p>Fue durante la ceremonia que se realiz\u00f3 este lunes en Madrid que Mercedes Gonz\u00e1lez Fern\u00e1ndez se visti\u00f3 con un su\u00e9ter verde y un <strong>pantal\u00f3n a cuadros, en tonos verdes y blancos<\/strong>. Estas&nbsp;prendas no tardaron en generar pol\u00e9mica en las redes sociales.<\/p>\n<p>Una de las cr\u00edticas lleg\u00f3 de parte del sindicato Jusapol Pa\u00eds Vasco. \u00ab<strong>Vergonzosa vestimenta<\/strong> de la directora de la Guardia Civil en el homenaje a los guardias civiles ca\u00eddos en acto de servicio. Luego ves a los guardias civiles, cada uno con una uniformidad diferente, y compruebas el <strong>desprestigio de esta instituci\u00f3n en manos socialistas<\/strong>\u00ab, public\u00f3.<\/p>\n<div class=\"EmbedBlock-root EmbedBlock-twitter\">\n<div class=\"TwitterEmbed\">\n<blockquote class=\"twitter-tweet\" data-twitter=\"twitter-tweet\">\n<p lang=\"es\" dir=\"ltr\">Vergonzosa vestimenta de la Directora de la Guardia Civil en el homenaje a los guardias civiles ca\u00eddos en acto de servicio.Luego ves a los guardias civiles, cada uno con una uniformidad diferente y compruebas el desprestigio de esta instituci\u00f3n en manos socialistas. <a href=\"https:\/\/t.co\/6V8cPDH6yC\">pic.twitter.com\/6V8cPDH6yC<\/a><\/p>\n<p>\u2014 Jusapol Pa\u00eds Vasco (@jusapoleuskadi) <a href=\"https:\/\/twitter.com\/jusapoleuskadi\/status\/1985986527843766714?ref_src=twsrc%5Etfw\">November 5, 2025<\/a><\/p><\/blockquote>\n<\/div>\n<\/div>\n<p>Los mensajes contra la vestimenta de la funcionaria se multiplicaron y muchos usuarios <a href=\"https:\/\/x.com\/Con_sentio\/status\/1986054439908548919\" target=\"_blank\" rel=\"noopener noreferrer\">afirmaron<\/a> que se parec\u00eda a un <strong>\u00abpijama\u00bb<\/strong>. <strong>\u00abEspa\u00f1a es un meme\u00bb<\/strong>, <a href=\"https:\/\/x.com\/DaniWolv\/status\/1986093148288725414\" target=\"_blank\" rel=\"noopener noreferrer\">sum\u00f3<\/a> otro internauta.<\/p>\n<p>Incluso, medios locales recogieron el <a href=\"https:\/\/www.esdiario.com\/chismografo\/251106\/171603\/directora-guardia-civil-pijama-primark-acto-guardias-caidos.html\" target=\"_blank\" rel=\"noopener noreferrer\">testimonio<\/a> de un familiar de un agente ca\u00eddo, que expres\u00f3 que \u00abno se puede homenajear a quienes dieron su vida por Espa\u00f1a vestida como si salieras a hacer la compra\u00bb.<\/p>\n<\/div>\n","protected":false},"excerpt":{"rendered":"<p>Una pol\u00e9mica se desat\u00f3 en Espa\u00f1a&nbsp;por la vestimenta&nbsp;de la directora general de la Guardia Civil durante un acto para honrar a los miembros de la instituci\u00f3n ca\u00eddos en cumplimiento de su deber. En las redes sociales afirmaron que fue \u00abinapropiada\u00bb y que parec\u00eda \u00abun pijama\u00bb. Fue durante la ceremonia que se realiz\u00f3 este lunes en [&hellip;]<\/p>\n","protected":false},"author":1,"featured_media":173527,"comment_status":"closed","ping_status":"closed","sticky":false,"template":"","format":"standard","meta":[],"categories":[22],"tags":[],"_links":{"self":[{"href":"http:\/\/cordobainforma.info\/index.php\/wp-json\/wp\/v2\/posts\/173526"}],"collection":[{"href":"http:\/\/cordobainforma.info\/index.php\/wp-json\/wp\/v2\/posts"}],"about":[{"href":"http:\/\/cordobainforma.info\/index.php\/wp-json\/wp\/v2\/types\/post"}],"author":[{"embeddable":true,"href":"http:\/\/cordobainforma.info\/index.php\/wp-json\/wp\/v2\/users\/1"}],"replies":[{"embeddable":true,"href":"http:\/\/cordobainforma.info\/index.php\/wp-json\/wp\/v2\/comments?post=173526"}],"version-history":[{"count":0,"href":"http:\/\/cordobainforma.info\/index.php\/wp-json\/wp\/v2\/posts\/173526\/revisions"}],"wp:featuredmedia":[{"embeddable":true,"href":"http:\/\/cordobainforma.info\/index.php\/wp-json\/wp\/v2\/media\/173527"}],"wp:attachment":[{"href":"http:\/\/cordobainforma.info\/index.php\/wp-json\/wp\/v2\/media?parent=173526"}],"wp:term":[{"taxonomy":"category","embeddable":true,"href":"http:\/\/cordobainforma.info\/index.php\/wp-json\/wp\/v2\/categories?post=173526"},{"taxonomy":"post_tag","embeddable":true,"href":"http:\/\/cordobainforma.info\/index.php\/wp-json\/wp\/v2\/tags?post=173526"}],"curies":[{"name":"wp","href":"https:\/\/api.w.org\/{rel}","templated":true}]}}