{"id":173524,"date":"2025-11-06T13:45:18","date_gmt":"2025-11-06T13:45:18","guid":{"rendered":"http:\/\/cordobainforma.info\/index.php\/2025\/11\/06\/rusia-sentencia-a-mercenario-colombiano-y-lo-declara-en-busqueda-internacional\/"},"modified":"2025-11-06T13:45:18","modified_gmt":"2025-11-06T13:45:18","slug":"rusia-sentencia-a-mercenario-colombiano-y-lo-declara-en-busqueda-internacional","status":"publish","type":"post","link":"http:\/\/cordobainforma.info\/index.php\/2025\/11\/06\/rusia-sentencia-a-mercenario-colombiano-y-lo-declara-en-busqueda-internacional\/","title":{"rendered":"Rusia sentencia a mercenario colombiano y lo declara en b\u00fasqueda internacional"},"content":{"rendered":"<p><img src=\"http:\/\/cordobainforma.info\/wp-content\/uploads\/2025\/11\/rusia-sentencia-a-mercenario-colombiano-y-lo-declara-en-busqueda-internacional.jpg\"><\/p>\n<p>Un mercenario colombiano que lucha del lado ucraniano ha sido condenado a 13,5 a\u00f1os de prisi\u00f3n en ausencia por un tribunal ruso.&nbsp;<\/p>\n<p>El ciudadano colombiano Kevin Javier Ram\u00edrez Nieto \u00abha sido declarado culpable de cometer el delito previsto en el art\u00edculo 359, apartado 3, del C\u00f3digo Penal de la Federaci\u00f3n de Rusia (<strong>mercenarismo<\/strong>)\u00bb, <a href=\"https:\/\/sledcom.ru\/news\/item\/2033880\/\" target=\"_blank\" rel=\"noopener noreferrer\">comunic\u00f3<\/a>&nbsp;el Comit\u00e9 de Investigaci\u00f3n de Rusia.<\/p>\n<div class=\"ReadMore-root Section-root Section-is1to3-xs_is1to1\" data-widgets=\"ReadMore\">\n<div class=\"Section-container Section-isRow-isTop-isWrap\">\n<article class=\"Card-root Card-is1to1 Card-default \">\n<div class=\"Card-imageWrap\">\n<div class=\"Card-picture\"> <picture class=\"Picture-root Picture-default\"><!--[if IE 9]><video style=\"display: none;\"><![endif]--><source media=\"(-webkit-min-device-pixel-ratio: 2) and (min-resolution: 120dpi)\" srcset=\"http:\/\/cordobainforma.info\/wp-content\/uploads\/2025\/11\/rusia-sentencia-a-mercenario-colombiano-y-lo-declara-en-busqueda-internacional-2.jpg 850w, http:\/\/cordobainforma.info\/wp-content\/uploads\/2025\/11\/rusia-sentencia-a-mercenario-colombiano-y-lo-declara-en-busqueda-internacional-3.jpg 1960w\"><source srcset=\"http:\/\/cordobainforma.info\/wp-content\/uploads\/2025\/11\/rusia-sentencia-a-mercenario-colombiano-y-lo-declara-en-busqueda-internacional-2.jpg, https:\/\/actualidad.rt.com\/actualidad\/460, http:\/\/cordobainforma.info\/wp-content\/uploads\/2025\/11\/rusia-sentencia-a-mercenario-colombiano-y-lo-declara-en-busqueda-internacional-3.jpg 980w\"><!--[if IE 9]><\/video><![endif]--><img data-sizes=\"auto\" src=\"http:\/\/cordobainforma.info\/wp-content\/uploads\/2025\/11\/rusia-sentencia-a-mercenario-colombiano-y-lo-declara-en-busqueda-internacional-2.jpg\" class=\"Picture-root Picture-default lazyload\" alt=\"Colombia advierte del reclutamiento de mercenarios para librar &quot;batallas ajenas en otros pa\u00edses&quot;\"><\/picture><!-- noscript pattern --><noscript><img src=\"http:\/\/cordobainforma.info\/wp-content\/uploads\/2025\/11\/rusia-sentencia-a-mercenario-colombiano-y-lo-declara-en-busqueda-internacional-3.jpg\" alt=\"Colombia advierte del reclutamiento de mercenarios para librar &quot;batallas ajenas en otros pa\u00edses&quot;\"><\/noscript> <\/div><\/div>\n<\/article><\/div><\/div>\n<p>Se estableci\u00f3 que Ram\u00edrez Nieto lleg\u00f3 a Ucrania en agosto de 2023, donde se alist\u00f3 voluntariamente en las filas de una formaci\u00f3n armada.<\/p>\n<p>El colombiano recibi\u00f3 el <strong>entrenamiento militar<\/strong> necesario antes de participar como mercenario, a cambio de una remuneraci\u00f3n econ\u00f3mica, en <strong>acciones b\u00e9licas contra militares rusos<\/strong>.<\/p>\n<p>Se determin\u00f3 que Ram\u00edrez form\u00f3 parte de la <strong>59.\u00aa Brigada Motorizada<\/strong>&nbsp;Separada del Ej\u00e9rcito de Tierra ucraniano.<\/p>\n<p>Ha sido declarado en b\u00fasqueda y captura internacional.<\/p>\n<p>Esta semana, el medio alem\u00e1n Welt <a href=\"https:\/\/www.welt.de\/politik\/ausland\/article68efbfbddbad4b72062ae960\/ukraine-die-ukraine-rekrutiert-tausende-kolumbianer-fuer-die-front-aus-personalnot.html\" target=\"_blank\" rel=\"noopener noreferrer\">inform\u00f3<\/a>&nbsp;de un alto porcentaje de mercenarios colombianos en las fuerzas ucranianas, situando su n\u00famero en unos 2.000.&nbsp;<\/p>\n<p>De acuerdo con el medio, la afluencia de colombianos es tan grande, que existen<strong>&nbsp;compa\u00f1\u00edas compuestas en su mayor\u00eda por combatientes&nbsp;del pa\u00eds sudamericano<\/strong><\/p>\n<ul>\n<li>El presidente de Colombia, Gustavo Petro, que ha&nbsp;<a href=\"https:\/\/esrt.space\/actualidad\/558076-forma-robar-petro-condena-mercenarismo-ucrania\" target=\"_blank\" rel=\"nofollow noopener noreferrer\">condenado<\/a>&nbsp;en m\u00faltiples ocasiones el involucramiento de soldados de su pa\u00eds en conflictos ajenos,&nbsp;<a href=\"https:\/\/actualidad.rt.com\/actualidad\/567898-petro-ucranianos-tratar-colombianos-raza-inferior\" target=\"_blank\" rel=\"nofollow noopener noreferrer\">denunci\u00f3<\/a>&nbsp;que \u00ablos ucranianos<strong>&nbsp;tratan a los colombianos como raza inferior<\/strong>\u00ab, a\u00f1adiendo que los mercenarios, son llevados al pa\u00eds eslavo como \u00abcarne de ca\u00f1\u00f3n\u00bb.<\/li>\n<\/ul>\n","protected":false},"excerpt":{"rendered":"<p>Un mercenario colombiano que lucha del lado ucraniano ha sido condenado a 13,5 a\u00f1os de prisi\u00f3n en ausencia por un tribunal ruso.&nbsp; El ciudadano colombiano Kevin Javier Ram\u00edrez Nieto \u00abha sido declarado culpable de cometer el delito previsto en el art\u00edculo 359, apartado 3, del C\u00f3digo Penal de la Federaci\u00f3n de Rusia (mercenarismo)\u00bb, comunic\u00f3&nbsp;el Comit\u00e9 [&hellip;]<\/p>\n","protected":false},"author":1,"featured_media":173525,"comment_status":"closed","ping_status":"closed","sticky":false,"template":"","format":"standard","meta":[],"categories":[22],"tags":[],"_links":{"self":[{"href":"http:\/\/cordobainforma.info\/index.php\/wp-json\/wp\/v2\/posts\/173524"}],"collection":[{"href":"http:\/\/cordobainforma.info\/index.php\/wp-json\/wp\/v2\/posts"}],"about":[{"href":"http:\/\/cordobainforma.info\/index.php\/wp-json\/wp\/v2\/types\/post"}],"author":[{"embeddable":true,"href":"http:\/\/cordobainforma.info\/index.php\/wp-json\/wp\/v2\/users\/1"}],"replies":[{"embeddable":true,"href":"http:\/\/cordobainforma.info\/index.php\/wp-json\/wp\/v2\/comments?post=173524"}],"version-history":[{"count":0,"href":"http:\/\/cordobainforma.info\/index.php\/wp-json\/wp\/v2\/posts\/173524\/revisions"}],"wp:featuredmedia":[{"embeddable":true,"href":"http:\/\/cordobainforma.info\/index.php\/wp-json\/wp\/v2\/media\/173525"}],"wp:attachment":[{"href":"http:\/\/cordobainforma.info\/index.php\/wp-json\/wp\/v2\/media?parent=173524"}],"wp:term":[{"taxonomy":"category","embeddable":true,"href":"http:\/\/cordobainforma.info\/index.php\/wp-json\/wp\/v2\/categories?post=173524"},{"taxonomy":"post_tag","embeddable":true,"href":"http:\/\/cordobainforma.info\/index.php\/wp-json\/wp\/v2\/tags?post=173524"}],"curies":[{"name":"wp","href":"https:\/\/api.w.org\/{rel}","templated":true}]}}