{"id":173215,"date":"2025-11-03T16:41:26","date_gmt":"2025-11-03T16:41:26","guid":{"rendered":"https:\/\/somoscordobeses.com\/2025\/11\/03\/consulado-movil-colombiano-atendera-en-cordoba-capital-durante-tres-dias-detalles\/"},"modified":"2025-11-03T16:41:26","modified_gmt":"2025-11-03T16:41:26","slug":"consulado-movil-colombiano-atendera-en-cordoba-capital-durante-tres-dias-detalles","status":"publish","type":"post","link":"http:\/\/cordobainforma.info\/index.php\/2025\/11\/03\/consulado-movil-colombiano-atendera-en-cordoba-capital-durante-tres-dias-detalles\/","title":{"rendered":"Consulado M\u00f3vil colombiano atender\u00e1 en C\u00f3rdoba Capital durante tres d\u00edas: detalles"},"content":{"rendered":"<div><img src=\"http:\/\/cordobainforma.info\/wp-content\/uploads\/2025\/11\/consulado-movil-colombiano-atendera-en-cordoba-capital-durante-tres-dias-detalles.jpg\" class=\"ff-og-image-inserted\"><\/div>\n<p>La <strong>Municipalidad de C\u00f3rdoba<\/strong> llevar\u00e1 adelante una nueva edici\u00f3n del <mark><strong>\u201cConsulado M\u00f3vil\u201d<\/strong><\/mark> junto a la <strong>delegaci\u00f3n diplom\u00e1tica de Colombia<\/strong>. El operativo se desarrollar\u00e1 los d\u00edas <mark><strong>5, 6 y 7 de noviembre, de 9:00 a 15:00 horas<\/strong><\/mark>, en el <strong>Centro de Atenci\u00f3n a Personas Migrantes y Refugiadas (CAPeM)<\/strong>, ubicado en Caseros 356.<\/p>\n<p>La iniciativa busca acercar los servicios consulares a la comunidad colombiana residente en C\u00f3rdoba Capital, evitando traslados a otras provincias. Durante las tres jornadas, se podr\u00e1n gestionar diversos tr\u00e1mites como:&nbsp;<\/p>\n<ul>\n<li>Expedici\u00f3n de pasaportes.<\/li>\n<li>Expedici\u00f3n de c\u00e9dula por primera vez y duplicados.<\/li>\n<li>Apostillas.<\/li>\n<li>Reconocimiento de firmas.<\/li>\n<li>Autorizaciones de salida de menor.<\/li>\n<li>Retiro de documentos.<\/li>\n<li>Solicitud de antecedentes judiciales con fines migratorios.<\/li>\n<li>Orientaci\u00f3n general en materia consular.<\/li>\n<\/ul>\n<p>Tambi\u00e9n se brindar\u00e1 orientaci\u00f3n general en materia consular. Para acceder a la atenci\u00f3n es necesario <mark><strong>solicitar turno previo<\/strong><\/mark> a trav\u00e9s del <strong>enlace oficial<\/strong> del consulado.<\/p>\n<p>Quienes deban retirar documentos gestionados en Buenos Aires podr\u00e1n hacerlo inscribi\u00e9ndose hasta el domingo 2 de noviembre mediante un <strong>formulario en l\u00ednea<\/strong><strong>.<\/strong> Por consultas, se debe escribir a <strong><a href=\"https:\/\/somoscordobeses.com\/cdn-cgi\/l\/email-protection\" class=\"__cf_email__\" data-cfemail=\"7d1e1f081813120e1c140f180e3d1e1c131e141111180f141c531a120b531e12\">[email&nbsp;protected]<\/a><\/strong> con el asunto \u201cConsulta Consulado M\u00f3vil\u201d.<\/p>\n","protected":false},"excerpt":{"rendered":"<p>La Municipalidad de C\u00f3rdoba llevar\u00e1 adelante una nueva edici\u00f3n del \u201cConsulado M\u00f3vil\u201d junto a la delegaci\u00f3n diplom\u00e1tica de Colombia. El operativo se desarrollar\u00e1 los d\u00edas 5, 6 y 7 de noviembre, de 9:00 a 15:00 horas, en el Centro de Atenci\u00f3n a Personas Migrantes y Refugiadas (CAPeM), ubicado en Caseros 356. La iniciativa busca acercar [&hellip;]<\/p>\n","protected":false},"author":1,"featured_media":173216,"comment_status":"closed","ping_status":"closed","sticky":false,"template":"","format":"standard","meta":[],"categories":[2],"tags":[],"_links":{"self":[{"href":"http:\/\/cordobainforma.info\/index.php\/wp-json\/wp\/v2\/posts\/173215"}],"collection":[{"href":"http:\/\/cordobainforma.info\/index.php\/wp-json\/wp\/v2\/posts"}],"about":[{"href":"http:\/\/cordobainforma.info\/index.php\/wp-json\/wp\/v2\/types\/post"}],"author":[{"embeddable":true,"href":"http:\/\/cordobainforma.info\/index.php\/wp-json\/wp\/v2\/users\/1"}],"replies":[{"embeddable":true,"href":"http:\/\/cordobainforma.info\/index.php\/wp-json\/wp\/v2\/comments?post=173215"}],"version-history":[{"count":0,"href":"http:\/\/cordobainforma.info\/index.php\/wp-json\/wp\/v2\/posts\/173215\/revisions"}],"wp:featuredmedia":[{"embeddable":true,"href":"http:\/\/cordobainforma.info\/index.php\/wp-json\/wp\/v2\/media\/173216"}],"wp:attachment":[{"href":"http:\/\/cordobainforma.info\/index.php\/wp-json\/wp\/v2\/media?parent=173215"}],"wp:term":[{"taxonomy":"category","embeddable":true,"href":"http:\/\/cordobainforma.info\/index.php\/wp-json\/wp\/v2\/categories?post=173215"},{"taxonomy":"post_tag","embeddable":true,"href":"http:\/\/cordobainforma.info\/index.php\/wp-json\/wp\/v2\/tags?post=173215"}],"curies":[{"name":"wp","href":"https:\/\/api.w.org\/{rel}","templated":true}]}}