{"id":173175,"date":"2025-11-03T13:08:59","date_gmt":"2025-11-03T13:08:59","guid":{"rendered":"http:\/\/cordobainforma.info\/index.php\/2025\/11\/03\/toda-italia-colapsara-zajarova-comenta-el-derrumbe-de-una-torre-en-roma-y-el-apoyo-a-ucrania\/"},"modified":"2025-11-03T13:08:59","modified_gmt":"2025-11-03T13:08:59","slug":"toda-italia-colapsara-zajarova-comenta-el-derrumbe-de-una-torre-en-roma-y-el-apoyo-a-ucrania","status":"publish","type":"post","link":"http:\/\/cordobainforma.info\/index.php\/2025\/11\/03\/toda-italia-colapsara-zajarova-comenta-el-derrumbe-de-una-torre-en-roma-y-el-apoyo-a-ucrania\/","title":{"rendered":"\u00abToda Italia colapsar\u00e1\u00bb: Zaj\u00e1rova comenta el derrumbe de una torre en Roma y el apoyo a Ucrania"},"content":{"rendered":"<p><img src=\"http:\/\/cordobainforma.info\/wp-content\/uploads\/2025\/11\/toda-italia-colapsara-zajarova-comenta-el-derrumbe-de-una-torre-en-roma-y-el-apoyo-a-ucrania.jpg\"><\/p>\n<p>La portavoz del Ministerio de Relaciones Exteriores ruso, Mar\u00eda Zaj\u00e1rova, ha comentado la noticia sobre el <a href=\"https:\/\/actualidad.rt.com\/actualidad\/571543-derrumbarse-parte-torre-medieval-centro-roma\" target=\"_blank\" rel=\"nofollow noopener noreferrer\">derrumbe<\/a> de&nbsp;una parte de la medieval Torre del Conde en el centro de Roma (Italia).<\/p>\n<div class=\"ReadMore-root Section-root Section-is1to3-xs_is1to1\" data-widgets=\"ReadMore\">\n<div class=\"Section-container Section-isRow-isTop-isWrap\">\n<article class=\"Card-root Card-is1to1 Card-default \">\n<div class=\"Card-imageWrap\">\n<div class=\"Card-picture\"> <picture class=\"Picture-root Picture-default\"><!--[if IE 9]><video style=\"display: none;\"><![endif]--><source media=\"(-webkit-min-device-pixel-ratio: 2) and (min-resolution: 120dpi)\" srcset=\"http:\/\/cordobainforma.info\/wp-content\/uploads\/2025\/11\/toda-italia-colapsara-zajarova-comenta-el-derrumbe-de-una-torre-en-roma-y-el-apoyo-a-ucrania-2.jpg 850w, http:\/\/cordobainforma.info\/wp-content\/uploads\/2025\/11\/toda-italia-colapsara-zajarova-comenta-el-derrumbe-de-una-torre-en-roma-y-el-apoyo-a-ucrania-3.jpg 1960w\"><source srcset=\"http:\/\/cordobainforma.info\/wp-content\/uploads\/2025\/11\/toda-italia-colapsara-zajarova-comenta-el-derrumbe-de-una-torre-en-roma-y-el-apoyo-a-ucrania-2.jpg, https:\/\/actualidad.rt.com\/actualidad\/460, http:\/\/cordobainforma.info\/wp-content\/uploads\/2025\/11\/toda-italia-colapsara-zajarova-comenta-el-derrumbe-de-una-torre-en-roma-y-el-apoyo-a-ucrania-3.jpg 980w\"><!--[if IE 9]><\/video><![endif]--><img data-sizes=\"auto\" src=\"http:\/\/cordobainforma.info\/wp-content\/uploads\/2025\/11\/toda-italia-colapsara-zajarova-comenta-el-derrumbe-de-una-torre-en-roma-y-el-apoyo-a-ucrania-2.jpg\" class=\"Picture-root Picture-default lazyload\" alt=\"Se derrumba parte de una torre medieval en el centro de Roma (VIDEOS)\"><\/picture><!-- noscript pattern --><noscript><img src=\"http:\/\/cordobainforma.info\/wp-content\/uploads\/2025\/11\/toda-italia-colapsara-zajarova-comenta-el-derrumbe-de-una-torre-en-roma-y-el-apoyo-a-ucrania-3.jpg\" alt=\"Se derrumba parte de una torre medieval en el centro de Roma (VIDEOS)\"><\/noscript> <\/div><\/div>\n<\/article><\/div><\/div>\n<p>\u00abRecuerdo que en mayo de este a\u00f1o, el Ministerio de Exteriores de Italia inform\u00f3 que &#8216;el apoyo italiano a Ucrania, incluyendo ayuda militar y contribuciones pagadas a trav\u00e9s de los mecanismos de la Uni\u00f3n Europea, <strong>asciende a unos 2.500 millones de euros<\/strong>, de los cuales alrededor de 1.000 millones son para refugiados, 310 millones para apoyar el presupuesto estatal y 93 millones para actividades humanitarias'\u00bb, <a href=\"https:\/\/t.me\/MariaVladimirovnaZakharova\/11688\" target=\"_blank\" rel=\"nofollow noopener noreferrer\">escribi\u00f3<\/a>&nbsp;la vocera.<\/p>\n<p>\u00abMientras el Gobierno italiano <strong>contin\u00fae gastando in\u00fatilmente<\/strong> el dinero de sus contribuyentes, toda Italia colapsar\u00e1 por completo: desde su econom\u00eda hasta sus torres\u00bb, se\u00f1al\u00f3.<\/p>\n<p>El&nbsp;suceso ocurri\u00f3 este lunes, dejando a un grupo de trabajadores atrapados bajo los escombros. Aunque posteriormente fueron rescatados por bomberos, al menos cuatro obreros resultaron heridos, incluido uno de 64 a\u00f1os que tuvo que ser trasladado al hospital en estado cr\u00edtico.<\/p>\n<p>Durante las labores de rescate, <a href=\"https:\/\/www.romatoday.it\/cronaca\/video-crollo-torre-dei-conti-roma-oggi-3-novembre-2025.html\" target=\"_blank\" rel=\"nofollow noopener noreferrer\">se produjo<\/a> un segundo derrumbe que afect\u00f3 a los bomberos que intentaban liberar a un trabajador que a\u00fan permanec\u00eda atrapado bajo los escombros. No se reportaron m\u00e1s heridos.<\/p>\n","protected":false},"excerpt":{"rendered":"<p>La portavoz del Ministerio de Relaciones Exteriores ruso, Mar\u00eda Zaj\u00e1rova, ha comentado la noticia sobre el derrumbe de&nbsp;una parte de la medieval Torre del Conde en el centro de Roma (Italia). \u00abRecuerdo que en mayo de este a\u00f1o, el Ministerio de Exteriores de Italia inform\u00f3 que &#8216;el apoyo italiano a Ucrania, incluyendo ayuda militar y [&hellip;]<\/p>\n","protected":false},"author":1,"featured_media":173176,"comment_status":"closed","ping_status":"closed","sticky":false,"template":"","format":"standard","meta":[],"categories":[22],"tags":[],"_links":{"self":[{"href":"http:\/\/cordobainforma.info\/index.php\/wp-json\/wp\/v2\/posts\/173175"}],"collection":[{"href":"http:\/\/cordobainforma.info\/index.php\/wp-json\/wp\/v2\/posts"}],"about":[{"href":"http:\/\/cordobainforma.info\/index.php\/wp-json\/wp\/v2\/types\/post"}],"author":[{"embeddable":true,"href":"http:\/\/cordobainforma.info\/index.php\/wp-json\/wp\/v2\/users\/1"}],"replies":[{"embeddable":true,"href":"http:\/\/cordobainforma.info\/index.php\/wp-json\/wp\/v2\/comments?post=173175"}],"version-history":[{"count":0,"href":"http:\/\/cordobainforma.info\/index.php\/wp-json\/wp\/v2\/posts\/173175\/revisions"}],"wp:featuredmedia":[{"embeddable":true,"href":"http:\/\/cordobainforma.info\/index.php\/wp-json\/wp\/v2\/media\/173176"}],"wp:attachment":[{"href":"http:\/\/cordobainforma.info\/index.php\/wp-json\/wp\/v2\/media?parent=173175"}],"wp:term":[{"taxonomy":"category","embeddable":true,"href":"http:\/\/cordobainforma.info\/index.php\/wp-json\/wp\/v2\/categories?post=173175"},{"taxonomy":"post_tag","embeddable":true,"href":"http:\/\/cordobainforma.info\/index.php\/wp-json\/wp\/v2\/tags?post=173175"}],"curies":[{"name":"wp","href":"https:\/\/api.w.org\/{rel}","templated":true}]}}