{"id":172870,"date":"2025-10-15T18:10:59","date_gmt":"2025-10-15T18:10:59","guid":{"rendered":"https:\/\/cordobabeat.com\/?p=13297"},"modified":"2025-10-15T18:10:59","modified_gmt":"2025-10-15T18:10:59","slug":"premios-ceiya-conoce-a-los-djs-y-productores-de-la-escena-electronica-cordobesa-nominados","status":"publish","type":"post","link":"http:\/\/cordobainforma.info\/index.php\/2025\/10\/15\/premios-ceiya-conoce-a-los-djs-y-productores-de-la-escena-electronica-cordobesa-nominados\/","title":{"rendered":"Premios CEIyA: Conoc\u00e9 a los DJs y productores de la escena electr\u00f3nica cordobesa nominados"},"content":{"rendered":"<div><img src=\"http:\/\/cordobainforma.info\/wp-content\/uploads\/2025\/11\/premios-ceiya-conoce-a-los-djs-y-productores-de-la-escena-electronica-cordobesa-nominados.jpg\" class=\"ff-og-image-inserted\"><\/div>\n<p><span>La&nbsp;<\/span><b>C\u00e1mara de la Industria del Espect\u00e1culo y Afines de C\u00f3rdoba (CIEyA)<\/b><span>&nbsp;vuelve a reconocer el talento local con una nueva entrega de sus premios, que a\u00f1o tras a\u00f1o ponen en valor a los m\u00fasicos y m\u00fasicas de la provincia.&nbsp;<\/span><\/p>\n<p><span>En una importante tarea de&nbsp;<\/span><b>visibilizar la diversidad art\u00edstica<\/b><span>&nbsp;que conforma la cultura cordobesa, la C\u00e1mara celebra una velada donde se distinguir\u00e1n a representantes de todos los g\u00e9neros \u2014desde el cuarteto, el rock y el folklore hasta la m\u00fasica electr\u00f3nica\u2014 que habitan y dan vida a nuestra escena musical.<\/span><\/p>\n<p><span>En su&nbsp;<\/span><b>quinta edici\u00f3n<\/b><span>, los&nbsp;<\/span><b>Premios<\/b><span>&nbsp;<\/span><a href=\"https:\/\/premioscieya.com.ar\/\" target=\"_blank\" rel=\"noopener noreferrer\">ya abrieron las votaciones&nbsp;<\/a><span>y convocan a la comunidad a apoyar a sus artistas favoritos. En el caso de la m\u00fasica electr\u00f3nica, la edici\u00f3n 2025 vuelve a abrir el espacio para los DJs y productores que impulsan el crecimiento del g\u00e9nero en C\u00f3rdoba, con&nbsp;<\/span><b>dos categor\u00edas dedicadas exclusivamente al sonido electr\u00f3nico.<\/b><\/p>\n","protected":false},"excerpt":{"rendered":"<p>La&nbsp;C\u00e1mara de la Industria del Espect\u00e1culo y Afines de C\u00f3rdoba (CIEyA)&nbsp;vuelve a reconocer el talento local con una nueva entrega de sus premios, que a\u00f1o tras a\u00f1o ponen en valor a los m\u00fasicos y m\u00fasicas de la provincia.&nbsp; En una importante tarea de&nbsp;visibilizar la diversidad art\u00edstica&nbsp;que conforma la cultura cordobesa, la C\u00e1mara celebra una velada [&hellip;]<\/p>\n","protected":false},"author":1,"featured_media":172871,"comment_status":"closed","ping_status":"closed","sticky":false,"template":"","format":"standard","meta":[],"categories":[24],"tags":[],"_links":{"self":[{"href":"http:\/\/cordobainforma.info\/index.php\/wp-json\/wp\/v2\/posts\/172870"}],"collection":[{"href":"http:\/\/cordobainforma.info\/index.php\/wp-json\/wp\/v2\/posts"}],"about":[{"href":"http:\/\/cordobainforma.info\/index.php\/wp-json\/wp\/v2\/types\/post"}],"author":[{"embeddable":true,"href":"http:\/\/cordobainforma.info\/index.php\/wp-json\/wp\/v2\/users\/1"}],"replies":[{"embeddable":true,"href":"http:\/\/cordobainforma.info\/index.php\/wp-json\/wp\/v2\/comments?post=172870"}],"version-history":[{"count":0,"href":"http:\/\/cordobainforma.info\/index.php\/wp-json\/wp\/v2\/posts\/172870\/revisions"}],"wp:featuredmedia":[{"embeddable":true,"href":"http:\/\/cordobainforma.info\/index.php\/wp-json\/wp\/v2\/media\/172871"}],"wp:attachment":[{"href":"http:\/\/cordobainforma.info\/index.php\/wp-json\/wp\/v2\/media?parent=172870"}],"wp:term":[{"taxonomy":"category","embeddable":true,"href":"http:\/\/cordobainforma.info\/index.php\/wp-json\/wp\/v2\/categories?post=172870"},{"taxonomy":"post_tag","embeddable":true,"href":"http:\/\/cordobainforma.info\/index.php\/wp-json\/wp\/v2\/tags?post=172870"}],"curies":[{"name":"wp","href":"https:\/\/api.w.org\/{rel}","templated":true}]}}