{"id":172168,"date":"2025-10-26T01:55:24","date_gmt":"2025-10-26T01:55:24","guid":{"rendered":"https:\/\/somoscordobeses.com\/2025\/10\/25\/murio-un-motociclista-tras-un-choque-con-dos-autos-en-traslasierra\/"},"modified":"2025-10-26T01:55:24","modified_gmt":"2025-10-26T01:55:24","slug":"murio-un-motociclista-tras-un-choque-con-dos-autos-en-traslasierra","status":"publish","type":"post","link":"http:\/\/cordobainforma.info\/index.php\/2025\/10\/26\/murio-un-motociclista-tras-un-choque-con-dos-autos-en-traslasierra\/","title":{"rendered":"Muri\u00f3 un motociclista tras un choque con dos autos en Traslasierra"},"content":{"rendered":"<div><img src=\"http:\/\/cordobainforma.info\/wp-content\/uploads\/2025\/10\/murio-un-motociclista-tras-un-choque-con-dos-autos-en-traslasierra.jpg\" class=\"ff-og-image-inserted\"><\/div>\n<p>Un motociclista perdi\u00f3 la vida este s\u00e1bado por la tarde en un tr\u00e1gico accidente ocurrido sobre la ruta provincial 14, a la altura del kil\u00f3metro 103, entre las localidades de Nono y Las Rabonas.<\/p>\n<p>Seg\u00fan informaron fuentes policiales, el siniestro vial involucr\u00f3 una motocicleta Yamaha FZ y dos autom\u00f3viles: un Volkswagen Polo conducido por un joven de 23 a\u00f1os y un Volkswagen Gol Trend al mando de un hombre de 51.<\/p>\n<p>Por motivos que a\u00fan se investigan, los veh\u00edculos colisionaron y el conductor de la moto \u2014un hombre mayor de edad\u2014 falleci\u00f3 en el lugar. Personal m\u00e9dico constat\u00f3 el deceso y se dispuso un corte preventivo con desv\u00edo del tr\u00e1nsito por un camino alternativo mientras trabajaban los peritos.<\/p>\n<p>La Fiscal\u00eda de Villa Dolores investiga las circunstancias en que se produjo el hecho.<\/p>\n","protected":false},"excerpt":{"rendered":"<p>Un motociclista perdi\u00f3 la vida este s\u00e1bado por la tarde en un tr\u00e1gico accidente ocurrido sobre la ruta provincial 14, a la altura del kil\u00f3metro 103, entre las localidades de Nono y Las Rabonas. Seg\u00fan informaron fuentes policiales, el siniestro vial involucr\u00f3 una motocicleta Yamaha FZ y dos autom\u00f3viles: un Volkswagen Polo conducido por un [&hellip;]<\/p>\n","protected":false},"author":1,"featured_media":172169,"comment_status":"closed","ping_status":"closed","sticky":false,"template":"","format":"standard","meta":[],"categories":[2],"tags":[],"_links":{"self":[{"href":"http:\/\/cordobainforma.info\/index.php\/wp-json\/wp\/v2\/posts\/172168"}],"collection":[{"href":"http:\/\/cordobainforma.info\/index.php\/wp-json\/wp\/v2\/posts"}],"about":[{"href":"http:\/\/cordobainforma.info\/index.php\/wp-json\/wp\/v2\/types\/post"}],"author":[{"embeddable":true,"href":"http:\/\/cordobainforma.info\/index.php\/wp-json\/wp\/v2\/users\/1"}],"replies":[{"embeddable":true,"href":"http:\/\/cordobainforma.info\/index.php\/wp-json\/wp\/v2\/comments?post=172168"}],"version-history":[{"count":0,"href":"http:\/\/cordobainforma.info\/index.php\/wp-json\/wp\/v2\/posts\/172168\/revisions"}],"wp:featuredmedia":[{"embeddable":true,"href":"http:\/\/cordobainforma.info\/index.php\/wp-json\/wp\/v2\/media\/172169"}],"wp:attachment":[{"href":"http:\/\/cordobainforma.info\/index.php\/wp-json\/wp\/v2\/media?parent=172168"}],"wp:term":[{"taxonomy":"category","embeddable":true,"href":"http:\/\/cordobainforma.info\/index.php\/wp-json\/wp\/v2\/categories?post=172168"},{"taxonomy":"post_tag","embeddable":true,"href":"http:\/\/cordobainforma.info\/index.php\/wp-json\/wp\/v2\/tags?post=172168"}],"curies":[{"name":"wp","href":"https:\/\/api.w.org\/{rel}","templated":true}]}}