{"id":172131,"date":"2025-10-25T11:46:51","date_gmt":"2025-10-25T11:46:51","guid":{"rendered":"http:\/\/cordobainforma.info\/index.php\/2025\/10\/25\/un-tesla-maniobra-con-calma-ante-un-avion-que-se-cruza-en-su-camino-video\/"},"modified":"2025-10-25T11:46:51","modified_gmt":"2025-10-25T11:46:51","slug":"un-tesla-maniobra-con-calma-ante-un-avion-que-se-cruza-en-su-camino-video","status":"publish","type":"post","link":"http:\/\/cordobainforma.info\/index.php\/2025\/10\/25\/un-tesla-maniobra-con-calma-ante-un-avion-que-se-cruza-en-su-camino-video\/","title":{"rendered":"Un Tesla maniobra con calma ante un avi\u00f3n que se cruza en su camino (VIDEO)"},"content":{"rendered":"<p><img src=\"http:\/\/cordobainforma.info\/wp-content\/uploads\/2025\/10\/un-tesla-maniobra-con-calma-ante-un-avion-que-se-cruza-en-su-camino-video.jpg\"> <img alt=\"Preview\" style=\"float:left\" src=\"http:\/\/cordobainforma.info\/wp-content\/uploads\/2025\/10\/un-tesla-maniobra-con-calma-ante-un-avion-que-se-cruza-en-su-camino-video.jpg\" \/> Un avi\u00f3n Skyrider II de la Fuerza A\u00e9rea de EE.UU. realiz\u00f3 un aterrizaje de emergencia en una carretera de Oklahoma. La aeronave pas\u00f3 a pocos metros de un coche Tesla y su conductor tuvo que realizar una brusca maniobra para esquivarla. Las im\u00e1genes fueron grabadas por las c\u00e1maras del Tesla. <\/p>\n","protected":false},"excerpt":{"rendered":"<p>Un avi\u00f3n Skyrider II de la Fuerza A\u00e9rea de EE.UU. realiz\u00f3 un aterrizaje de emergencia en una carretera de Oklahoma. La aeronave pas\u00f3 a pocos metros de un coche Tesla y su conductor tuvo que realizar una brusca maniobra para esquivarla. Las im\u00e1genes fueron grabadas por las c\u00e1maras del Tesla.<\/p>\n","protected":false},"author":1,"featured_media":172132,"comment_status":"closed","ping_status":"closed","sticky":false,"template":"","format":"standard","meta":[],"categories":[22],"tags":[],"_links":{"self":[{"href":"http:\/\/cordobainforma.info\/index.php\/wp-json\/wp\/v2\/posts\/172131"}],"collection":[{"href":"http:\/\/cordobainforma.info\/index.php\/wp-json\/wp\/v2\/posts"}],"about":[{"href":"http:\/\/cordobainforma.info\/index.php\/wp-json\/wp\/v2\/types\/post"}],"author":[{"embeddable":true,"href":"http:\/\/cordobainforma.info\/index.php\/wp-json\/wp\/v2\/users\/1"}],"replies":[{"embeddable":true,"href":"http:\/\/cordobainforma.info\/index.php\/wp-json\/wp\/v2\/comments?post=172131"}],"version-history":[{"count":0,"href":"http:\/\/cordobainforma.info\/index.php\/wp-json\/wp\/v2\/posts\/172131\/revisions"}],"wp:featuredmedia":[{"embeddable":true,"href":"http:\/\/cordobainforma.info\/index.php\/wp-json\/wp\/v2\/media\/172132"}],"wp:attachment":[{"href":"http:\/\/cordobainforma.info\/index.php\/wp-json\/wp\/v2\/media?parent=172131"}],"wp:term":[{"taxonomy":"category","embeddable":true,"href":"http:\/\/cordobainforma.info\/index.php\/wp-json\/wp\/v2\/categories?post=172131"},{"taxonomy":"post_tag","embeddable":true,"href":"http:\/\/cordobainforma.info\/index.php\/wp-json\/wp\/v2\/tags?post=172131"}],"curies":[{"name":"wp","href":"https:\/\/api.w.org\/{rel}","templated":true}]}}