{"id":172129,"date":"2025-10-25T12:00:29","date_gmt":"2025-10-25T12:00:29","guid":{"rendered":"http:\/\/cordobainforma.info\/index.php\/2025\/10\/25\/fuerte-video-muere-al-impactar-contra-un-muro-cuando-viajaba-colgado-del-exterior-de-un-tren\/"},"modified":"2025-10-25T12:00:29","modified_gmt":"2025-10-25T12:00:29","slug":"fuerte-video-muere-al-impactar-contra-un-muro-cuando-viajaba-colgado-del-exterior-de-un-tren","status":"publish","type":"post","link":"http:\/\/cordobainforma.info\/index.php\/2025\/10\/25\/fuerte-video-muere-al-impactar-contra-un-muro-cuando-viajaba-colgado-del-exterior-de-un-tren\/","title":{"rendered":"FUERTE VIDEO: Muere al impactar contra un muro cuando viajaba colgado del exterior de un tren"},"content":{"rendered":"<p><img src=\"http:\/\/cordobainforma.info\/wp-content\/uploads\/2025\/10\/fuerte-video-muere-al-impactar-contra-un-muro-cuando-viajaba-colgado-del-exterior-de-un-tren.jpg\"><\/p>\n<div><img src=\"http:\/\/cordobainforma.info\/wp-content\/uploads\/2025\/10\/fuerte-video-muere-al-impactar-contra-un-muro-cuando-viajaba-colgado-del-exterior-de-un-tren-2.jpg\" class=\"ff-og-image-inserted\"><\/div>\n<div class=\"Text-root Text-type_5 ArticleView-text ViewText-root \">\n<p>Un hombre perdi\u00f3 la vida este viernes&nbsp;en la L\u00ednea 1 del Tren Ligero de la ciudad mexicana de Guadalajara&nbsp;tras golpearse contra la estructura del t\u00fanel y caer a las v\u00edas mientras viajaba colgado del exterior de un vag\u00f3n, <a href=\"https:\/\/www.milenio.com\/policia\/accidente-tren-ligero-guadalajara-causa-cierre\" target=\"_blank\" rel=\"nofollow noopener noreferrer\">informa<\/a> la prensa local.<\/p>\n<p>En un video que circula en redes sociales se observa a la v\u00edctima colgando por fuera de la ventana, con la cabeza introducida en el interior del vag\u00f3n. Al entrar el tren al tramo subterr\u00e1neo, el hombre impact\u00f3 contra el muro del t\u00fanel y cay\u00f3, mientras la ventana se hac\u00eda pedazos.<\/p>\n<p><strong><em>ADVERTENCIA: LAS SIGUIENTES IM\u00c1GENES PUEDEN HERIR SU SENSIBILIDAD&nbsp;<\/em><\/strong><\/p>\n<p>El hecho provoc\u00f3 la suspensi\u00f3n temporal del servicio en dicha l\u00ednea.<\/p>\n<\/div>\n","protected":false},"excerpt":{"rendered":"<p>Un hombre perdi\u00f3 la vida este viernes&nbsp;en la L\u00ednea 1 del Tren Ligero de la ciudad mexicana de Guadalajara&nbsp;tras golpearse contra la estructura del t\u00fanel y caer a las v\u00edas mientras viajaba colgado del exterior de un vag\u00f3n, informa la prensa local. En un video que circula en redes sociales se observa a la v\u00edctima [&hellip;]<\/p>\n","protected":false},"author":1,"featured_media":172130,"comment_status":"closed","ping_status":"closed","sticky":false,"template":"","format":"standard","meta":[],"categories":[22],"tags":[],"_links":{"self":[{"href":"http:\/\/cordobainforma.info\/index.php\/wp-json\/wp\/v2\/posts\/172129"}],"collection":[{"href":"http:\/\/cordobainforma.info\/index.php\/wp-json\/wp\/v2\/posts"}],"about":[{"href":"http:\/\/cordobainforma.info\/index.php\/wp-json\/wp\/v2\/types\/post"}],"author":[{"embeddable":true,"href":"http:\/\/cordobainforma.info\/index.php\/wp-json\/wp\/v2\/users\/1"}],"replies":[{"embeddable":true,"href":"http:\/\/cordobainforma.info\/index.php\/wp-json\/wp\/v2\/comments?post=172129"}],"version-history":[{"count":0,"href":"http:\/\/cordobainforma.info\/index.php\/wp-json\/wp\/v2\/posts\/172129\/revisions"}],"wp:featuredmedia":[{"embeddable":true,"href":"http:\/\/cordobainforma.info\/index.php\/wp-json\/wp\/v2\/media\/172130"}],"wp:attachment":[{"href":"http:\/\/cordobainforma.info\/index.php\/wp-json\/wp\/v2\/media?parent=172129"}],"wp:term":[{"taxonomy":"category","embeddable":true,"href":"http:\/\/cordobainforma.info\/index.php\/wp-json\/wp\/v2\/categories?post=172129"},{"taxonomy":"post_tag","embeddable":true,"href":"http:\/\/cordobainforma.info\/index.php\/wp-json\/wp\/v2\/tags?post=172129"}],"curies":[{"name":"wp","href":"https:\/\/api.w.org\/{rel}","templated":true}]}}