{"id":172123,"date":"2025-10-25T10:38:44","date_gmt":"2025-10-25T10:38:44","guid":{"rendered":"https:\/\/www.mujerhoy.com\/moda\/no-te-pierdas\/reina-letizia-visita-pueblo-ejemplar-asturias-zapatos-pedro-garcia-20251025122628-nt.html"},"modified":"2025-10-25T10:38:44","modified_gmt":"2025-10-25T10:38:44","slug":"la-reina-letizia-en-la-visita-al-pueblo-ejemplar-de-asturias-cardigan-azul-y-el-guino-a-su-zapatero-de-confianza","status":"publish","type":"post","link":"http:\/\/cordobainforma.info\/index.php\/2025\/10\/25\/la-reina-letizia-en-la-visita-al-pueblo-ejemplar-de-asturias-cardigan-azul-y-el-guino-a-su-zapatero-de-confianza\/","title":{"rendered":"La reina Letizia en la visita al Pueblo Ejemplar de Asturias: c\u00e1rdigan azul y el gui\u00f1o a su zapatero de confianza"},"content":{"rendered":"<div class=\"media_block\"><\/div>\n<p><!-- AUTHOR --><\/p>\n<div class=\"voc-author-timesocial \">\n<!-- AUTHOR --><\/p>\n<div class=\"voc-author-timesocial__signature \">\n<!-- IMAGE AUTHOR -->\n<picture class=\"voc-image-signature\">\n<img class=\"voc-image-signature__img\" src=\"http:\/\/cordobainforma.info\/wp-content\/uploads\/2025\/10\/la-reina-letizia-en-la-visita-al-pueblo-ejemplar-de-asturias-cardigan-azul-y-el-guino-a-su-zapatero-de-confianza.jpg\" alt=\"Carla Dom\u00ednguez\">\n<\/picture>\n<!-- INFO AUTHOR --> <\/div><\/div>\n<p><!-- COMPONENTS --><\/p>\n<p class=\"voc-paragraph\">La <strong>reina Letizia<\/strong> vuelve a casa, y eso siempre se nota. Despu\u00e9s de convertirse en una de las grandes protagonistas de <a href=\"https:\/\/www.mujerhoy.com\/moda\/no-te-pierdas\/looks-invitadas-premios-princesa-asturias-2025-sandra-gago-paloma-rocasolano-20251024181610-nt.html\" data-voc-vtm-id=\"in-text-traffic\" title=\"los Premios Princesa de Asturias 2025\" data-mrf-link=\"www.mujerhoy.com\">los Premios Princesa de Asturias 2025<\/a> gracias a su espectacular <a href=\"https:\/\/www.mujerhoy.com\/moda\/no-te-pierdas\/reina-letizia-estrena-vestido-negro-transparencias-premios-princesa-asturias-20251024184528-nt.html\" data-voc-vtm-id=\"in-text-traffic\" title=\"vestido negro con transparencias firmado por Sybilla\" data-mrf-link=\"www.mujerhoy.com\">vestido negro con transparencias firmado por Sybilla<\/a>, la monarca ha vuelto a cambiar de registro para asistir a una de las citas m\u00e1s emotivas de su agenda: la entrega del Premio al Pueblo Ejemplar de Asturias.<\/p>\n<p class=\"voc-paragraph\">En esta edici\u00f3n, <a href=\"https:\/\/www.mujerhoy.com\/vivir\/ocio\/valdesoto-pueblo-ejemplar-asturias-2025-que-ver-comer-letizia-20251025124820-nt.html\" data-voc-vtm-id=\"in-text-traffic\" title=\"el galard\u00f3n ha reca\u00eddo en Valdesoto,\" data-mrf-link=\"www.mujerhoy.com\">el galard\u00f3n ha reca\u00eddo en Valdesoto,<\/a> una parroquia del concejo de Siero que toma el relevo de Sotres, el pueblo premiado en 2024. Una localidad que encarna a la perfecci\u00f3n el esp\u00edritu del reconocimiento: <strong>la defensa del entorno natural<\/strong>, la conservaci\u00f3n del patrimonio y el compromiso de sus vecinos con la vida comunitaria.<\/p>\n<div class=\"v-c-cmp v-c-cmp--t1 \">\n<div class=\"v-cmp-rld v-cmp-rld--2 \">\n<div class=\"v-cnt-m v-cnt-m--m\">\n<div class=\"v-cnt-m__c\">\n<div class=\"v-cnt-m__w v-cnt-m__w--1\">\n<p class=\"v-cnt-m__t\">\nTAMBI\u00c9N TE INTERESA\n<\/p>\n<\/div>\n<\/div>\n<\/div>\n<div class=\"v-g v-g--2-c v-g--bdr-min-xs\">\n<div class=\"v-g__c \">\n<article class=\"v-a v-a--cmp-rld v-a--cmp-rld-2 v-a--p-l\">\n<div class=\"v-a-img-c\">\n<figure class=\"v-a-fig\">\n<a href=\"https:\/\/www.mujerhoy.com\/celebrities\/realeza\/letizia-oscura-premios-princesa-asturias-leonor-rebelde-sofia-incomoda-20251025004943-nt.html#vtm_modulosEngag=mod-rel:moda:noticia:1:cmp:2-not\" class=\"v-a-link\" title=\"Aciertos y retos de Leonor en la entrega de los Premios Princesa de Asturias: despedidas, discursos y el poder secreto de Letizia\"><br \/>\n<img loading=\"lazy\" class=\"v-a-img\" src=\"http:\/\/cordobainforma.info\/wp-content\/uploads\/2025\/10\/la-reina-letizia-en-la-visita-al-pueblo-ejemplar-de-asturias-cardigan-azul-y-el-guino-a-su-zapatero-de-confianza-1.jpg\" alt=\"Aciertos y retos de Leonor en la entrega de los Premios Princesa de Asturias: despedidas, discursos y el poder secreto de Letizia\"><br \/>\n<\/a><br \/>\n<\/figure>\n<\/div>\n<\/article>\n<\/div>\n<div class=\"v-g__c \">\n<article class=\"v-a v-a--cmp-rld v-a--cmp-rld-2 v-a--p-l\">\n<div class=\"v-a-img-c\">\n<figure class=\"v-a-fig\">\n<a href=\"https:\/\/www.mujerhoy.com\/celebrities\/realeza\/reina-sofia-mejor-vestida-premios-princesa-asturias-traje-blanco-dorado-20251024192159-nt.html#vtm_modulosEngag=mod-rel:moda:noticia:2:cmp:2-not\" class=\"v-a-link\" title=\"Por qu\u00e9 la reina Sof\u00eda es la mejor vestida de la familia real en los Premios Princesa de Asturias: juega en otra liga\"><br \/>\n<img loading=\"lazy\" class=\"v-a-img\" src=\"http:\/\/cordobainforma.info\/wp-content\/uploads\/2025\/10\/la-reina-letizia-en-la-visita-al-pueblo-ejemplar-de-asturias-cardigan-azul-y-el-guino-a-su-zapatero-de-confianza-2.jpg\" alt=\"Por qu\u00e9 la reina Sof\u00eda es la mejor vestida de la familia real en los Premios Princesa de Asturias: juega en otra liga\"><br \/>\n<\/a><br \/>\n<\/figure>\n<\/div>\n<\/article>\n<\/div>\n<\/div>\n<\/div>\n<\/div>\n<p><h3 class=\"v-cmp-suh\">\nEl look de la reina Letizia en Valdesoto: zapatos de suela track y fiel al color azul marino<br \/>\n<\/h3>\n<\/p>\n<p class=\"voc-paragraph\">La historia del <strong>Pueblo Ejemplar de Asturias se remonta a 1990<\/strong>, coincidiendo con el d\u00e9cimo aniversario de la Fundaci\u00f3n Princesa de Asturias. Desde entonces, esta distinci\u00f3n ha buscado reconocer a aquellas <strong>comunidades que destacan por su esfuerzo colectivo<\/strong> y su contribuci\u00f3n a preservar las ra\u00edces culturales y medioambientales de la regi\u00f3n.<\/p>\n<p class=\"voc-paragraph\">Se trata, adem\u00e1s, de una de las jornadas m\u00e1s especiales para <strong>la reina Letizia,<\/strong> que siempre ha mostrado un v\u00ednculo profundo con su tierra natal. En este acto se la ve m\u00e1s relajada, cercana y sonriente, en contacto directo con los vecinos, en <strong>un ambiente muy distinto al de la gala del Teatro Campoamor.<\/strong><\/p>\n<div class=\"v-c-cmp \">\n<div class=\"v-cmp-m v-cmp-m--t1\">\n<article class=\"v-a v-a--cmp-m v-c-cmp--m-p\">\n<div class=\"v-a-img-c v-a-img-c--fw-xs\">\n<div class=\"v-a-fig\">\n<div class=\"v-a-link\">\n<img loading=\"lazy\" src=\"http:\/\/cordobainforma.info\/wp-content\/uploads\/2025\/10\/la-reina-letizia-en-la-visita-al-pueblo-ejemplar-de-asturias-cardigan-azul-y-el-guino-a-su-zapatero-de-confianza-3.jpg\" class=\"v-a-img\" width=\"650\" height=\"975\" alt=\"La reina Letizia junto al rey Felipe VI y sus hijas en Valdesoto.\" data-voc-vtm-id=\"in-text-traffic\">\n<\/div><figcaption class=\"v-fc\">\n<span class=\"v-fc__t\"><br \/>\nLa reina Letizia junto al rey Felipe VI y sus hijas en Valdesoto.<br \/>\n<\/span><br \/>\n<span class=\"v-fc__p\"><br \/>\nlimited pictures<br \/>\n<\/span><br \/>\n<\/figcaption><\/div>\n<\/div>\n<\/article>\n<\/div>\n<\/div>\n<p class=\"voc-paragraph\">Para la ocasi\u00f3n, la reina Letizia ha querido lucir <strong>un look lleno de b\u00e1sicos.<\/strong> Para ello, la monarca ha querido apostar por unos vaqueros en azul oscuro y ligeramente fluidos que ayudan a alargar la silueta. Para seguir con este look c\u00f3modo y elegante, ha querido incorporar una chaqueta corta en color azul marino.<\/p>\n<p class=\"voc-paragraph\">Est\u00e1 claro que <strong>el azul<\/strong> es uno de los colores b\u00e1sicos preferidos de la reina Letizia donde se siente muy c\u00f3moda tan en actos de gala como en otros m\u00e1s informales. As\u00ed lo ha demostrado de nuevo en su visita a Valdesoto con un impecable look en azul marino.<\/p>\n<div class=\"v-c-cmp \">\n<div class=\"v-cmp-m v-cmp-m--t1\">\n<article class=\"v-a v-a--cmp-m v-c-cmp--m-p\">\n<div class=\"v-a-img-c v-a-img-c--fw-xs\">\n<div class=\"v-a-fig\">\n<div class=\"v-a-link\">\n<img loading=\"lazy\" src=\"http:\/\/cordobainforma.info\/wp-content\/uploads\/2025\/10\/la-reina-letizia-en-la-visita-al-pueblo-ejemplar-de-asturias-cardigan-azul-y-el-guino-a-su-zapatero-de-confianza-4.jpg\" class=\"v-a-img\" width=\"650\" height=\"975\" alt=\"La reina Letizia con zapatos de suela track de Pedro Garc\u00eda.\" data-voc-vtm-id=\"in-text-traffic\">\n<\/div><figcaption class=\"v-fc\">\n<span class=\"v-fc__t\"><br \/>\nLa reina Letizia con zapatos de suela track de Pedro Garc\u00eda.<br \/>\n<\/span><br \/>\n<span class=\"v-fc__p\"><br \/>\nlimited pictures<br \/>\n<\/span><br \/>\n<\/figcaption><\/div>\n<\/div>\n<\/article>\n<\/div>\n<\/div>\n<p class=\"voc-paragraph\">Eso s\u00ed, est\u00e1 claro que a la reina Letizia le gusta estar al tanto de las tendencias y, por eso, no ha faltado ese toque de moda en su look. Para ello, ha querido recurrir al que se ha convertido desde hace meses en su zapatero de confianza. Hablamos de <strong>la firma Pedro Garc\u00eda.<\/strong><\/p>\n<p class=\"voc-paragraph\">Durante el verano pudimos ver a la soberana luciendo varias sandalias de la firma, y parece que en esta ocasi\u00f3n tambi\u00e9n ha querido recurrir a la firma con un zapato de la nueva colecci\u00f3n. En concreto son<strong> unos zapatos con suela track;<\/strong> uno de los dise\u00f1os que m\u00e1s utiliza la reina Letizia cuando va en planos.<\/p>\n<p class=\"voc-paragraph\">Se trata del mocasi\u00f3n Soe. Es <strong>un mocasi\u00f3n con forro de lana y cordones de algod\u00f3n.<\/strong> Cuenta con una suela ultra c\u00f3moda y ligera. La altura del tac\u00f3n no es mucha, pero lo suficiente para ganar algo de altura y estilizar la figura. Es un calzado con interior muy c\u00e1lido y perfecto para el invierno. <\/p>\n<p class=\"voc-paragraph\">Estos zapatos se han convertido en los m\u00e1s deseados por la reina Letizia \u00faltimamente. Este dise\u00f1o de nueva colecci\u00f3n es un modelo en color camel con tejido de ante y <strong>disponible ya en la web de la firma por 450 euros. <\/strong><\/p>\n<p class=\"voc-paragraph\">En cuanto al look beauty de la reina Letizia, en esta ocasi\u00f3n ha querido ir m\u00e1s natural y con <strong>una melena lisa sencilla.<\/strong> Un peinado diferente al que ve\u00edamos en los Premios Princesa de Asturias con coleta alta y dise\u00f1o pulido.<\/p>\n<div class=\"v-c-cmp v-c-cmp--t1 \">\n<div class=\"v-cmp-rld v-cmp-rld--2 \">\n<div class=\"v-cnt-m v-cnt-m--m\">\n<div class=\"v-cnt-m__c\">\n<div class=\"v-cnt-m__w v-cnt-m__w--1\">\n<p class=\"v-cnt-m__t\">\nTAMBI\u00c9N TE INTERESA\n<\/p>\n<\/div>\n<\/div>\n<\/div>\n<div class=\"v-g v-g--2-c v-g--bdr-min-xs\">\n<div class=\"v-g__c \">\n<article class=\"v-a v-a--cmp-rld v-a--cmp-rld-2 v-a--p-l\">\n<div class=\"v-a-img-c\">\n<figure class=\"v-a-fig\">\n<a href=\"https:\/\/www.mujerhoy.com\/moda\/no-te-pierdas\/infanta-sofia-premios-princesa-asturias-vestido-granate-miphai-20251024184930-nt.html#vtm_modulosEngag=mod-rel:moda:noticia:1:cmp:2-not\" class=\"v-a-link\" title=\"La infanta Sof\u00eda en los Premios Princesa de Asturias con el vestido viral made in Spain que conquista a las invitadas de oto\u00f1o\"><br \/>\n<img loading=\"lazy\" class=\"v-a-img\" src=\"http:\/\/cordobainforma.info\/wp-content\/uploads\/2025\/10\/la-reina-letizia-en-la-visita-al-pueblo-ejemplar-de-asturias-cardigan-azul-y-el-guino-a-su-zapatero-de-confianza-5.jpg\" alt=\"La infanta Sof\u00eda en los Premios Princesa de Asturias con el vestido viral made in Spain que conquista a las invitadas de oto\u00f1o\"><br \/>\n<\/a><br \/>\n<\/figure>\n<\/div>\n<\/article>\n<\/div>\n<div class=\"v-g__c \">\n<article class=\"v-a v-a--cmp-rld v-a--cmp-rld-2 v-a--p-l\">\n<div class=\"v-a-img-c\">\n<figure class=\"v-a-fig\">\n<a href=\"https:\/\/www.mujerhoy.com\/moda\/no-te-pierdas\/infanta-sofia-mejor-vestida-traje-rojo-audiencias-premios-princesa-de-asturias-20251024114659-nt.html#vtm_modulosEngag=mod-rel:moda:noticia:2:cmp:2-not\" class=\"v-a-link\" title=\"La infanta Sof\u00eda vuelve a ser la mejor vestida: guap\u00edsima de rojo en las audiencias de los Premios Princesa de Asturias\"><br \/>\n<img loading=\"lazy\" class=\"v-a-img\" src=\"http:\/\/cordobainforma.info\/wp-content\/uploads\/2025\/10\/la-reina-letizia-en-la-visita-al-pueblo-ejemplar-de-asturias-cardigan-azul-y-el-guino-a-su-zapatero-de-confianza-6.jpg\" alt=\"La infanta Sof\u00eda vuelve a ser la mejor vestida: guap\u00edsima de rojo en las audiencias de los Premios Princesa de Asturias\"><br \/>\n<\/a><br \/>\n<\/figure>\n<\/div>\n<\/article>\n<\/div>\n<\/div>\n<\/div>\n<\/div>\n","protected":false},"excerpt":{"rendered":"<p>La reina Letizia vuelve a casa, y eso siempre se nota. Despu\u00e9s de convertirse en una de las grandes protagonistas de los Premios Princesa de Asturias 2025 gracias a su espectacular vestido negro con transparencias firmado por Sybilla, la monarca ha vuelto a cambiar de registro para asistir a una de las citas m\u00e1s emotivas [&hellip;]<\/p>\n","protected":false},"author":1,"featured_media":172124,"comment_status":"closed","ping_status":"closed","sticky":false,"template":"","format":"standard","meta":[],"categories":[24],"tags":[],"_links":{"self":[{"href":"http:\/\/cordobainforma.info\/index.php\/wp-json\/wp\/v2\/posts\/172123"}],"collection":[{"href":"http:\/\/cordobainforma.info\/index.php\/wp-json\/wp\/v2\/posts"}],"about":[{"href":"http:\/\/cordobainforma.info\/index.php\/wp-json\/wp\/v2\/types\/post"}],"author":[{"embeddable":true,"href":"http:\/\/cordobainforma.info\/index.php\/wp-json\/wp\/v2\/users\/1"}],"replies":[{"embeddable":true,"href":"http:\/\/cordobainforma.info\/index.php\/wp-json\/wp\/v2\/comments?post=172123"}],"version-history":[{"count":0,"href":"http:\/\/cordobainforma.info\/index.php\/wp-json\/wp\/v2\/posts\/172123\/revisions"}],"wp:featuredmedia":[{"embeddable":true,"href":"http:\/\/cordobainforma.info\/index.php\/wp-json\/wp\/v2\/media\/172124"}],"wp:attachment":[{"href":"http:\/\/cordobainforma.info\/index.php\/wp-json\/wp\/v2\/media?parent=172123"}],"wp:term":[{"taxonomy":"category","embeddable":true,"href":"http:\/\/cordobainforma.info\/index.php\/wp-json\/wp\/v2\/categories?post=172123"},{"taxonomy":"post_tag","embeddable":true,"href":"http:\/\/cordobainforma.info\/index.php\/wp-json\/wp\/v2\/tags?post=172123"}],"curies":[{"name":"wp","href":"https:\/\/api.w.org\/{rel}","templated":true}]}}