{"id":172112,"date":"2025-10-25T11:51:23","date_gmt":"2025-10-25T11:51:23","guid":{"rendered":"http:\/\/cordobainforma.info\/index.php\/2025\/10\/25\/diluvio-en-la-ciudad-y-el-conurbano-se-acumularon-mas-de-110-milimetros-y-se-inundo-la-general-paz\/"},"modified":"2025-10-25T11:51:23","modified_gmt":"2025-10-25T11:51:23","slug":"diluvio-en-la-ciudad-y-el-conurbano-se-acumularon-mas-de-110-milimetros-y-se-inundo-la-general-paz","status":"publish","type":"post","link":"http:\/\/cordobainforma.info\/index.php\/2025\/10\/25\/diluvio-en-la-ciudad-y-el-conurbano-se-acumularon-mas-de-110-milimetros-y-se-inundo-la-general-paz\/","title":{"rendered":"Diluvio en la Ciudad y el conurbano: se acumularon m\u00e1s de 110 mil\u00edmetros y se inund\u00f3 la General Paz"},"content":{"rendered":"<div class=\"media_block\"><\/div>\n<div><img src=\"http:\/\/cordobainforma.info\/wp-content\/uploads\/2025\/10\/diluvio-en-la-ciudad-y-el-conurbano-se-acumularon-mas-de-110-milimetros-y-se-inundo-la-general-paz.jpg\" class=\"ff-og-image-inserted\"><\/div>\n<p>Las intensas precipitaciones que afectaron la regi\u00f3n del \u00c1rea Metropolitana de Buenos Aires (AMBA) durante esta madrugada <strong>generaron un escenario de anegamientos, cortes de energ\u00eda y preocupaci\u00f3n.<\/strong><\/p>\n<p><strong>La abundante ca\u00edda de agua provoc\u00f3 inundaciones en varios municipios del conurbano bonaerense<\/strong> y fallas en el suministro el\u00e9ctrico en distintos barrios de la Ciudad de Buenos Aires.<\/p>\n<p>El Observatorio Central Buenos Aires cont\u00f3 un acumulado de <strong>111,5 mm.<\/strong> a las 8 de la ma\u00f1ana de este s\u00e1bado. Una de las escenas que m\u00e1s circularon en los videos fue la de la<strong> avenida General Paz cubierta por el agua <\/strong>en varios tramos.<\/p>\n<div class=\"subscription\" readability=\"6.683257918552\">\n<p> Esto no les gusta a los autoritarios <\/p>\n<div class=\"subscription__container\" readability=\"6.1467391304348\">\n<div class=\"subscription__text-wrapper\" readability=\"31.20652173913\">\n<p> El ejercicio del periodismo profesional y cr\u00edtico es un pilar fundamental de la democracia. Por eso molesta a quienes creen ser los due\u00f1os de la verdad. <\/p>\n<\/p><\/div><\/div><\/div>\n<p>Las lluvias, que no dan tregua, <strong>afectaron severamente a localidades como San Mart\u00edn y Lan\u00fas, que se encuentran entre los municipios m\u00e1s afectados<\/strong>.<\/p>\n<p>En la Ciudad de Buenos Aires, <strong>el Ente Regulador de la Electricidad (ENRE) inform\u00f3 que, en el amanecer del s\u00e1bado hab\u00eda 16 mil familias sin luz<\/strong>.<\/p>\n<p>Los barrios que registran el mayor impacto en el servicio son <strong>Flores, Floresta, Parque Avellaneda, Villa General Mitre y Villa Santa Rita<\/strong>.<\/p>\n<p><strong>Las autoridades mantienen una alerta meteorol\u00f3gica de nivel naranja en varias provincias<\/strong>, y se anticipa que las precipitaciones seguir\u00e1n por la tarde.<\/p>\n<p>Seg\u00fan el Servicio Meteorol\u00f3gico Nacional (SMN), <strong>para el resto de la jornada se esperan lluvias leves durante la tarde, con una probabilidad de precipitaciones que continuar\u00e1 hasta la noche<\/strong>. La temperatura m\u00e1xima estimada para la Ciudad de Buenos Aires es de 19\u00b0 y se prev\u00e9n vientos moderados del sur.<\/p>\n<p>Con informaci\u00f3n de la agencia Noticias Argentinas<\/p>\n<p>En desarrollo&#8230; <\/p>\n","protected":false},"excerpt":{"rendered":"<p>Las intensas precipitaciones que afectaron la regi\u00f3n del \u00c1rea Metropolitana de Buenos Aires (AMBA) durante esta madrugada generaron un escenario de anegamientos, cortes de energ\u00eda y preocupaci\u00f3n. La abundante ca\u00edda de agua provoc\u00f3 inundaciones en varios municipios del conurbano bonaerense y fallas en el suministro el\u00e9ctrico en distintos barrios de la Ciudad de Buenos Aires. [&hellip;]<\/p>\n","protected":false},"author":1,"featured_media":172113,"comment_status":"closed","ping_status":"closed","sticky":false,"template":"","format":"standard","meta":[],"categories":[2],"tags":[],"_links":{"self":[{"href":"http:\/\/cordobainforma.info\/index.php\/wp-json\/wp\/v2\/posts\/172112"}],"collection":[{"href":"http:\/\/cordobainforma.info\/index.php\/wp-json\/wp\/v2\/posts"}],"about":[{"href":"http:\/\/cordobainforma.info\/index.php\/wp-json\/wp\/v2\/types\/post"}],"author":[{"embeddable":true,"href":"http:\/\/cordobainforma.info\/index.php\/wp-json\/wp\/v2\/users\/1"}],"replies":[{"embeddable":true,"href":"http:\/\/cordobainforma.info\/index.php\/wp-json\/wp\/v2\/comments?post=172112"}],"version-history":[{"count":0,"href":"http:\/\/cordobainforma.info\/index.php\/wp-json\/wp\/v2\/posts\/172112\/revisions"}],"wp:featuredmedia":[{"embeddable":true,"href":"http:\/\/cordobainforma.info\/index.php\/wp-json\/wp\/v2\/media\/172113"}],"wp:attachment":[{"href":"http:\/\/cordobainforma.info\/index.php\/wp-json\/wp\/v2\/media?parent=172112"}],"wp:term":[{"taxonomy":"category","embeddable":true,"href":"http:\/\/cordobainforma.info\/index.php\/wp-json\/wp\/v2\/categories?post=172112"},{"taxonomy":"post_tag","embeddable":true,"href":"http:\/\/cordobainforma.info\/index.php\/wp-json\/wp\/v2\/tags?post=172112"}],"curies":[{"name":"wp","href":"https:\/\/api.w.org\/{rel}","templated":true}]}}