{"id":172052,"date":"2025-10-24T11:39:03","date_gmt":"2025-10-24T11:39:03","guid":{"rendered":"https:\/\/somoscordobeses.com\/2025\/10\/24\/puente-genil-reforzara-la-seguridad-con-mas-policia-local-y-guardia-civil-durante-la-campana-navidena\/"},"modified":"2025-10-24T11:39:03","modified_gmt":"2025-10-24T11:39:03","slug":"puente-genil-reforzara-la-seguridad-con-mas-policia-local-y-guardia-civil-durante-la-campana-navidena","status":"publish","type":"post","link":"http:\/\/cordobainforma.info\/index.php\/2025\/10\/24\/puente-genil-reforzara-la-seguridad-con-mas-policia-local-y-guardia-civil-durante-la-campana-navidena\/","title":{"rendered":"Puente Genil reforzar\u00e1 la seguridad con m\u00e1s Polic\u00eda Local y Guardia Civil durante la campa\u00f1a navide\u00f1a"},"content":{"rendered":"<div><img src=\"http:\/\/cordobainforma.info\/wp-content\/uploads\/2025\/10\/puente-genil-reforzara-la-seguridad-con-mas-policia-local-y-guardia-civil-durante-la-campana-navidena.jpg\" class=\"ff-og-image-inserted\"><\/div>\n<p>La proximidad de la <strong>campa\u00f1a navide\u00f1a<\/strong> ha puesto en marcha toda la maquinaria municipal en Puente Genil, especialmente en lo relativo a la <strong>seguridad ciudadana<\/strong>, ante la gran <strong>afluencia de visitantes<\/strong> que se espera durante las pr\u00f3ximas semanas. El municipio se prepara para recibir a miles de personas atra\u00eddas por su espectacular alumbrado navide\u00f1o, considerado <strong>uno de los m\u00e1s singulares <\/strong>de la provincia, lo que genera una notable concentraci\u00f3n de p\u00fablico, sobre todo los fines de semana.<\/p>\n<p>La concejala de Seguridad Ciudadana y Tr\u00e1fico, Tatiana Pozo, ha informado en rueda de prensa de las medidas adoptadas para garantizar el buen desarrollo de las fiestas y la seguridad de vecinos y visitantes. A <strong>diferencia del pasado a\u00f1o<\/strong>, cuando el Ayuntamiento opt\u00f3 por contratar <strong>seguridad privada<\/strong> para reforzar la vigilancia en las zonas m\u00e1s concurridas, en esta ocasi\u00f3n <strong>no se contar\u00e1 con este servicio<\/strong>.<\/p>\n<p>Pozo ha explicado que el dispositivo se reforzar\u00e1 mediante la presencia de hasta <strong>tres patrullas de la Polic\u00eda Local<\/strong> que velar\u00e1n por la seguridad en las calles del centro y en los principales puntos de afluencia. \u00abA pesar de no disponer de vigilancia privada, hemos articulado un operativo que garantizar\u00e1 una cobertura eficaz, especialmente los <strong>viernes y s\u00e1bados<\/strong>, cuando se espera mayor afluencia de p\u00fablico\u00bb, se\u00f1ala la edil.<\/p>\n<h2>Guardia Civil en aldeas y urbanizaciones<\/h2>\n<p>A este refuerzo se sumar\u00e1 la colaboraci\u00f3n de la Guardia Civil, cuyos efectivos has sido incrementados recientemente con seis agentes m\u00e1s durante un periodo de medio a\u00f1o. Este aumento de personal permitir\u00e1 que la <strong>Guardia Civil <\/strong>pueda centrarse en la <strong>vigilancia de las aldeas y urbanizaciones<\/strong> m\u00e1s diseminadas del t\u00e9rmino municipal, mientras la <strong>Polic\u00eda Local<\/strong> refuerza su presencia en el <strong>casco urbano<\/strong>.<\/p>\n<p>Seg\u00fan Pozo, el objetivo del dispositivo es doble: mantener la seguridad en el centro y zonas comerciales, garantizando una <strong>movilidad fluida y segura<\/strong>, y reforzar la vigilancia en el entorno rural, evitando as\u00ed que el incremento de visitantes en el n\u00facleo principal deje desatendidos otros puntos del municipio.<\/p>\n<h2>Protecci\u00f3n Civil y Tr\u00e1fico<\/h2>\n<p>\u00abQueremos que tanto los vecinos como quienes nos visitan disfruten de unas fiestas tranquilas y seguras\u00bb, insiste la concejala, que a\u00f1ade que el Ayuntamiento continuar\u00e1 coordinando el operativo con los distintos cuerpos y servicios implicados, como <strong>Protecci\u00f3n Civil<\/strong> y el \u00e1rea de Tr\u00e1fico.<\/p>\n<p>El alumbrado navide\u00f1o de Puente Genil, que cada a\u00f1o atrae a miles de personas, se ha convertido en <strong>uno de los grandes reclamos tur\u00edsticos <\/strong>de la comarca, por lo que el refuerzo del dispositivo de seguridad y movilidad es una de las <strong>prioridades <\/strong>del Ayuntamiento para esta campa\u00f1a.<\/p>\n","protected":false},"excerpt":{"rendered":"<p>La proximidad de la campa\u00f1a navide\u00f1a ha puesto en marcha toda la maquinaria municipal en Puente Genil, especialmente en lo relativo a la seguridad ciudadana, ante la gran afluencia de visitantes que se espera durante las pr\u00f3ximas semanas. El municipio se prepara para recibir a miles de personas atra\u00eddas por su espectacular alumbrado navide\u00f1o, considerado [&hellip;]<\/p>\n","protected":false},"author":1,"featured_media":172053,"comment_status":"closed","ping_status":"closed","sticky":false,"template":"","format":"standard","meta":[],"categories":[2],"tags":[],"_links":{"self":[{"href":"http:\/\/cordobainforma.info\/index.php\/wp-json\/wp\/v2\/posts\/172052"}],"collection":[{"href":"http:\/\/cordobainforma.info\/index.php\/wp-json\/wp\/v2\/posts"}],"about":[{"href":"http:\/\/cordobainforma.info\/index.php\/wp-json\/wp\/v2\/types\/post"}],"author":[{"embeddable":true,"href":"http:\/\/cordobainforma.info\/index.php\/wp-json\/wp\/v2\/users\/1"}],"replies":[{"embeddable":true,"href":"http:\/\/cordobainforma.info\/index.php\/wp-json\/wp\/v2\/comments?post=172052"}],"version-history":[{"count":0,"href":"http:\/\/cordobainforma.info\/index.php\/wp-json\/wp\/v2\/posts\/172052\/revisions"}],"wp:featuredmedia":[{"embeddable":true,"href":"http:\/\/cordobainforma.info\/index.php\/wp-json\/wp\/v2\/media\/172053"}],"wp:attachment":[{"href":"http:\/\/cordobainforma.info\/index.php\/wp-json\/wp\/v2\/media?parent=172052"}],"wp:term":[{"taxonomy":"category","embeddable":true,"href":"http:\/\/cordobainforma.info\/index.php\/wp-json\/wp\/v2\/categories?post=172052"},{"taxonomy":"post_tag","embeddable":true,"href":"http:\/\/cordobainforma.info\/index.php\/wp-json\/wp\/v2\/tags?post=172052"}],"curies":[{"name":"wp","href":"https:\/\/api.w.org\/{rel}","templated":true}]}}